{"id":11439,"date":"2026-01-25T23:11:13","date_gmt":"2026-01-25T22:11:13","guid":{"rendered":"https:\/\/fotografovanie.eu\/?p=11439"},"modified":"2026-01-25T23:11:14","modified_gmt":"2026-01-25T22:11:14","slug":"ako-fotit-firemne-portrety-pozy-svetlo-a-profesionalny-dojem","status":"publish","type":"post","link":"https:\/\/fotografovanie.eu\/en\/ako-fotit-firemne-portrety-pozy-svetlo-a-profesionalny-dojem\/","title":{"rendered":"Ako foti\u0165 firemn\u00e9 portr\u00e9ty: p\u00f3zy, svetlo a profesion\u00e1lny dojem"},"content":{"rendered":"<article>\n\n<p>Firemn\u00e9 portr\u00e9ty s\u00fa \u0161pecifick\u00e1 discipl\u00edna. Klienti chc\u00fa p\u00f4sobi\u0165 profesion\u00e1lne, no z\u00e1rove\u0148 prirodzene. \u00dalohou fotografa je n\u00e1js\u0165 rovnov\u00e1hu medzi oboma svetmi.<\/p>\n\n<p>Dobr\u00e9 firemn\u00e9 portr\u00e9ty m\u00f4\u017eu otvori\u0165 dvere k stabiln\u00fdm z\u00e1kazk\u00e1m.<\/p>\n\n<h2>Pr\u00edprava pred foten\u00edm<\/h2>\n\n<p>Po\u0161li klientovi kr\u00e1tky brief:<\/p>\n\n<ul>\n<li>\u010do si obliec\u0165<\/li>\n<li>kde sa bude foti\u0165<\/li>\n<li>ako dlho to potrv\u00e1<\/li>\n<\/ul>\n\n<h2>Svetlo je z\u00e1klad<\/h2>\n\n<p>Ide\u00e1lne je prirodzen\u00e9 svetlo z okna zboku.<\/p>\n\n<p>Ak rie\u0161i\u0161 zmie\u0161an\u00e9 svetlo v kancel\u00e1rii, pom\u00f4\u017ee <a href=\"\/en\/ako-zvladnut-zmiesane-svetlo-okno-ziarovka-bez-farebnych-problemov\/\">Ako zvl\u00e1dnu\u0165 zmie\u0161an\u00e9 svetlo: okno + \u017eiarovka bez farebn\u00fdch probl\u00e9mov<\/a>.<\/p>\n\n<h2>Jednoduch\u00e9 p\u00f3zy<\/h2>\n\n<ul>\n<li>mierny n\u00e1klon tela<\/li>\n<li>ruky vo\u013ene pri tele alebo prekr\u00ed\u017een\u00e9<\/li>\n<li>jemn\u00fd \u00fasmev<\/li>\n<\/ul>\n\n<h2>Pozadie dr\u017e \u010dist\u00e9<\/h2>\n\n<p>Menej je viac. Stena alebo kancel\u00e1rsky priestor bez chaosu.<\/p>\n\n<h2>Nastavenia fotoapar\u00e1tu<\/h2>\n\n<ul>\n<li>clona f\/2.8 \u2013 f\/4<\/li>\n<li>\u010das aspo\u0148 1\/200<\/li>\n<li>ISO pod\u013ea svetla<\/li>\n<\/ul>\n\n<p>Detailnej\u0161ie nastavenia rie\u0161ime v <a href=\"\/en\/nastavenia-fotoaparatu-pre-portrety-iso-clona-a-cas-v-realnych-situaciach\/\">Nastavenia fotoapar\u00e1tu pre portr\u00e9ty: ISO, clona a \u010das v re\u00e1lnych situ\u00e1ci\u00e1ch<\/a>.<\/p>\n\n<h2>Vedenie klienta<\/h2>\n\n<p>Firemn\u00ed klienti b\u00fdvaj\u00fa nerv\u00f3zni. Vysvet\u013euj jednoducho a pokojne.<\/p>\n\n<p>Postup n\u00e1jde\u0161 v <a href=\"\/en\/ako-viest-klienta-pocas-fotenia-komunikacia-pozy-a-psychologia\/\">Ako vies\u0165 klienta po\u010das fotenia: komunik\u00e1cia, p\u00f3zy a psychol\u00f3gia<\/a>.<\/p>\n\n<h2>Uk\u00e1\u017e n\u00e1h\u013ead<\/h2>\n\n<p>Kr\u00e1tke pozretie na displej dod\u00e1 istotu.<\/p>\n\n<h2>\u00daprava portr\u00e9tov<\/h2>\n\n<p>Minimalistick\u00e1 retu\u0161. Cie\u013e je profesion\u00e1lny vzh\u013ead, nie m\u00f3dny editori\u00e1l.<\/p>\n\n<p>Workflow m\u00e1\u0161 v <a href=\"\/en\/ako-upravovat-portrety-prirodzene-workflow-v-lightroome-krok-za-krokom\/\">Ako upravova\u0165 portr\u00e9ty prirodzene: workflow v Lightroome krok za krokom<\/a>.<\/p>\n\n<!-- CTA -->\n<section class=\"download-contract\" aria-label=\"Zmluva o poskytnut\u00ed fotografick\u00fdch slu\u017eieb na stiahnutie\">\n  <div class=\"download-contract__wrap\">\n    <h2>Zmluva o poskytnut\u00ed fotografick\u00fdch slu\u017eieb (zadarmo na stiahnutie)<\/h2>\n\n    <p>\n      Firemn\u00e9 fotenia vy\u017eaduj\u00fa jasn\u00e9 podmienky spolupr\u00e1ce.\n      Pripravil som univerz\u00e1lny vzor zmluvy pre fotografov.\n    <\/p>\n\n    <ul>\n      <li>\u2705 rozsah slu\u017eieb<\/li>\n      <li>\u2705 cena a term\u00edny<\/li>\n      <li>\u2705 licen\u010dn\u00e9 podmienky<\/li>\n      <li>\u2705 Google Docs verzia<\/li>\n    <\/ul>\n\n    <p class=\"download-contract__actions\">\n      <a class=\"download-contract__btn\"\n         href=\"https:\/\/docs.google.com\/document\/d\/1zhv9w3m7RCAuUugx9nmUYrpd6ol2FQtrO7skTRrCFKw\/edit?usp=sharing\"\n         target=\"_blank\" rel=\"noopener\">\n        \ud83d\udcc4 Stiahnu\u0165 zmluvu o foten\u00ed zadarmo\n      <\/a>\n    <\/p>\n\n    <p class=\"download-contract__note\">\n      Tip: Po otvoren\u00ed klikni na <strong>S\u00fabor \u2192 Vytvori\u0165 k\u00f3piu<\/strong>.\n    <\/p>\n  <\/div>\n<\/section>\n\n<h2>Naj\u010dastej\u0161ie chyby pri firemn\u00fdch portr\u00e9toch<\/h2>\n\n<ul>\n<li>tvrd\u00e9 svetlo zhora<\/li>\n<li>chaotick\u00e9 pozadie<\/li>\n<li>pr\u00edli\u0161 form\u00e1lne p\u00f3zy<\/li>\n<li>preh\u00e1\u0148an\u00e1 retu\u0161<\/li>\n<\/ul>\n\n<p>Firemn\u00fd portr\u00e9t m\u00e1 p\u00f4sobi\u0165 d\u00f4veryhodne.<\/p>\n\n<section class=\"faq\">\n\n<h2>FAQ \u2013 naj\u010dastej\u0161ie ot\u00e1zky<\/h2>\n\n<details>\n<summary>Ko\u013eko \u010dasu si vyhradi\u0165 na jednu osobu?<\/summary>\n<p>10\u201315 min\u00fat \u00faplne sta\u010d\u00ed.<\/p>\n<\/details>\n\n<details>\n<summary>M\u00e1m pou\u017e\u00edva\u0165 blesk?<\/summary>\n<p>Nie je nutn\u00e9, okno \u010dasto posta\u010d\u00ed.<\/p>\n<\/details>\n\n<details>\n<summary>Ako dosiahnu\u0165 prirodzen\u00fd \u00fasmev?<\/summary>\n<p>Kr\u00e1tky rozhovor pred foten\u00edm.<\/p>\n<\/details>\n\n<details>\n<summary>M\u00e1m robi\u0165 skupinov\u00e9 portr\u00e9ty?<\/summary>\n<p>\u00c1no, ak si to klient \u017eel\u00e1.<\/p>\n<\/details>\n\n<\/section>\n\n<\/article>","protected":false},"excerpt":{"rendered":"<p>Firemn\u00e9 portr\u00e9ty s\u00fa \u0161pecifick\u00e1 discipl\u00edna. Klienti chc\u00fa p\u00f4sobi\u0165 profesion\u00e1lne, no z\u00e1rove\u0148 prirodzene. \u00dalohou fotografa je n\u00e1js\u0165 rovnov\u00e1hu medzi oboma svetmi. Dobr\u00e9 firemn\u00e9 portr\u00e9ty m\u00f4\u017eu otvori\u0165 dvere k stabiln\u00fdm z\u00e1kazk\u00e1m. Pr\u00edprava pred foten\u00edm Po\u0161li klientovi kr\u00e1tky brief: \u010do si obliec\u0165 kde sa bude foti\u0165 ako dlho to potrv\u00e1 Svetlo je z\u00e1klad Ide\u00e1lne je prirodzen\u00e9 svetlo z [&#8230;]\n","protected":false},"author":4,"featured_media":11283,"comment_status":"closed","ping_status":"closed","sticky":false,"template":"","format":"standard","meta":{"footnotes":""},"categories":[1,40,5],"tags":[94],"class_list":["post-11439","post","type-post","status-publish","format-standard","has-post-thumbnail","hentry","category-nezaradene","category-style","category-fotografovanie","tag-techniky-fotenia"],"yoast_head":"<!-- This site is optimized with the Yoast SEO plugin v27.4 - https:\/\/yoast.com\/product\/yoast-seo-wordpress\/ -->\n<title>Ako foti\u0165 firemn\u00e9 portr\u00e9ty: p\u00f3zy, svetlo a profesion\u00e1lny dojem \u2013 Fotografovanie.eu<\/title>\n<meta name=\"description\" content=\"Firemn\u00e9 portr\u00e9ty s\u00fa \u0161pecifick\u00e1 discipl\u00edna. Klienti chc\u00fa p\u00f4sobi\u0165 profesion\u00e1lne, no z\u00e1rove\u0148 prirodzene. \u00dalohou fotografa je n\u00e1js\u0165 rovnov\u00e1hu medzi oboma Praktick\u00e9 tipy, n\u00e1vody a trendy zo sveta fotografie. Praktick\u00fd sprievodca foten\u00edm firemn\u00fdch portr\u00e9tov. P\u00f3zy, svetlo a tipy, ako dosiahnu\u0165 profesion\u00e1lny vzh\u013ead bez stresu.\" \/>\n<meta name=\"robots\" content=\"index, follow, max-snippet:-1, max-image-preview:large, max-video-preview:-1\" \/>\n<link rel=\"canonical\" href=\"https:\/\/fotografovanie.eu\/en\/ako-fotit-firemne-portrety-pozy-svetlo-a-profesionalny-dojem\/\" \/>\n<meta property=\"og:locale\" content=\"en_GB\" \/>\n<meta property=\"og:type\" content=\"article\" \/>\n<meta property=\"og:title\" content=\"Ako foti\u0165 firemn\u00e9 portr\u00e9ty: p\u00f3zy, svetlo a profesion\u00e1lny dojem \u2013 Fotografovanie.eu\" \/>\n<meta property=\"og:description\" content=\"Firemn\u00e9 portr\u00e9ty s\u00fa \u0161pecifick\u00e1 discipl\u00edna. Klienti chc\u00fa p\u00f4sobi\u0165 profesion\u00e1lne, no z\u00e1rove\u0148 prirodzene. \u00dalohou fotografa je n\u00e1js\u0165 rovnov\u00e1hu medzi oboma Praktick\u00e9 tipy, n\u00e1vody a trendy zo sveta fotografie. Praktick\u00fd sprievodca foten\u00edm firemn\u00fdch portr\u00e9tov. P\u00f3zy, svetlo a tipy, ako dosiahnu\u0165 profesion\u00e1lny vzh\u013ead bez stresu.\" \/>\n<meta property=\"og:url\" content=\"https:\/\/fotografovanie.eu\/en\/ako-fotit-firemne-portrety-pozy-svetlo-a-profesionalny-dojem\/\" \/>\n<meta property=\"og:site_name\" content=\"Modern\u00fd magaz\u00edn o fotografii\" \/>\n<meta property=\"article:published_time\" content=\"2026-01-25T22:11:13+00:00\" \/>\n<meta property=\"article:modified_time\" content=\"2026-01-25T22:11:14+00:00\" \/>\n<meta property=\"og:image\" content=\"https:\/\/fotografovanie.eu\/wp-content\/uploads\/2026\/01\/d391eab667fd106d741f3cd104646d7d4a7e261affb33cdee230576f1d2453ae.jpg\" \/>\n\t<meta property=\"og:image:width\" content=\"1024\" \/>\n\t<meta property=\"og:image:height\" content=\"1536\" \/>\n\t<meta property=\"og:image:type\" content=\"image\/jpeg\" \/>\n<meta name=\"author\" content=\"fotograf\" \/>\n<meta name=\"twitter:card\" content=\"summary_large_image\" \/>\n<meta name=\"twitter:label1\" content=\"Written by\" \/>\n\t<meta name=\"twitter:data1\" content=\"fotograf\" \/>\n\t<meta name=\"twitter:label2\" content=\"Estimated reading time\" \/>\n\t<meta name=\"twitter:data2\" content=\"1 minute\" \/>\n<script type=\"application\/ld+json\" class=\"yoast-schema-graph\">{\"@context\":\"https:\\\/\\\/schema.org\",\"@graph\":[{\"@type\":\"Article\",\"@id\":\"https:\\\/\\\/fotografovanie.eu\\\/ako-fotit-firemne-portrety-pozy-svetlo-a-profesionalny-dojem\\\/#article\",\"isPartOf\":{\"@id\":\"https:\\\/\\\/fotografovanie.eu\\\/ako-fotit-firemne-portrety-pozy-svetlo-a-profesionalny-dojem\\\/\"},\"author\":{\"name\":\"fotograf\",\"@id\":\"https:\\\/\\\/fotografovanie.eu\\\/#\\\/schema\\\/person\\\/b61f1c3bde5c2b19f8d96cf591b65d4b\"},\"headline\":\"Ako foti\u0165 firemn\u00e9 portr\u00e9ty: p\u00f3zy, svetlo a profesion\u00e1lny dojem\",\"datePublished\":\"2026-01-25T22:11:13+00:00\",\"dateModified\":\"2026-01-25T22:11:14+00:00\",\"mainEntityOfPage\":{\"@id\":\"https:\\\/\\\/fotografovanie.eu\\\/ako-fotit-firemne-portrety-pozy-svetlo-a-profesionalny-dojem\\\/\"},\"wordCount\":382,\"publisher\":{\"@id\":\"https:\\\/\\\/fotografovanie.eu\\\/#organization\"},\"image\":{\"@id\":\"https:\\\/\\\/fotografovanie.eu\\\/ako-fotit-firemne-portrety-pozy-svetlo-a-profesionalny-dojem\\\/#primaryimage\"},\"thumbnailUrl\":\"https:\\\/\\\/fotografovanie.eu\\\/wp-content\\\/uploads\\\/2026\\\/01\\\/d391eab667fd106d741f3cd104646d7d4a7e261affb33cdee230576f1d2453ae.webp\",\"keywords\":[\"techniky fotenia\"],\"articleSection\":[\"Fotografick\u00e9 in\u0161pir\u00e1cie\",\"Fotografick\u00e9 \u0161t\u00fdly\",\"Fotografovanie\"],\"inLanguage\":\"en-GB\"},{\"@type\":\"WebPage\",\"@id\":\"https:\\\/\\\/fotografovanie.eu\\\/ako-fotit-firemne-portrety-pozy-svetlo-a-profesionalny-dojem\\\/\",\"url\":\"https:\\\/\\\/fotografovanie.eu\\\/ako-fotit-firemne-portrety-pozy-svetlo-a-profesionalny-dojem\\\/\",\"name\":\"Ako foti\u0165 firemn\u00e9 portr\u00e9ty: p\u00f3zy, svetlo a profesion\u00e1lny dojem \u2013 Fotografovanie.eu\",\"isPartOf\":{\"@id\":\"https:\\\/\\\/fotografovanie.eu\\\/#website\"},\"primaryImageOfPage\":{\"@id\":\"https:\\\/\\\/fotografovanie.eu\\\/ako-fotit-firemne-portrety-pozy-svetlo-a-profesionalny-dojem\\\/#primaryimage\"},\"image\":{\"@id\":\"https:\\\/\\\/fotografovanie.eu\\\/ako-fotit-firemne-portrety-pozy-svetlo-a-profesionalny-dojem\\\/#primaryimage\"},\"thumbnailUrl\":\"https:\\\/\\\/fotografovanie.eu\\\/wp-content\\\/uploads\\\/2026\\\/01\\\/d391eab667fd106d741f3cd104646d7d4a7e261affb33cdee230576f1d2453ae.webp\",\"datePublished\":\"2026-01-25T22:11:13+00:00\",\"dateModified\":\"2026-01-25T22:11:14+00:00\",\"description\":\"Firemn\u00e9 portr\u00e9ty s\u00fa \u0161pecifick\u00e1 discipl\u00edna. Klienti chc\u00fa p\u00f4sobi\u0165 profesion\u00e1lne, no z\u00e1rove\u0148 prirodzene. \u00dalohou fotografa je n\u00e1js\u0165 rovnov\u00e1hu medzi oboma Praktick\u00e9 tipy, n\u00e1vody a trendy zo sveta fotografie. Praktick\u00fd sprievodca foten\u00edm firemn\u00fdch portr\u00e9tov. P\u00f3zy, svetlo a tipy, ako dosiahnu\u0165 profesion\u00e1lny vzh\u013ead bez stresu.\",\"breadcrumb\":{\"@id\":\"https:\\\/\\\/fotografovanie.eu\\\/ako-fotit-firemne-portrety-pozy-svetlo-a-profesionalny-dojem\\\/#breadcrumb\"},\"inLanguage\":\"en-GB\",\"potentialAction\":[{\"@type\":\"ReadAction\",\"target\":[\"https:\\\/\\\/fotografovanie.eu\\\/ako-fotit-firemne-portrety-pozy-svetlo-a-profesionalny-dojem\\\/\"]}]},{\"@type\":\"ImageObject\",\"inLanguage\":\"en-GB\",\"@id\":\"https:\\\/\\\/fotografovanie.eu\\\/ako-fotit-firemne-portrety-pozy-svetlo-a-profesionalny-dojem\\\/#primaryimage\",\"url\":\"https:\\\/\\\/fotografovanie.eu\\\/wp-content\\\/uploads\\\/2026\\\/01\\\/d391eab667fd106d741f3cd104646d7d4a7e261affb33cdee230576f1d2453ae.webp\",\"contentUrl\":\"https:\\\/\\\/fotografovanie.eu\\\/wp-content\\\/uploads\\\/2026\\\/01\\\/d391eab667fd106d741f3cd104646d7d4a7e261affb33cdee230576f1d2453ae.webp\",\"width\":1024,\"height\":1536,\"caption\":\"Portr\u00e9t \u017eeny fotografovan\u00fd cez sklenen\u00e9 okno s jemn\u00fdmi odrazmi mesta, vrstven\u00fd obraz so svetlami v pozad\u00ed\"},{\"@type\":\"BreadcrumbList\",\"@id\":\"https:\\\/\\\/fotografovanie.eu\\\/ako-fotit-firemne-portrety-pozy-svetlo-a-profesionalny-dojem\\\/#breadcrumb\",\"itemListElement\":[{\"@type\":\"ListItem\",\"position\":1,\"name\":\"Domov\",\"item\":\"https:\\\/\\\/fotografovanie.eu\\\/\"},{\"@type\":\"ListItem\",\"position\":2,\"name\":\"Ako foti\u0165 firemn\u00e9 portr\u00e9ty: p\u00f3zy, svetlo a profesion\u00e1lny dojem\"}]},{\"@type\":\"WebSite\",\"@id\":\"https:\\\/\\\/fotografovanie.eu\\\/#website\",\"url\":\"https:\\\/\\\/fotografovanie.eu\\\/\",\"name\":\"Modern\u00fd magaz\u00edn o fotografii\",\"description\":\"\",\"publisher\":{\"@id\":\"https:\\\/\\\/fotografovanie.eu\\\/#organization\"},\"potentialAction\":[{\"@type\":\"SearchAction\",\"target\":{\"@type\":\"EntryPoint\",\"urlTemplate\":\"https:\\\/\\\/fotografovanie.eu\\\/?s={search_term_string}\"},\"query-input\":{\"@type\":\"PropertyValueSpecification\",\"valueRequired\":true,\"valueName\":\"search_term_string\"}}],\"inLanguage\":\"en-GB\"},{\"@type\":\"Organization\",\"@id\":\"https:\\\/\\\/fotografovanie.eu\\\/#organization\",\"name\":\"Fotografovanie.eu\",\"alternateName\":\"Blog o fotografovan\u00ed\",\"url\":\"https:\\\/\\\/fotografovanie.eu\\\/\",\"logo\":{\"@type\":\"ImageObject\",\"inLanguage\":\"en-GB\",\"@id\":\"https:\\\/\\\/fotografovanie.eu\\\/#\\\/schema\\\/logo\\\/image\\\/\",\"url\":\"https:\\\/\\\/fotografovanie.eu\\\/wp-content\\\/uploads\\\/2026\\\/01\\\/cropped-0aaf3e3322a519e411873510629b829197a60c1506f5632424da96c13ebeedf4-2.webp\",\"contentUrl\":\"https:\\\/\\\/fotografovanie.eu\\\/wp-content\\\/uploads\\\/2026\\\/01\\\/cropped-0aaf3e3322a519e411873510629b829197a60c1506f5632424da96c13ebeedf4-2.webp\",\"width\":85,\"height\":62,\"caption\":\"Fotografovanie.eu\"},\"image\":{\"@id\":\"https:\\\/\\\/fotografovanie.eu\\\/#\\\/schema\\\/logo\\\/image\\\/\"}},{\"@type\":\"Person\",\"@id\":\"https:\\\/\\\/fotografovanie.eu\\\/#\\\/schema\\\/person\\\/b61f1c3bde5c2b19f8d96cf591b65d4b\",\"name\":\"fotograf\",\"image\":{\"@type\":\"ImageObject\",\"inLanguage\":\"en-GB\",\"@id\":\"https:\\\/\\\/secure.gravatar.com\\\/avatar\\\/9d9b62d4ef8f95cbb50bd1d4f4d90625767e3c665eec5470448cf0917c71e5a3?s=96&d=mm&r=g\",\"url\":\"https:\\\/\\\/secure.gravatar.com\\\/avatar\\\/9d9b62d4ef8f95cbb50bd1d4f4d90625767e3c665eec5470448cf0917c71e5a3?s=96&d=mm&r=g\",\"contentUrl\":\"https:\\\/\\\/secure.gravatar.com\\\/avatar\\\/9d9b62d4ef8f95cbb50bd1d4f4d90625767e3c665eec5470448cf0917c71e5a3?s=96&d=mm&r=g\",\"caption\":\"fotograf\"},\"url\":\"https:\\\/\\\/fotografovanie.eu\\\/en\\\/author\\\/fotograf\\\/\"}]}<\/script>\n<!-- \/ Yoast SEO plugin. -->","yoast_head_json":{"title":"Ako foti\u0165 firemn\u00e9 portr\u00e9ty: p\u00f3zy, svetlo a profesion\u00e1lny dojem \u2013 Fotografovanie.eu","description":"Firemn\u00e9 portr\u00e9ty s\u00fa \u0161pecifick\u00e1 discipl\u00edna. Klienti chc\u00fa p\u00f4sobi\u0165 profesion\u00e1lne, no z\u00e1rove\u0148 prirodzene. \u00dalohou fotografa je n\u00e1js\u0165 rovnov\u00e1hu medzi oboma Praktick\u00e9 tipy, n\u00e1vody a trendy zo sveta fotografie. Praktick\u00fd sprievodca foten\u00edm firemn\u00fdch portr\u00e9tov. P\u00f3zy, svetlo a tipy, ako dosiahnu\u0165 profesion\u00e1lny vzh\u013ead bez stresu.","robots":{"index":"index","follow":"follow","max-snippet":"max-snippet:-1","max-image-preview":"max-image-preview:large","max-video-preview":"max-video-preview:-1"},"canonical":"https:\/\/fotografovanie.eu\/en\/ako-fotit-firemne-portrety-pozy-svetlo-a-profesionalny-dojem\/","og_locale":"en_GB","og_type":"article","og_title":"Ako foti\u0165 firemn\u00e9 portr\u00e9ty: p\u00f3zy, svetlo a profesion\u00e1lny dojem \u2013 Fotografovanie.eu","og_description":"Firemn\u00e9 portr\u00e9ty s\u00fa \u0161pecifick\u00e1 discipl\u00edna. Klienti chc\u00fa p\u00f4sobi\u0165 profesion\u00e1lne, no z\u00e1rove\u0148 prirodzene. \u00dalohou fotografa je n\u00e1js\u0165 rovnov\u00e1hu medzi oboma Praktick\u00e9 tipy, n\u00e1vody a trendy zo sveta fotografie. Praktick\u00fd sprievodca foten\u00edm firemn\u00fdch portr\u00e9tov. P\u00f3zy, svetlo a tipy, ako dosiahnu\u0165 profesion\u00e1lny vzh\u013ead bez stresu.","og_url":"https:\/\/fotografovanie.eu\/en\/ako-fotit-firemne-portrety-pozy-svetlo-a-profesionalny-dojem\/","og_site_name":"Modern\u00fd magaz\u00edn o fotografii","article_published_time":"2026-01-25T22:11:13+00:00","article_modified_time":"2026-01-25T22:11:14+00:00","og_image":[{"width":1024,"height":1536,"url":"https:\/\/fotografovanie.eu\/wp-content\/uploads\/2026\/01\/d391eab667fd106d741f3cd104646d7d4a7e261affb33cdee230576f1d2453ae.jpg","type":"image\/jpeg"}],"author":"fotograf","twitter_card":"summary_large_image","twitter_misc":{"Written by":"fotograf","Estimated reading time":"1 minute"},"schema":{"@context":"https:\/\/schema.org","@graph":[{"@type":"Article","@id":"https:\/\/fotografovanie.eu\/ako-fotit-firemne-portrety-pozy-svetlo-a-profesionalny-dojem\/#article","isPartOf":{"@id":"https:\/\/fotografovanie.eu\/ako-fotit-firemne-portrety-pozy-svetlo-a-profesionalny-dojem\/"},"author":{"name":"fotograf","@id":"https:\/\/fotografovanie.eu\/#\/schema\/person\/b61f1c3bde5c2b19f8d96cf591b65d4b"},"headline":"Ako foti\u0165 firemn\u00e9 portr\u00e9ty: p\u00f3zy, svetlo a profesion\u00e1lny dojem","datePublished":"2026-01-25T22:11:13+00:00","dateModified":"2026-01-25T22:11:14+00:00","mainEntityOfPage":{"@id":"https:\/\/fotografovanie.eu\/ako-fotit-firemne-portrety-pozy-svetlo-a-profesionalny-dojem\/"},"wordCount":382,"publisher":{"@id":"https:\/\/fotografovanie.eu\/#organization"},"image":{"@id":"https:\/\/fotografovanie.eu\/ako-fotit-firemne-portrety-pozy-svetlo-a-profesionalny-dojem\/#primaryimage"},"thumbnailUrl":"https:\/\/fotografovanie.eu\/wp-content\/uploads\/2026\/01\/d391eab667fd106d741f3cd104646d7d4a7e261affb33cdee230576f1d2453ae.webp","keywords":["techniky fotenia"],"articleSection":["Fotografick\u00e9 in\u0161pir\u00e1cie","Fotografick\u00e9 \u0161t\u00fdly","Fotografovanie"],"inLanguage":"en-GB"},{"@type":"WebPage","@id":"https:\/\/fotografovanie.eu\/ako-fotit-firemne-portrety-pozy-svetlo-a-profesionalny-dojem\/","url":"https:\/\/fotografovanie.eu\/ako-fotit-firemne-portrety-pozy-svetlo-a-profesionalny-dojem\/","name":"Ako foti\u0165 firemn\u00e9 portr\u00e9ty: p\u00f3zy, svetlo a profesion\u00e1lny dojem \u2013 Fotografovanie.eu","isPartOf":{"@id":"https:\/\/fotografovanie.eu\/#website"},"primaryImageOfPage":{"@id":"https:\/\/fotografovanie.eu\/ako-fotit-firemne-portrety-pozy-svetlo-a-profesionalny-dojem\/#primaryimage"},"image":{"@id":"https:\/\/fotografovanie.eu\/ako-fotit-firemne-portrety-pozy-svetlo-a-profesionalny-dojem\/#primaryimage"},"thumbnailUrl":"https:\/\/fotografovanie.eu\/wp-content\/uploads\/2026\/01\/d391eab667fd106d741f3cd104646d7d4a7e261affb33cdee230576f1d2453ae.webp","datePublished":"2026-01-25T22:11:13+00:00","dateModified":"2026-01-25T22:11:14+00:00","description":"Firemn\u00e9 portr\u00e9ty s\u00fa \u0161pecifick\u00e1 discipl\u00edna. Klienti chc\u00fa p\u00f4sobi\u0165 profesion\u00e1lne, no z\u00e1rove\u0148 prirodzene. \u00dalohou fotografa je n\u00e1js\u0165 rovnov\u00e1hu medzi oboma Praktick\u00e9 tipy, n\u00e1vody a trendy zo sveta fotografie. Praktick\u00fd sprievodca foten\u00edm firemn\u00fdch portr\u00e9tov. P\u00f3zy, svetlo a tipy, ako dosiahnu\u0165 profesion\u00e1lny vzh\u013ead bez stresu.","breadcrumb":{"@id":"https:\/\/fotografovanie.eu\/ako-fotit-firemne-portrety-pozy-svetlo-a-profesionalny-dojem\/#breadcrumb"},"inLanguage":"en-GB","potentialAction":[{"@type":"ReadAction","target":["https:\/\/fotografovanie.eu\/ako-fotit-firemne-portrety-pozy-svetlo-a-profesionalny-dojem\/"]}]},{"@type":"ImageObject","inLanguage":"en-GB","@id":"https:\/\/fotografovanie.eu\/ako-fotit-firemne-portrety-pozy-svetlo-a-profesionalny-dojem\/#primaryimage","url":"https:\/\/fotografovanie.eu\/wp-content\/uploads\/2026\/01\/d391eab667fd106d741f3cd104646d7d4a7e261affb33cdee230576f1d2453ae.webp","contentUrl":"https:\/\/fotografovanie.eu\/wp-content\/uploads\/2026\/01\/d391eab667fd106d741f3cd104646d7d4a7e261affb33cdee230576f1d2453ae.webp","width":1024,"height":1536,"caption":"Portr\u00e9t \u017eeny fotografovan\u00fd cez sklenen\u00e9 okno s jemn\u00fdmi odrazmi mesta, vrstven\u00fd obraz so svetlami v pozad\u00ed"},{"@type":"BreadcrumbList","@id":"https:\/\/fotografovanie.eu\/ako-fotit-firemne-portrety-pozy-svetlo-a-profesionalny-dojem\/#breadcrumb","itemListElement":[{"@type":"ListItem","position":1,"name":"Domov","item":"https:\/\/fotografovanie.eu\/"},{"@type":"ListItem","position":2,"name":"Ako foti\u0165 firemn\u00e9 portr\u00e9ty: p\u00f3zy, svetlo a profesion\u00e1lny dojem"}]},{"@type":"WebSite","@id":"https:\/\/fotografovanie.eu\/#website","url":"https:\/\/fotografovanie.eu\/","name":"Modern\u00fd magaz\u00edn o fotografii","description":"","publisher":{"@id":"https:\/\/fotografovanie.eu\/#organization"},"potentialAction":[{"@type":"SearchAction","target":{"@type":"EntryPoint","urlTemplate":"https:\/\/fotografovanie.eu\/?s={search_term_string}"},"query-input":{"@type":"PropertyValueSpecification","valueRequired":true,"valueName":"search_term_string"}}],"inLanguage":"en-GB"},{"@type":"Organization","@id":"https:\/\/fotografovanie.eu\/#organization","name":"Fotografovanie.eu","alternateName":"Blog o fotografovan\u00ed","url":"https:\/\/fotografovanie.eu\/","logo":{"@type":"ImageObject","inLanguage":"en-GB","@id":"https:\/\/fotografovanie.eu\/#\/schema\/logo\/image\/","url":"https:\/\/fotografovanie.eu\/wp-content\/uploads\/2026\/01\/cropped-0aaf3e3322a519e411873510629b829197a60c1506f5632424da96c13ebeedf4-2.webp","contentUrl":"https:\/\/fotografovanie.eu\/wp-content\/uploads\/2026\/01\/cropped-0aaf3e3322a519e411873510629b829197a60c1506f5632424da96c13ebeedf4-2.webp","width":85,"height":62,"caption":"Fotografovanie.eu"},"image":{"@id":"https:\/\/fotografovanie.eu\/#\/schema\/logo\/image\/"}},{"@type":"Person","@id":"https:\/\/fotografovanie.eu\/#\/schema\/person\/b61f1c3bde5c2b19f8d96cf591b65d4b","name":"fotograf","image":{"@type":"ImageObject","inLanguage":"en-GB","@id":"https:\/\/secure.gravatar.com\/avatar\/9d9b62d4ef8f95cbb50bd1d4f4d90625767e3c665eec5470448cf0917c71e5a3?s=96&d=mm&r=g","url":"https:\/\/secure.gravatar.com\/avatar\/9d9b62d4ef8f95cbb50bd1d4f4d90625767e3c665eec5470448cf0917c71e5a3?s=96&d=mm&r=g","contentUrl":"https:\/\/secure.gravatar.com\/avatar\/9d9b62d4ef8f95cbb50bd1d4f4d90625767e3c665eec5470448cf0917c71e5a3?s=96&d=mm&r=g","caption":"fotograf"},"url":"https:\/\/fotografovanie.eu\/en\/author\/fotograf\/"}]}},"_links":{"self":[{"href":"https:\/\/fotografovanie.eu\/en\/wp-json\/wp\/v2\/posts\/11439","targetHints":{"allow":["GET"]}}],"collection":[{"href":"https:\/\/fotografovanie.eu\/en\/wp-json\/wp\/v2\/posts"}],"about":[{"href":"https:\/\/fotografovanie.eu\/en\/wp-json\/wp\/v2\/types\/post"}],"author":[{"embeddable":true,"href":"https:\/\/fotografovanie.eu\/en\/wp-json\/wp\/v2\/users\/4"}],"replies":[{"embeddable":true,"href":"https:\/\/fotografovanie.eu\/en\/wp-json\/wp\/v2\/comments?post=11439"}],"version-history":[{"count":0,"href":"https:\/\/fotografovanie.eu\/en\/wp-json\/wp\/v2\/posts\/11439\/revisions"}],"wp:featuredmedia":[{"embeddable":true,"href":"https:\/\/fotografovanie.eu\/en\/wp-json\/wp\/v2\/media\/11283"}],"wp:attachment":[{"href":"https:\/\/fotografovanie.eu\/en\/wp-json\/wp\/v2\/media?parent=11439"}],"wp:term":[{"taxonomy":"category","embeddable":true,"href":"https:\/\/fotografovanie.eu\/en\/wp-json\/wp\/v2\/categories?post=11439"},{"taxonomy":"post_tag","embeddable":true,"href":"https:\/\/fotografovanie.eu\/en\/wp-json\/wp\/v2\/tags?post=11439"}],"curies":[{"name":"wp","href":"https:\/\/api.w.org\/{rel}","templated":true}]}}