{"id":11441,"date":"2026-01-25T23:12:09","date_gmt":"2026-01-25T22:12:09","guid":{"rendered":"https:\/\/fotografovanie.eu\/?p=11441"},"modified":"2026-01-25T23:12:10","modified_gmt":"2026-01-25T22:12:10","slug":"ako-fotit-timove-fotografie-kompozicia-svetlo-a-organizacia-ludi","status":"publish","type":"post","link":"https:\/\/fotografovanie.eu\/en\/ako-fotit-timove-fotografie-kompozicia-svetlo-a-organizacia-ludi\/","title":{"rendered":"Ako foti\u0165 t\u00edmov\u00e9 fotografie: kompoz\u00edcia, svetlo a organiz\u00e1cia \u013eud\u00ed"},"content":{"rendered":"<article>\n\n<p>Fotenie t\u00edmu je logistika, psychol\u00f3gia aj technika v jednom. M\u00e1\u0161 viac \u013eud\u00ed, r\u00f4zne v\u00fd\u0161ky, r\u00f4zne n\u00e1lady a obmedzen\u00fd \u010das.<\/p>\n\n<p>Ak to v\u0161ak uchop\u00ed\u0161 systematicky, v\u00fdsledok m\u00f4\u017ee p\u00f4sobi\u0165 ve\u013emi profesion\u00e1lne.<\/p>\n\n<h2>Pr\u00edprava priestoru<\/h2>\n\n<p>Najprv vyber miesto s dostatkom svetla a \u010dist\u00fdm pozad\u00edm.<\/p>\n\n<p>Ak rie\u0161i\u0161 kancel\u00e1rske svetlo, pom\u00f4\u017ee <a href=\"\/en\/ako-zvladnut-zmiesane-svetlo-okno-ziarovka-bez-farebnych-problemov\/\">Ako zvl\u00e1dnu\u0165 zmie\u0161an\u00e9 svetlo: okno + \u017eiarovka bez farebn\u00fdch probl\u00e9mov<\/a>.<\/p>\n\n<h2>Rozostavenie \u013eud\u00ed<\/h2>\n\n<p>Najlep\u0161ie funguje mierny obl\u00fak alebo polkruh.<\/p>\n\n<ul>\n<li>vy\u0161\u0161\u00ed dozadu<\/li>\n<li>ni\u017e\u0161\u00ed dopredu<\/li>\n<li>ramen\u00e1 mierne nato\u010den\u00e9<\/li>\n<\/ul>\n\n<h2>Kompoz\u00edcia skupiny<\/h2>\n\n<p>Vyhni sa jednej rovnej l\u00ednii hl\u00e1v. Vytv\u00e1raj jemn\u00e9 \u00farovne.<\/p>\n\n<h2>Nastavenia fotoapar\u00e1tu<\/h2>\n\n<ul>\n<li>clona f\/4 \u2013 f\/8<\/li>\n<li>\u010das aspo\u0148 1\/200<\/li>\n<li>ISO pod\u013ea svetla<\/li>\n<\/ul>\n\n<p>Detailn\u00e9 nastavenia n\u00e1jde\u0161 v <a href=\"\/en\/nastavenia-fotoaparatu-pre-portrety-iso-clona-a-cas-v-realnych-situaciach\/\">Nastavenia fotoapar\u00e1tu pre portr\u00e9ty: ISO, clona a \u010das v re\u00e1lnych situ\u00e1ci\u00e1ch<\/a>.<\/p>\n\n<h2>Svetlo nech ide zboku<\/h2>\n\n<p>Bo\u010dn\u00e9 svetlo dod\u00e1 h\u013abku a tvar.<\/p>\n\n<h2>Vedenie skupiny<\/h2>\n\n<p>Hovor nahlas, jasne a s \u00fasmevom.<\/p>\n\n<p>Psychol\u00f3giu rie\u0161ime v <a href=\"\/en\/ako-viest-klienta-pocas-fotenia-komunikacia-pozy-a-psychologia\/\">Ako vies\u0165 klienta po\u010das fotenia: komunik\u00e1cia, p\u00f3zy a psychol\u00f3gia<\/a>.<\/p>\n\n<h2>Fot viackr\u00e1t<\/h2>\n\n<p>V\u017edy niekto \u017emurkne. Urob viac z\u00e1berov.<\/p>\n\n<h2>Uk\u00e1\u017e r\u00fdchly n\u00e1h\u013ead<\/h2>\n\n<p>Skupina sa uvo\u013en\u00ed, ke\u010f vid\u00ed v\u00fdsledok.<\/p>\n\n<h2>Jednoduch\u00e1 retu\u0161<\/h2>\n\n<p>Vyrovnaj expoz\u00edciu, jemne uprav farby, ni\u010d viac.<\/p>\n\n<p>Workflow m\u00e1\u0161 v <a href=\"\/en\/ako-upravovat-portrety-prirodzene-workflow-v-lightroome-krok-za-krokom\/\">Ako upravova\u0165 portr\u00e9ty prirodzene: workflow v Lightroome krok za krokom<\/a>.<\/p>\n\n<!-- CTA -->\n<section class=\"download-contract\" aria-label=\"Zmluva o poskytnut\u00ed fotografick\u00fdch slu\u017eieb na stiahnutie\">\n  <div class=\"download-contract__wrap\">\n    <h2>Zmluva o poskytnut\u00ed fotografick\u00fdch slu\u017eieb (zadarmo na stiahnutie)<\/h2>\n\n    <p>\n      Pri t\u00edmov\u00fdch foteniach je obzvl\u00e1\u0161\u0165 d\u00f4le\u017eit\u00e9 ma\u0165 jasn\u00e9 podmienky spolupr\u00e1ce.\n      Pripravil som univerz\u00e1lny vzor zmluvy pre fotografov.\n    <\/p>\n\n    <ul>\n      <li>\u2705 rozsah slu\u017eieb<\/li>\n      <li>\u2705 cena a term\u00edny<\/li>\n      <li>\u2705 licen\u010dn\u00e9 podmienky<\/li>\n      <li>\u2705 Google Docs verzia<\/li>\n    <\/ul>\n\n    <p class=\"download-contract__actions\">\n      <a class=\"download-contract__btn\"\n         href=\"https:\/\/docs.google.com\/document\/d\/1zhv9w3m7RCAuUugx9nmUYrpd6ol2FQtrO7skTRrCFKw\/edit?usp=sharing\"\n         target=\"_blank\" rel=\"noopener\">\n        \ud83d\udcc4 Stiahnu\u0165 zmluvu o foten\u00ed zadarmo\n      <\/a>\n    <\/p>\n\n    <p class=\"download-contract__note\">\n      Tip: Po otvoren\u00ed klikni na <strong>S\u00fabor \u2192 Vytvori\u0165 k\u00f3piu<\/strong>.\n    <\/p>\n  <\/div>\n<\/section>\n\n<h2>Naj\u010dastej\u0161ie chyby pri t\u00edmov\u00fdch fotk\u00e1ch<\/h2>\n\n<ul>\n<li>jedna l\u00ednia hl\u00e1v<\/li>\n<li>pr\u00edli\u0161 otvoren\u00e1 clona<\/li>\n<li>chaotick\u00e9 pozadie<\/li>\n<li>m\u00e1lo z\u00e1berov<\/li>\n<\/ul>\n\n<p>Dobr\u00fd t\u00edmov\u00fd portr\u00e9t p\u00f4sob\u00ed jednotne a prirodzene.<\/p>\n\n<section class=\"faq\">\n\n<h2>FAQ \u2013 naj\u010dastej\u0161ie ot\u00e1zky<\/h2>\n\n<details>\n<summary>Ko\u013eko \u010dasu si vyhradi\u0165 na t\u00edm?<\/summary>\n<p>20\u201330 min\u00fat.<\/p>\n<\/details>\n\n<details>\n<summary>M\u00e1m foti\u0165 horizont\u00e1lne alebo vertik\u00e1lne?<\/summary>\n<p>V\u00e4\u010d\u0161inou horizont\u00e1lne.<\/p>\n<\/details>\n\n<details>\n<summary>Je lep\u0161ie foti\u0165 v interi\u00e9ri alebo vonku?<\/summary>\n<p>Pod\u013ea po\u010dasia a priestoru.<\/p>\n<\/details>\n\n<details>\n<summary>Mus\u00edm robi\u0165 individu\u00e1lne portr\u00e9ty?<\/summary>\n<p>\u010casto sa oplatia.<\/p>\n<\/details>\n\n<\/section>\n\n<\/article>","protected":false},"excerpt":{"rendered":"<p>Fotenie t\u00edmu je logistika, psychol\u00f3gia aj technika v jednom. M\u00e1\u0161 viac \u013eud\u00ed, r\u00f4zne v\u00fd\u0161ky, r\u00f4zne n\u00e1lady a obmedzen\u00fd \u010das. Ak to v\u0161ak uchop\u00ed\u0161 systematicky, v\u00fdsledok m\u00f4\u017ee p\u00f4sobi\u0165 ve\u013emi profesion\u00e1lne. Pr\u00edprava priestoru Najprv vyber miesto s dostatkom svetla a \u010dist\u00fdm pozad\u00edm. Ak rie\u0161i\u0161 kancel\u00e1rske svetlo, pom\u00f4\u017ee Ako zvl\u00e1dnu\u0165 zmie\u0161an\u00e9 svetlo: okno + \u017eiarovka bez farebn\u00fdch probl\u00e9mov. [&#8230;]\n","protected":false},"author":4,"featured_media":11315,"comment_status":"closed","ping_status":"closed","sticky":false,"template":"","format":"standard","meta":{"footnotes":""},"categories":[1,40,5],"tags":[93],"class_list":["post-11441","post","type-post","status-publish","format-standard","has-post-thumbnail","hentry","category-nezaradene","category-style","category-fotografovanie","tag-fotografovanie"],"yoast_head":"<!-- This site is optimized with the Yoast SEO plugin v27.4 - https:\/\/yoast.com\/product\/yoast-seo-wordpress\/ -->\n<title>Ako foti\u0165 t\u00edmov\u00e9 fotografie: kompoz\u00edcia, svetlo a organiz\u00e1cia \u013eud\u00ed \u2013 Fotografovanie.eu<\/title>\n<meta name=\"description\" content=\"Fotenie t\u00edmu je logistika, psychol\u00f3gia aj technika v jednom. M\u00e1\u0161 viac \u013eud\u00ed, r\u00f4zne v\u00fd\u0161ky, r\u00f4zne n\u00e1lady a obmedzen\u00fd \u010das. Ak to v\u0161ak uchop\u00ed\u0161 systematicky, Praktick\u00e9 tipy, n\u00e1vody a trendy zo sveta fotografie. Praktick\u00fd n\u00e1vod na fotenie t\u00edmov\u00fdch fotografi\u00ed. Kompoz\u00edcia, svetlo a organiz\u00e1cia \u013eud\u00ed pre profesion\u00e1lny v\u00fdsledok.\" \/>\n<meta name=\"robots\" content=\"index, follow, max-snippet:-1, max-image-preview:large, max-video-preview:-1\" \/>\n<link rel=\"canonical\" href=\"https:\/\/fotografovanie.eu\/en\/ako-fotit-timove-fotografie-kompozicia-svetlo-a-organizacia-ludi\/\" \/>\n<meta property=\"og:locale\" content=\"en_GB\" \/>\n<meta property=\"og:type\" content=\"article\" \/>\n<meta property=\"og:title\" content=\"Ako foti\u0165 t\u00edmov\u00e9 fotografie: kompoz\u00edcia, svetlo a organiz\u00e1cia \u013eud\u00ed \u2013 Fotografovanie.eu\" \/>\n<meta property=\"og:description\" content=\"Fotenie t\u00edmu je logistika, psychol\u00f3gia aj technika v jednom. M\u00e1\u0161 viac \u013eud\u00ed, r\u00f4zne v\u00fd\u0161ky, r\u00f4zne n\u00e1lady a obmedzen\u00fd \u010das. Ak to v\u0161ak uchop\u00ed\u0161 systematicky, Praktick\u00e9 tipy, n\u00e1vody a trendy zo sveta fotografie. Praktick\u00fd n\u00e1vod na fotenie t\u00edmov\u00fdch fotografi\u00ed. Kompoz\u00edcia, svetlo a organiz\u00e1cia \u013eud\u00ed pre profesion\u00e1lny v\u00fdsledok.\" \/>\n<meta property=\"og:url\" content=\"https:\/\/fotografovanie.eu\/en\/ako-fotit-timove-fotografie-kompozicia-svetlo-a-organizacia-ludi\/\" \/>\n<meta property=\"og:site_name\" content=\"Modern\u00fd magaz\u00edn o fotografii\" \/>\n<meta property=\"article:published_time\" content=\"2026-01-25T22:12:09+00:00\" \/>\n<meta property=\"article:modified_time\" content=\"2026-01-25T22:12:10+00:00\" \/>\n<meta property=\"og:image\" content=\"https:\/\/fotografovanie.eu\/wp-content\/uploads\/2026\/01\/4ab08ab3943a298b0bd6487a8badc241529a06d56f6f06258392788eeb6e30f8.jpg\" \/>\n\t<meta property=\"og:image:width\" content=\"1536\" \/>\n\t<meta property=\"og:image:height\" content=\"1024\" \/>\n\t<meta property=\"og:image:type\" content=\"image\/jpeg\" \/>\n<meta name=\"author\" content=\"fotograf\" \/>\n<meta name=\"twitter:card\" content=\"summary_large_image\" \/>\n<meta name=\"twitter:label1\" content=\"Written by\" \/>\n\t<meta name=\"twitter:data1\" content=\"fotograf\" \/>\n\t<meta name=\"twitter:label2\" content=\"Estimated reading time\" \/>\n\t<meta name=\"twitter:data2\" content=\"2 minutes\" \/>\n<script type=\"application\/ld+json\" class=\"yoast-schema-graph\">{\"@context\":\"https:\\\/\\\/schema.org\",\"@graph\":[{\"@type\":\"Article\",\"@id\":\"https:\\\/\\\/fotografovanie.eu\\\/ako-fotit-timove-fotografie-kompozicia-svetlo-a-organizacia-ludi\\\/#article\",\"isPartOf\":{\"@id\":\"https:\\\/\\\/fotografovanie.eu\\\/ako-fotit-timove-fotografie-kompozicia-svetlo-a-organizacia-ludi\\\/\"},\"author\":{\"name\":\"fotograf\",\"@id\":\"https:\\\/\\\/fotografovanie.eu\\\/#\\\/schema\\\/person\\\/b61f1c3bde5c2b19f8d96cf591b65d4b\"},\"headline\":\"Ako foti\u0165 t\u00edmov\u00e9 fotografie: kompoz\u00edcia, svetlo a organiz\u00e1cia \u013eud\u00ed\",\"datePublished\":\"2026-01-25T22:12:09+00:00\",\"dateModified\":\"2026-01-25T22:12:10+00:00\",\"mainEntityOfPage\":{\"@id\":\"https:\\\/\\\/fotografovanie.eu\\\/ako-fotit-timove-fotografie-kompozicia-svetlo-a-organizacia-ludi\\\/\"},\"wordCount\":390,\"publisher\":{\"@id\":\"https:\\\/\\\/fotografovanie.eu\\\/#organization\"},\"image\":{\"@id\":\"https:\\\/\\\/fotografovanie.eu\\\/ako-fotit-timove-fotografie-kompozicia-svetlo-a-organizacia-ludi\\\/#primaryimage\"},\"thumbnailUrl\":\"https:\\\/\\\/fotografovanie.eu\\\/wp-content\\\/uploads\\\/2026\\\/01\\\/4ab08ab3943a298b0bd6487a8badc241529a06d56f6f06258392788eeb6e30f8.webp\",\"keywords\":[\"fotografovanie\"],\"articleSection\":[\"Fotografick\u00e9 in\u0161pir\u00e1cie\",\"Fotografick\u00e9 \u0161t\u00fdly\",\"Fotografovanie\"],\"inLanguage\":\"en-GB\"},{\"@type\":\"WebPage\",\"@id\":\"https:\\\/\\\/fotografovanie.eu\\\/ako-fotit-timove-fotografie-kompozicia-svetlo-a-organizacia-ludi\\\/\",\"url\":\"https:\\\/\\\/fotografovanie.eu\\\/ako-fotit-timove-fotografie-kompozicia-svetlo-a-organizacia-ludi\\\/\",\"name\":\"Ako foti\u0165 t\u00edmov\u00e9 fotografie: kompoz\u00edcia, svetlo a organiz\u00e1cia \u013eud\u00ed \u2013 Fotografovanie.eu\",\"isPartOf\":{\"@id\":\"https:\\\/\\\/fotografovanie.eu\\\/#website\"},\"primaryImageOfPage\":{\"@id\":\"https:\\\/\\\/fotografovanie.eu\\\/ako-fotit-timove-fotografie-kompozicia-svetlo-a-organizacia-ludi\\\/#primaryimage\"},\"image\":{\"@id\":\"https:\\\/\\\/fotografovanie.eu\\\/ako-fotit-timove-fotografie-kompozicia-svetlo-a-organizacia-ludi\\\/#primaryimage\"},\"thumbnailUrl\":\"https:\\\/\\\/fotografovanie.eu\\\/wp-content\\\/uploads\\\/2026\\\/01\\\/4ab08ab3943a298b0bd6487a8badc241529a06d56f6f06258392788eeb6e30f8.webp\",\"datePublished\":\"2026-01-25T22:12:09+00:00\",\"dateModified\":\"2026-01-25T22:12:10+00:00\",\"description\":\"Fotenie t\u00edmu je logistika, psychol\u00f3gia aj technika v jednom. M\u00e1\u0161 viac \u013eud\u00ed, r\u00f4zne v\u00fd\u0161ky, r\u00f4zne n\u00e1lady a obmedzen\u00fd \u010das. Ak to v\u0161ak uchop\u00ed\u0161 systematicky, Praktick\u00e9 tipy, n\u00e1vody a trendy zo sveta fotografie. Praktick\u00fd n\u00e1vod na fotenie t\u00edmov\u00fdch fotografi\u00ed. Kompoz\u00edcia, svetlo a organiz\u00e1cia \u013eud\u00ed pre profesion\u00e1lny v\u00fdsledok.\",\"breadcrumb\":{\"@id\":\"https:\\\/\\\/fotografovanie.eu\\\/ako-fotit-timove-fotografie-kompozicia-svetlo-a-organizacia-ludi\\\/#breadcrumb\"},\"inLanguage\":\"en-GB\",\"potentialAction\":[{\"@type\":\"ReadAction\",\"target\":[\"https:\\\/\\\/fotografovanie.eu\\\/ako-fotit-timove-fotografie-kompozicia-svetlo-a-organizacia-ludi\\\/\"]}]},{\"@type\":\"ImageObject\",\"inLanguage\":\"en-GB\",\"@id\":\"https:\\\/\\\/fotografovanie.eu\\\/ako-fotit-timove-fotografie-kompozicia-svetlo-a-organizacia-ludi\\\/#primaryimage\",\"url\":\"https:\\\/\\\/fotografovanie.eu\\\/wp-content\\\/uploads\\\/2026\\\/01\\\/4ab08ab3943a298b0bd6487a8badc241529a06d56f6f06258392788eeb6e30f8.webp\",\"contentUrl\":\"https:\\\/\\\/fotografovanie.eu\\\/wp-content\\\/uploads\\\/2026\\\/01\\\/4ab08ab3943a298b0bd6487a8badc241529a06d56f6f06258392788eeb6e30f8.webp\",\"width\":1536,\"height\":1024,\"caption\":\"Fotograf podpisuje zmluvu s klientom pri stol\u00edku v kaviarni, na stole le\u017e\u00ed fotoapar\u00e1t, notebook a papierov\u00e1 zmluva, prirodzen\u00e9 denn\u00e9 svetlo\"},{\"@type\":\"BreadcrumbList\",\"@id\":\"https:\\\/\\\/fotografovanie.eu\\\/ako-fotit-timove-fotografie-kompozicia-svetlo-a-organizacia-ludi\\\/#breadcrumb\",\"itemListElement\":[{\"@type\":\"ListItem\",\"position\":1,\"name\":\"Domov\",\"item\":\"https:\\\/\\\/fotografovanie.eu\\\/\"},{\"@type\":\"ListItem\",\"position\":2,\"name\":\"Ako foti\u0165 t\u00edmov\u00e9 fotografie: kompoz\u00edcia, svetlo a organiz\u00e1cia \u013eud\u00ed\"}]},{\"@type\":\"WebSite\",\"@id\":\"https:\\\/\\\/fotografovanie.eu\\\/#website\",\"url\":\"https:\\\/\\\/fotografovanie.eu\\\/\",\"name\":\"Modern\u00fd magaz\u00edn o fotografii\",\"description\":\"\",\"publisher\":{\"@id\":\"https:\\\/\\\/fotografovanie.eu\\\/#organization\"},\"potentialAction\":[{\"@type\":\"SearchAction\",\"target\":{\"@type\":\"EntryPoint\",\"urlTemplate\":\"https:\\\/\\\/fotografovanie.eu\\\/?s={search_term_string}\"},\"query-input\":{\"@type\":\"PropertyValueSpecification\",\"valueRequired\":true,\"valueName\":\"search_term_string\"}}],\"inLanguage\":\"en-GB\"},{\"@type\":\"Organization\",\"@id\":\"https:\\\/\\\/fotografovanie.eu\\\/#organization\",\"name\":\"Fotografovanie.eu\",\"alternateName\":\"Blog o fotografovan\u00ed\",\"url\":\"https:\\\/\\\/fotografovanie.eu\\\/\",\"logo\":{\"@type\":\"ImageObject\",\"inLanguage\":\"en-GB\",\"@id\":\"https:\\\/\\\/fotografovanie.eu\\\/#\\\/schema\\\/logo\\\/image\\\/\",\"url\":\"https:\\\/\\\/fotografovanie.eu\\\/wp-content\\\/uploads\\\/2026\\\/01\\\/cropped-0aaf3e3322a519e411873510629b829197a60c1506f5632424da96c13ebeedf4-2.webp\",\"contentUrl\":\"https:\\\/\\\/fotografovanie.eu\\\/wp-content\\\/uploads\\\/2026\\\/01\\\/cropped-0aaf3e3322a519e411873510629b829197a60c1506f5632424da96c13ebeedf4-2.webp\",\"width\":85,\"height\":62,\"caption\":\"Fotografovanie.eu\"},\"image\":{\"@id\":\"https:\\\/\\\/fotografovanie.eu\\\/#\\\/schema\\\/logo\\\/image\\\/\"}},{\"@type\":\"Person\",\"@id\":\"https:\\\/\\\/fotografovanie.eu\\\/#\\\/schema\\\/person\\\/b61f1c3bde5c2b19f8d96cf591b65d4b\",\"name\":\"fotograf\",\"image\":{\"@type\":\"ImageObject\",\"inLanguage\":\"en-GB\",\"@id\":\"https:\\\/\\\/secure.gravatar.com\\\/avatar\\\/9d9b62d4ef8f95cbb50bd1d4f4d90625767e3c665eec5470448cf0917c71e5a3?s=96&d=mm&r=g\",\"url\":\"https:\\\/\\\/secure.gravatar.com\\\/avatar\\\/9d9b62d4ef8f95cbb50bd1d4f4d90625767e3c665eec5470448cf0917c71e5a3?s=96&d=mm&r=g\",\"contentUrl\":\"https:\\\/\\\/secure.gravatar.com\\\/avatar\\\/9d9b62d4ef8f95cbb50bd1d4f4d90625767e3c665eec5470448cf0917c71e5a3?s=96&d=mm&r=g\",\"caption\":\"fotograf\"},\"url\":\"https:\\\/\\\/fotografovanie.eu\\\/en\\\/author\\\/fotograf\\\/\"}]}<\/script>\n<!-- \/ Yoast SEO plugin. -->","yoast_head_json":{"title":"Ako foti\u0165 t\u00edmov\u00e9 fotografie: kompoz\u00edcia, svetlo a organiz\u00e1cia \u013eud\u00ed \u2013 Fotografovanie.eu","description":"Fotenie t\u00edmu je logistika, psychol\u00f3gia aj technika v jednom. M\u00e1\u0161 viac \u013eud\u00ed, r\u00f4zne v\u00fd\u0161ky, r\u00f4zne n\u00e1lady a obmedzen\u00fd \u010das. Ak to v\u0161ak uchop\u00ed\u0161 systematicky, Praktick\u00e9 tipy, n\u00e1vody a trendy zo sveta fotografie. Praktick\u00fd n\u00e1vod na fotenie t\u00edmov\u00fdch fotografi\u00ed. Kompoz\u00edcia, svetlo a organiz\u00e1cia \u013eud\u00ed pre profesion\u00e1lny v\u00fdsledok.","robots":{"index":"index","follow":"follow","max-snippet":"max-snippet:-1","max-image-preview":"max-image-preview:large","max-video-preview":"max-video-preview:-1"},"canonical":"https:\/\/fotografovanie.eu\/en\/ako-fotit-timove-fotografie-kompozicia-svetlo-a-organizacia-ludi\/","og_locale":"en_GB","og_type":"article","og_title":"Ako foti\u0165 t\u00edmov\u00e9 fotografie: kompoz\u00edcia, svetlo a organiz\u00e1cia \u013eud\u00ed \u2013 Fotografovanie.eu","og_description":"Fotenie t\u00edmu je logistika, psychol\u00f3gia aj technika v jednom. M\u00e1\u0161 viac \u013eud\u00ed, r\u00f4zne v\u00fd\u0161ky, r\u00f4zne n\u00e1lady a obmedzen\u00fd \u010das. Ak to v\u0161ak uchop\u00ed\u0161 systematicky, Praktick\u00e9 tipy, n\u00e1vody a trendy zo sveta fotografie. Praktick\u00fd n\u00e1vod na fotenie t\u00edmov\u00fdch fotografi\u00ed. Kompoz\u00edcia, svetlo a organiz\u00e1cia \u013eud\u00ed pre profesion\u00e1lny v\u00fdsledok.","og_url":"https:\/\/fotografovanie.eu\/en\/ako-fotit-timove-fotografie-kompozicia-svetlo-a-organizacia-ludi\/","og_site_name":"Modern\u00fd magaz\u00edn o fotografii","article_published_time":"2026-01-25T22:12:09+00:00","article_modified_time":"2026-01-25T22:12:10+00:00","og_image":[{"width":1536,"height":1024,"url":"https:\/\/fotografovanie.eu\/wp-content\/uploads\/2026\/01\/4ab08ab3943a298b0bd6487a8badc241529a06d56f6f06258392788eeb6e30f8.jpg","type":"image\/jpeg"}],"author":"fotograf","twitter_card":"summary_large_image","twitter_misc":{"Written by":"fotograf","Estimated reading time":"2 minutes"},"schema":{"@context":"https:\/\/schema.org","@graph":[{"@type":"Article","@id":"https:\/\/fotografovanie.eu\/ako-fotit-timove-fotografie-kompozicia-svetlo-a-organizacia-ludi\/#article","isPartOf":{"@id":"https:\/\/fotografovanie.eu\/ako-fotit-timove-fotografie-kompozicia-svetlo-a-organizacia-ludi\/"},"author":{"name":"fotograf","@id":"https:\/\/fotografovanie.eu\/#\/schema\/person\/b61f1c3bde5c2b19f8d96cf591b65d4b"},"headline":"Ako foti\u0165 t\u00edmov\u00e9 fotografie: kompoz\u00edcia, svetlo a organiz\u00e1cia \u013eud\u00ed","datePublished":"2026-01-25T22:12:09+00:00","dateModified":"2026-01-25T22:12:10+00:00","mainEntityOfPage":{"@id":"https:\/\/fotografovanie.eu\/ako-fotit-timove-fotografie-kompozicia-svetlo-a-organizacia-ludi\/"},"wordCount":390,"publisher":{"@id":"https:\/\/fotografovanie.eu\/#organization"},"image":{"@id":"https:\/\/fotografovanie.eu\/ako-fotit-timove-fotografie-kompozicia-svetlo-a-organizacia-ludi\/#primaryimage"},"thumbnailUrl":"https:\/\/fotografovanie.eu\/wp-content\/uploads\/2026\/01\/4ab08ab3943a298b0bd6487a8badc241529a06d56f6f06258392788eeb6e30f8.webp","keywords":["fotografovanie"],"articleSection":["Fotografick\u00e9 in\u0161pir\u00e1cie","Fotografick\u00e9 \u0161t\u00fdly","Fotografovanie"],"inLanguage":"en-GB"},{"@type":"WebPage","@id":"https:\/\/fotografovanie.eu\/ako-fotit-timove-fotografie-kompozicia-svetlo-a-organizacia-ludi\/","url":"https:\/\/fotografovanie.eu\/ako-fotit-timove-fotografie-kompozicia-svetlo-a-organizacia-ludi\/","name":"Ako foti\u0165 t\u00edmov\u00e9 fotografie: kompoz\u00edcia, svetlo a organiz\u00e1cia \u013eud\u00ed \u2013 Fotografovanie.eu","isPartOf":{"@id":"https:\/\/fotografovanie.eu\/#website"},"primaryImageOfPage":{"@id":"https:\/\/fotografovanie.eu\/ako-fotit-timove-fotografie-kompozicia-svetlo-a-organizacia-ludi\/#primaryimage"},"image":{"@id":"https:\/\/fotografovanie.eu\/ako-fotit-timove-fotografie-kompozicia-svetlo-a-organizacia-ludi\/#primaryimage"},"thumbnailUrl":"https:\/\/fotografovanie.eu\/wp-content\/uploads\/2026\/01\/4ab08ab3943a298b0bd6487a8badc241529a06d56f6f06258392788eeb6e30f8.webp","datePublished":"2026-01-25T22:12:09+00:00","dateModified":"2026-01-25T22:12:10+00:00","description":"Fotenie t\u00edmu je logistika, psychol\u00f3gia aj technika v jednom. M\u00e1\u0161 viac \u013eud\u00ed, r\u00f4zne v\u00fd\u0161ky, r\u00f4zne n\u00e1lady a obmedzen\u00fd \u010das. Ak to v\u0161ak uchop\u00ed\u0161 systematicky, Praktick\u00e9 tipy, n\u00e1vody a trendy zo sveta fotografie. Praktick\u00fd n\u00e1vod na fotenie t\u00edmov\u00fdch fotografi\u00ed. Kompoz\u00edcia, svetlo a organiz\u00e1cia \u013eud\u00ed pre profesion\u00e1lny v\u00fdsledok.","breadcrumb":{"@id":"https:\/\/fotografovanie.eu\/ako-fotit-timove-fotografie-kompozicia-svetlo-a-organizacia-ludi\/#breadcrumb"},"inLanguage":"en-GB","potentialAction":[{"@type":"ReadAction","target":["https:\/\/fotografovanie.eu\/ako-fotit-timove-fotografie-kompozicia-svetlo-a-organizacia-ludi\/"]}]},{"@type":"ImageObject","inLanguage":"en-GB","@id":"https:\/\/fotografovanie.eu\/ako-fotit-timove-fotografie-kompozicia-svetlo-a-organizacia-ludi\/#primaryimage","url":"https:\/\/fotografovanie.eu\/wp-content\/uploads\/2026\/01\/4ab08ab3943a298b0bd6487a8badc241529a06d56f6f06258392788eeb6e30f8.webp","contentUrl":"https:\/\/fotografovanie.eu\/wp-content\/uploads\/2026\/01\/4ab08ab3943a298b0bd6487a8badc241529a06d56f6f06258392788eeb6e30f8.webp","width":1536,"height":1024,"caption":"Fotograf podpisuje zmluvu s klientom pri stol\u00edku v kaviarni, na stole le\u017e\u00ed fotoapar\u00e1t, notebook a papierov\u00e1 zmluva, prirodzen\u00e9 denn\u00e9 svetlo"},{"@type":"BreadcrumbList","@id":"https:\/\/fotografovanie.eu\/ako-fotit-timove-fotografie-kompozicia-svetlo-a-organizacia-ludi\/#breadcrumb","itemListElement":[{"@type":"ListItem","position":1,"name":"Domov","item":"https:\/\/fotografovanie.eu\/"},{"@type":"ListItem","position":2,"name":"Ako foti\u0165 t\u00edmov\u00e9 fotografie: kompoz\u00edcia, svetlo a organiz\u00e1cia \u013eud\u00ed"}]},{"@type":"WebSite","@id":"https:\/\/fotografovanie.eu\/#website","url":"https:\/\/fotografovanie.eu\/","name":"Modern\u00fd magaz\u00edn o fotografii","description":"","publisher":{"@id":"https:\/\/fotografovanie.eu\/#organization"},"potentialAction":[{"@type":"SearchAction","target":{"@type":"EntryPoint","urlTemplate":"https:\/\/fotografovanie.eu\/?s={search_term_string}"},"query-input":{"@type":"PropertyValueSpecification","valueRequired":true,"valueName":"search_term_string"}}],"inLanguage":"en-GB"},{"@type":"Organization","@id":"https:\/\/fotografovanie.eu\/#organization","name":"Fotografovanie.eu","alternateName":"Blog o fotografovan\u00ed","url":"https:\/\/fotografovanie.eu\/","logo":{"@type":"ImageObject","inLanguage":"en-GB","@id":"https:\/\/fotografovanie.eu\/#\/schema\/logo\/image\/","url":"https:\/\/fotografovanie.eu\/wp-content\/uploads\/2026\/01\/cropped-0aaf3e3322a519e411873510629b829197a60c1506f5632424da96c13ebeedf4-2.webp","contentUrl":"https:\/\/fotografovanie.eu\/wp-content\/uploads\/2026\/01\/cropped-0aaf3e3322a519e411873510629b829197a60c1506f5632424da96c13ebeedf4-2.webp","width":85,"height":62,"caption":"Fotografovanie.eu"},"image":{"@id":"https:\/\/fotografovanie.eu\/#\/schema\/logo\/image\/"}},{"@type":"Person","@id":"https:\/\/fotografovanie.eu\/#\/schema\/person\/b61f1c3bde5c2b19f8d96cf591b65d4b","name":"fotograf","image":{"@type":"ImageObject","inLanguage":"en-GB","@id":"https:\/\/secure.gravatar.com\/avatar\/9d9b62d4ef8f95cbb50bd1d4f4d90625767e3c665eec5470448cf0917c71e5a3?s=96&d=mm&r=g","url":"https:\/\/secure.gravatar.com\/avatar\/9d9b62d4ef8f95cbb50bd1d4f4d90625767e3c665eec5470448cf0917c71e5a3?s=96&d=mm&r=g","contentUrl":"https:\/\/secure.gravatar.com\/avatar\/9d9b62d4ef8f95cbb50bd1d4f4d90625767e3c665eec5470448cf0917c71e5a3?s=96&d=mm&r=g","caption":"fotograf"},"url":"https:\/\/fotografovanie.eu\/en\/author\/fotograf\/"}]}},"_links":{"self":[{"href":"https:\/\/fotografovanie.eu\/en\/wp-json\/wp\/v2\/posts\/11441","targetHints":{"allow":["GET"]}}],"collection":[{"href":"https:\/\/fotografovanie.eu\/en\/wp-json\/wp\/v2\/posts"}],"about":[{"href":"https:\/\/fotografovanie.eu\/en\/wp-json\/wp\/v2\/types\/post"}],"author":[{"embeddable":true,"href":"https:\/\/fotografovanie.eu\/en\/wp-json\/wp\/v2\/users\/4"}],"replies":[{"embeddable":true,"href":"https:\/\/fotografovanie.eu\/en\/wp-json\/wp\/v2\/comments?post=11441"}],"version-history":[{"count":0,"href":"https:\/\/fotografovanie.eu\/en\/wp-json\/wp\/v2\/posts\/11441\/revisions"}],"wp:featuredmedia":[{"embeddable":true,"href":"https:\/\/fotografovanie.eu\/en\/wp-json\/wp\/v2\/media\/11315"}],"wp:attachment":[{"href":"https:\/\/fotografovanie.eu\/en\/wp-json\/wp\/v2\/media?parent=11441"}],"wp:term":[{"taxonomy":"category","embeddable":true,"href":"https:\/\/fotografovanie.eu\/en\/wp-json\/wp\/v2\/categories?post=11441"},{"taxonomy":"post_tag","embeddable":true,"href":"https:\/\/fotografovanie.eu\/en\/wp-json\/wp\/v2\/tags?post=11441"}],"curies":[{"name":"wp","href":"https:\/\/api.w.org\/{rel}","templated":true}]}}