{"id":11514,"date":"2026-02-05T05:44:46","date_gmt":"2026-02-05T04:44:46","guid":{"rendered":"https:\/\/fotografovanie.eu\/?p=11514"},"modified":"2026-01-26T05:45:54","modified_gmt":"2026-01-26T04:45:54","slug":"fotografovanie-architektury-a-mestskych-priestorov-linie-perspektiva-a-svetlo","status":"publish","type":"post","link":"https:\/\/fotografovanie.eu\/en\/fotografovanie-architektury-a-mestskych-priestorov-linie-perspektiva-a-svetlo\/","title":{"rendered":"Fotografovanie architekt\u00fary a mestsk\u00fdch priestorov: l\u00ednie, perspekt\u00edva a svetlo"},"content":{"rendered":"<article>\n\n<p>Architekt\u00fara u\u010d\u00ed fotografa presnosti. L\u00ednie, symetria a perspekt\u00edva neodp\u00fa\u0161\u0165aj\u00fa chyby, no z\u00e1rove\u0148 pon\u00fakaj\u00fa obrovsk\u00fd priestor pre kreativitu.<\/p>\n\n<p>Ke\u010f zvl\u00e1dne\u0161 mestsk\u00e9 priestory, posunie sa aj tvoje videnie detailov.<\/p>\n\n<h2>Sleduj l\u00ednie a tvary<\/h2>\n\n<p>Budovy prirodzene vytv\u00e1raj\u00fa ved\u00face l\u00ednie. Pou\u017ei ich na vedenie oka div\u00e1ka.<\/p>\n\n<h2>Perspekt\u00edva rob\u00ed z\u00e1zraky<\/h2>\n\n<p>Zme\u0148 v\u00fd\u0161ku poh\u013eadu. Fo\u0165 zospodu, zhora alebo z rohu ulice.<\/p>\n\n<h2>\u0160irokouhl\u00fd vs \u0161tandardn\u00fd objekt\u00edv<\/h2>\n\n<p>\u0160irok\u00e9 ohnisko zd\u00f4razn\u00ed priestor, dlh\u0161ie ohnisko zjednodu\u0161\u00ed kompoz\u00edciu.<\/p>\n\n<p>Porovnanie ohn\u00edsk m\u00e1\u0161 v <a href=\"\/en\/ako-si-vybrat-objektiv-na-portrety-35-vs-50-vs-85-mm\/\">Ako si vybra\u0165 objekt\u00edv na portr\u00e9ty: 35 vs 50 vs 85 mm<\/a>.<\/p>\n\n<h2>Najlep\u0161ie svetlo v meste<\/h2>\n\n<p>R\u00e1no a podve\u010der vytv\u00e1raj\u00fa m\u00e4kk\u00e9 tiene a text\u00fary fas\u00e1d.<\/p>\n\n<h2>Kompoz\u00edcia v architekt\u00fare<\/h2>\n\n<p>Symetria, opakovanie tvarov a negat\u00edvny priestor funguj\u00fa v\u00fdborne.<\/p>\n\n<p>Z\u00e1klady m\u00e1\u0161 v <a href=\"\/en\/kompozicia-vo-fotografii-pravidla-ktore-skutocne-funguju\/\">Kompoz\u00edcia vo fotografii: pravidl\u00e1, ktor\u00e9 skuto\u010dne funguj\u00fa<\/a>.<\/p>\n\n<h2>Nastavenia fotoapar\u00e1tu<\/h2>\n\n<ul>\n<li>clona f\/8 \u2013 f\/11<\/li>\n<li>ISO 100\u2013200<\/li>\n<li>\u010das pod\u013ea svetla<\/li>\n<\/ul>\n\n<p>Ak si neist\u00fd v manu\u00e1li, pom\u00f4\u017ee <a href=\"\/en\/nastavenia-fotoaparatu-pre-zaciatocnikov-manual-bez-stresu\/\">Najlep\u0161ie nastavenia fotoapar\u00e1tu pre za\u010diato\u010dn\u00edkov: manu\u00e1l bez stresu<\/a>.<\/p>\n\n<h2>Stat\u00edv pri slabom svetle<\/h2>\n\n<p>Pom\u00f4\u017ee udr\u017ea\u0165 ostros\u0165 a n\u00edzke ISO.<\/p>\n\n<h2>\u013dudia v architekt\u00fare<\/h2>\n\n<p>Postava dod\u00e1 mierku a \u017eivot.<\/p>\n\n<h2>RAW a postprodukcia<\/h2>\n\n<p>Pri architekt\u00fare \u010dasto upravuje\u0161 perspekt\u00edvu a kontrast.<\/p>\n\n<p>Workflow \u00faprav n\u00e1jde\u0161 v <a href=\"\/en\/ako-upravovat-portrety-prirodzene-workflow-v-lightroome-krok-za-krokom\/\">Ako upravova\u0165 portr\u00e9ty prirodzene: workflow v Lightroome krok za krokom<\/a>.<\/p>\n\n<h2>Z\u00e1lohovanie mestsk\u00fdch s\u00e9ri\u00ed<\/h2>\n\n<p>Mestsk\u00e9 projekty generuj\u00fa ve\u013ea d\u00e1t.<\/p>\n\n<p>Overen\u00fd syst\u00e9m m\u00e1\u0161 v <a href=\"\/en\/ako-zalohovat-fotografie-workflow-ktory-ti-zachrani-data\/\">Ako z\u00e1lohova\u0165 fotografie: workflow, ktor\u00fd ti zachr\u00e1ni d\u00e1ta<\/a>.<\/p>\n\n<h2>Architekt\u00fara pre klientov<\/h2>\n\n<p>Pri komer\u010dn\u00fdch z\u00e1kazk\u00e1ch maj jasne ur\u010den\u00e9 licencie.<\/p>\n\n<p>Pom\u00f4\u017ee <a href=\"\/en\/zmluva-s-klientom-pri-foteni-co-musi-obsahovat-a-preco-ta-moze-zachranit\/\">Zmluva s klientom pri foten\u00ed \u2013 \u010do mus\u00ed obsahova\u0165 a pre\u010do \u0165a m\u00f4\u017ee zachr\u00e1ni\u0165<\/a>.<\/p>\n\n<!-- CTA -->\n<section class=\"download-contract\" aria-label=\"Zmluva o poskytnut\u00ed fotografick\u00fdch slu\u017eieb na stiahnutie\">\n  <div class=\"download-contract__wrap\">\n    <h2>Zmluva o poskytnut\u00ed fotografick\u00fdch slu\u017eieb (zadarmo na stiahnutie)<\/h2>\n\n    <p>\n      Pri architektonick\u00fdch z\u00e1kazk\u00e1ch je d\u00f4le\u017eit\u00e9 ma\u0165 jasne dohodnut\u00e9 pou\u017eitie fotografi\u00ed.\n      Pripravil som univerz\u00e1lny vzor zmluvy pre fotografov.\n    <\/p>\n\n    <ul>\n      <li>\u2705 licen\u010dn\u00e9 podmienky<\/li>\n      <li>\u2705 rozsah slu\u017eieb<\/li>\n      <li>\u2705 term\u00edny dodania<\/li>\n      <li>\u2705 Google Docs verzia<\/li>\n    <\/ul>\n\n    <p class=\"download-contract__actions\">\n      <a class=\"download-contract__btn\"\n         href=\"https:\/\/docs.google.com\/document\/d\/1zhv9w3m7RCAuUugx9nmUYrpd6ol2FQtrO7skTRrCFKw\/edit?usp=sharing\"\n         target=\"_blank\" rel=\"noopener\">\n        \ud83d\udcc4 Stiahnu\u0165 zmluvu o foten\u00ed zadarmo\n      <\/a>\n    <\/p>\n\n    <p class=\"download-contract__note\">\n      Tip: Po otvoren\u00ed klikni na <strong>S\u00fabor \u2192 Vytvori\u0165 k\u00f3piu<\/strong>.\n    <\/p>\n  <\/div>\n<\/section>\n\n<h2>Naj\u010dastej\u0161ie chyby pri foten\u00ed architekt\u00fary<\/h2>\n\n<ul>\n<li>kriv\u00e9 l\u00ednie<\/li>\n<li>tvrd\u00e9 polud\u0148aj\u0161ie svetlo<\/li>\n<li>ru\u0161iv\u00e9 prvky v z\u00e1bere<\/li>\n<li>ignorovanie perspekt\u00edvy<\/li>\n<\/ul>\n\n<p>Mesto je nekone\u010dn\u00fd ateli\u00e9r.<\/p>\n\n<section class=\"faq\">\n\n<h2>FAQ \u2013 naj\u010dastej\u0161ie ot\u00e1zky<\/h2>\n\n<details>\n<summary>Potrebujem tilt-shift objekt\u00edv?<\/summary>\n<p>Nie, ale pom\u00e1ha pri korekcii perspekt\u00edvy.<\/p>\n<\/details>\n\n<details>\n<summary>Je lep\u0161ie foti\u0165 r\u00e1no alebo ve\u010der?<\/summary>\n<p>\u00c1no, svetlo je m\u00e4k\u0161ie.<\/p>\n<\/details>\n\n<details>\n<summary>M\u00e1m foti\u0165 aj \u013eud\u00ed?<\/summary>\n<p>\u00c1no, dodaj\u00fa mierku.<\/p>\n<\/details>\n\n<details>\n<summary>Je RAW nutnos\u0165?<\/summary>\n<p>Odpor\u00fa\u010dan\u00e9.<\/p>\n<\/details>\n\n<\/section>\n\n<\/article>","protected":false},"excerpt":{"rendered":"<p>Architekt\u00fara u\u010d\u00ed fotografa presnosti. L\u00ednie, symetria a perspekt\u00edva neodp\u00fa\u0161\u0165aj\u00fa chyby, no z\u00e1rove\u0148 pon\u00fakaj\u00fa obrovsk\u00fd priestor pre kreativitu. Ke\u010f zvl\u00e1dne\u0161 mestsk\u00e9 priestory, posunie sa aj tvoje videnie detailov. Sleduj l\u00ednie a tvary Budovy prirodzene vytv\u00e1raj\u00fa ved\u00face l\u00ednie. Pou\u017ei ich na vedenie oka div\u00e1ka. Perspekt\u00edva rob\u00ed z\u00e1zraky Zme\u0148 v\u00fd\u0161ku poh\u013eadu. Fo\u0165 zospodu, zhora alebo z rohu ulice. [&#8230;]\n","protected":false},"author":4,"featured_media":11289,"comment_status":"closed","ping_status":"closed","sticky":false,"template":"","format":"standard","meta":{"footnotes":""},"categories":[1,40,5],"tags":[94],"class_list":["post-11514","post","type-post","status-publish","format-standard","has-post-thumbnail","hentry","category-nezaradene","category-style","category-fotografovanie","tag-techniky-fotenia"],"yoast_head":"<!-- This site is optimized with the Yoast SEO plugin v27.4 - https:\/\/yoast.com\/product\/yoast-seo-wordpress\/ -->\n<title>Fotografovanie architekt\u00fary a mestsk\u00fdch priestorov: l\u00ednie, perspekt\u00edva a svetlo \u2013 Fotografovanie.eu<\/title>\n<meta name=\"description\" content=\"Architekt\u00fara u\u010d\u00ed fotografa presnosti. L\u00ednie, symetria a perspekt\u00edva neodp\u00fa\u0161\u0165aj\u00fa chyby, no z\u00e1rove\u0148 pon\u00fakaj\u00fa obrovsk\u00fd priestor pre kreativitu. Ke\u010f zvl\u00e1dne\u0161 Praktick\u00e9 tipy, n\u00e1vody a trendy zo sveta fotografie. Praktick\u00fd sprievodca fotografovan\u00edm architekt\u00fary. Ako pracova\u0165 s l\u00edniami, perspekt\u00edvou a svetlom v mestskom prostred\u00ed.\" \/>\n<meta name=\"robots\" content=\"index, follow, max-snippet:-1, max-image-preview:large, max-video-preview:-1\" \/>\n<link rel=\"canonical\" href=\"https:\/\/fotografovanie.eu\/en\/fotografovanie-architektury-a-mestskych-priestorov-linie-perspektiva-a-svetlo\/\" \/>\n<meta property=\"og:locale\" content=\"en_GB\" \/>\n<meta property=\"og:type\" content=\"article\" \/>\n<meta property=\"og:title\" content=\"Fotografovanie architekt\u00fary a mestsk\u00fdch priestorov: l\u00ednie, perspekt\u00edva a svetlo \u2013 Fotografovanie.eu\" \/>\n<meta property=\"og:description\" content=\"Architekt\u00fara u\u010d\u00ed fotografa presnosti. L\u00ednie, symetria a perspekt\u00edva neodp\u00fa\u0161\u0165aj\u00fa chyby, no z\u00e1rove\u0148 pon\u00fakaj\u00fa obrovsk\u00fd priestor pre kreativitu. Ke\u010f zvl\u00e1dne\u0161 Praktick\u00e9 tipy, n\u00e1vody a trendy zo sveta fotografie. Praktick\u00fd sprievodca fotografovan\u00edm architekt\u00fary. Ako pracova\u0165 s l\u00edniami, perspekt\u00edvou a svetlom v mestskom prostred\u00ed.\" \/>\n<meta property=\"og:url\" content=\"https:\/\/fotografovanie.eu\/en\/fotografovanie-architektury-a-mestskych-priestorov-linie-perspektiva-a-svetlo\/\" \/>\n<meta property=\"og:site_name\" content=\"Modern\u00fd magaz\u00edn o fotografii\" \/>\n<meta property=\"article:published_time\" content=\"2026-02-05T04:44:46+00:00\" \/>\n<meta property=\"og:image\" content=\"https:\/\/fotografovanie.eu\/wp-content\/uploads\/2026\/01\/42e4397efc15f7a978ce777a0744eb86b72d23eb779b548a35240988b6fa6f03.jpg\" \/>\n\t<meta property=\"og:image:width\" content=\"1024\" \/>\n\t<meta property=\"og:image:height\" content=\"1536\" \/>\n\t<meta property=\"og:image:type\" content=\"image\/jpeg\" \/>\n<meta name=\"author\" content=\"fotograf\" \/>\n<meta name=\"twitter:card\" content=\"summary_large_image\" \/>\n<meta name=\"twitter:label1\" content=\"Written by\" \/>\n\t<meta name=\"twitter:data1\" content=\"fotograf\" \/>\n\t<meta name=\"twitter:label2\" content=\"Estimated reading time\" \/>\n\t<meta name=\"twitter:data2\" content=\"3 minutes\" \/>\n<script type=\"application\/ld+json\" class=\"yoast-schema-graph\">{\"@context\":\"https:\\\/\\\/schema.org\",\"@graph\":[{\"@type\":\"Article\",\"@id\":\"https:\\\/\\\/fotografovanie.eu\\\/fotografovanie-architektury-a-mestskych-priestorov-linie-perspektiva-a-svetlo\\\/#article\",\"isPartOf\":{\"@id\":\"https:\\\/\\\/fotografovanie.eu\\\/fotografovanie-architektury-a-mestskych-priestorov-linie-perspektiva-a-svetlo\\\/\"},\"author\":{\"name\":\"fotograf\",\"@id\":\"https:\\\/\\\/fotografovanie.eu\\\/#\\\/schema\\\/person\\\/b61f1c3bde5c2b19f8d96cf591b65d4b\"},\"headline\":\"Fotografovanie architekt\u00fary a mestsk\u00fdch priestorov: l\u00ednie, perspekt\u00edva a svetlo\",\"datePublished\":\"2026-02-05T04:44:46+00:00\",\"mainEntityOfPage\":{\"@id\":\"https:\\\/\\\/fotografovanie.eu\\\/fotografovanie-architektury-a-mestskych-priestorov-linie-perspektiva-a-svetlo\\\/\"},\"wordCount\":450,\"publisher\":{\"@id\":\"https:\\\/\\\/fotografovanie.eu\\\/#organization\"},\"image\":{\"@id\":\"https:\\\/\\\/fotografovanie.eu\\\/fotografovanie-architektury-a-mestskych-priestorov-linie-perspektiva-a-svetlo\\\/#primaryimage\"},\"thumbnailUrl\":\"https:\\\/\\\/fotografovanie.eu\\\/wp-content\\\/uploads\\\/2026\\\/01\\\/42e4397efc15f7a978ce777a0744eb86b72d23eb779b548a35240988b6fa6f03.webp\",\"keywords\":[\"techniky fotenia\"],\"articleSection\":[\"Fotografick\u00e9 in\u0161pir\u00e1cie\",\"Fotografick\u00e9 \u0161t\u00fdly\",\"Fotografovanie\"],\"inLanguage\":\"en-GB\"},{\"@type\":\"WebPage\",\"@id\":\"https:\\\/\\\/fotografovanie.eu\\\/fotografovanie-architektury-a-mestskych-priestorov-linie-perspektiva-a-svetlo\\\/\",\"url\":\"https:\\\/\\\/fotografovanie.eu\\\/fotografovanie-architektury-a-mestskych-priestorov-linie-perspektiva-a-svetlo\\\/\",\"name\":\"Fotografovanie architekt\u00fary a mestsk\u00fdch priestorov: l\u00ednie, perspekt\u00edva a svetlo \u2013 Fotografovanie.eu\",\"isPartOf\":{\"@id\":\"https:\\\/\\\/fotografovanie.eu\\\/#website\"},\"primaryImageOfPage\":{\"@id\":\"https:\\\/\\\/fotografovanie.eu\\\/fotografovanie-architektury-a-mestskych-priestorov-linie-perspektiva-a-svetlo\\\/#primaryimage\"},\"image\":{\"@id\":\"https:\\\/\\\/fotografovanie.eu\\\/fotografovanie-architektury-a-mestskych-priestorov-linie-perspektiva-a-svetlo\\\/#primaryimage\"},\"thumbnailUrl\":\"https:\\\/\\\/fotografovanie.eu\\\/wp-content\\\/uploads\\\/2026\\\/01\\\/42e4397efc15f7a978ce777a0744eb86b72d23eb779b548a35240988b6fa6f03.webp\",\"datePublished\":\"2026-02-05T04:44:46+00:00\",\"description\":\"Architekt\u00fara u\u010d\u00ed fotografa presnosti. L\u00ednie, symetria a perspekt\u00edva neodp\u00fa\u0161\u0165aj\u00fa chyby, no z\u00e1rove\u0148 pon\u00fakaj\u00fa obrovsk\u00fd priestor pre kreativitu. Ke\u010f zvl\u00e1dne\u0161 Praktick\u00e9 tipy, n\u00e1vody a trendy zo sveta fotografie. Praktick\u00fd sprievodca fotografovan\u00edm architekt\u00fary. Ako pracova\u0165 s l\u00edniami, perspekt\u00edvou a svetlom v mestskom prostred\u00ed.\",\"breadcrumb\":{\"@id\":\"https:\\\/\\\/fotografovanie.eu\\\/fotografovanie-architektury-a-mestskych-priestorov-linie-perspektiva-a-svetlo\\\/#breadcrumb\"},\"inLanguage\":\"en-GB\",\"potentialAction\":[{\"@type\":\"ReadAction\",\"target\":[\"https:\\\/\\\/fotografovanie.eu\\\/fotografovanie-architektury-a-mestskych-priestorov-linie-perspektiva-a-svetlo\\\/\"]}]},{\"@type\":\"ImageObject\",\"inLanguage\":\"en-GB\",\"@id\":\"https:\\\/\\\/fotografovanie.eu\\\/fotografovanie-architektury-a-mestskych-priestorov-linie-perspektiva-a-svetlo\\\/#primaryimage\",\"url\":\"https:\\\/\\\/fotografovanie.eu\\\/wp-content\\\/uploads\\\/2026\\\/01\\\/42e4397efc15f7a978ce777a0744eb86b72d23eb779b548a35240988b6fa6f03.webp\",\"contentUrl\":\"https:\\\/\\\/fotografovanie.eu\\\/wp-content\\\/uploads\\\/2026\\\/01\\\/42e4397efc15f7a978ce777a0744eb86b72d23eb779b548a35240988b6fa6f03.webp\",\"width\":1024,\"height\":1536,\"caption\":\"Fotograf stoj\u00ed pred modernou budovou v meste po\u010das zlatej hodiny, fot\u00ed architekt\u00faru z n\u00edzkeho uhla, \u010dist\u00e9 l\u00ednie stavby a tepl\u00e9 ve\u010dern\u00e9 svetlo\"},{\"@type\":\"BreadcrumbList\",\"@id\":\"https:\\\/\\\/fotografovanie.eu\\\/fotografovanie-architektury-a-mestskych-priestorov-linie-perspektiva-a-svetlo\\\/#breadcrumb\",\"itemListElement\":[{\"@type\":\"ListItem\",\"position\":1,\"name\":\"Domov\",\"item\":\"https:\\\/\\\/fotografovanie.eu\\\/\"},{\"@type\":\"ListItem\",\"position\":2,\"name\":\"Fotografovanie architekt\u00fary a mestsk\u00fdch priestorov: l\u00ednie, perspekt\u00edva a svetlo\"}]},{\"@type\":\"WebSite\",\"@id\":\"https:\\\/\\\/fotografovanie.eu\\\/#website\",\"url\":\"https:\\\/\\\/fotografovanie.eu\\\/\",\"name\":\"Modern\u00fd magaz\u00edn o fotografii\",\"description\":\"\",\"publisher\":{\"@id\":\"https:\\\/\\\/fotografovanie.eu\\\/#organization\"},\"potentialAction\":[{\"@type\":\"SearchAction\",\"target\":{\"@type\":\"EntryPoint\",\"urlTemplate\":\"https:\\\/\\\/fotografovanie.eu\\\/?s={search_term_string}\"},\"query-input\":{\"@type\":\"PropertyValueSpecification\",\"valueRequired\":true,\"valueName\":\"search_term_string\"}}],\"inLanguage\":\"en-GB\"},{\"@type\":\"Organization\",\"@id\":\"https:\\\/\\\/fotografovanie.eu\\\/#organization\",\"name\":\"Fotografovanie.eu\",\"alternateName\":\"Blog o fotografovan\u00ed\",\"url\":\"https:\\\/\\\/fotografovanie.eu\\\/\",\"logo\":{\"@type\":\"ImageObject\",\"inLanguage\":\"en-GB\",\"@id\":\"https:\\\/\\\/fotografovanie.eu\\\/#\\\/schema\\\/logo\\\/image\\\/\",\"url\":\"https:\\\/\\\/fotografovanie.eu\\\/wp-content\\\/uploads\\\/2026\\\/01\\\/cropped-0aaf3e3322a519e411873510629b829197a60c1506f5632424da96c13ebeedf4-2.webp\",\"contentUrl\":\"https:\\\/\\\/fotografovanie.eu\\\/wp-content\\\/uploads\\\/2026\\\/01\\\/cropped-0aaf3e3322a519e411873510629b829197a60c1506f5632424da96c13ebeedf4-2.webp\",\"width\":85,\"height\":62,\"caption\":\"Fotografovanie.eu\"},\"image\":{\"@id\":\"https:\\\/\\\/fotografovanie.eu\\\/#\\\/schema\\\/logo\\\/image\\\/\"}},{\"@type\":\"Person\",\"@id\":\"https:\\\/\\\/fotografovanie.eu\\\/#\\\/schema\\\/person\\\/b61f1c3bde5c2b19f8d96cf591b65d4b\",\"name\":\"fotograf\",\"image\":{\"@type\":\"ImageObject\",\"inLanguage\":\"en-GB\",\"@id\":\"https:\\\/\\\/secure.gravatar.com\\\/avatar\\\/9d9b62d4ef8f95cbb50bd1d4f4d90625767e3c665eec5470448cf0917c71e5a3?s=96&d=mm&r=g\",\"url\":\"https:\\\/\\\/secure.gravatar.com\\\/avatar\\\/9d9b62d4ef8f95cbb50bd1d4f4d90625767e3c665eec5470448cf0917c71e5a3?s=96&d=mm&r=g\",\"contentUrl\":\"https:\\\/\\\/secure.gravatar.com\\\/avatar\\\/9d9b62d4ef8f95cbb50bd1d4f4d90625767e3c665eec5470448cf0917c71e5a3?s=96&d=mm&r=g\",\"caption\":\"fotograf\"},\"url\":\"https:\\\/\\\/fotografovanie.eu\\\/en\\\/author\\\/fotograf\\\/\"}]}<\/script>\n<!-- \/ Yoast SEO plugin. -->","yoast_head_json":{"title":"Fotografovanie architekt\u00fary a mestsk\u00fdch priestorov: l\u00ednie, perspekt\u00edva a svetlo \u2013 Fotografovanie.eu","description":"Architekt\u00fara u\u010d\u00ed fotografa presnosti. L\u00ednie, symetria a perspekt\u00edva neodp\u00fa\u0161\u0165aj\u00fa chyby, no z\u00e1rove\u0148 pon\u00fakaj\u00fa obrovsk\u00fd priestor pre kreativitu. Ke\u010f zvl\u00e1dne\u0161 Praktick\u00e9 tipy, n\u00e1vody a trendy zo sveta fotografie. Praktick\u00fd sprievodca fotografovan\u00edm architekt\u00fary. Ako pracova\u0165 s l\u00edniami, perspekt\u00edvou a svetlom v mestskom prostred\u00ed.","robots":{"index":"index","follow":"follow","max-snippet":"max-snippet:-1","max-image-preview":"max-image-preview:large","max-video-preview":"max-video-preview:-1"},"canonical":"https:\/\/fotografovanie.eu\/en\/fotografovanie-architektury-a-mestskych-priestorov-linie-perspektiva-a-svetlo\/","og_locale":"en_GB","og_type":"article","og_title":"Fotografovanie architekt\u00fary a mestsk\u00fdch priestorov: l\u00ednie, perspekt\u00edva a svetlo \u2013 Fotografovanie.eu","og_description":"Architekt\u00fara u\u010d\u00ed fotografa presnosti. L\u00ednie, symetria a perspekt\u00edva neodp\u00fa\u0161\u0165aj\u00fa chyby, no z\u00e1rove\u0148 pon\u00fakaj\u00fa obrovsk\u00fd priestor pre kreativitu. Ke\u010f zvl\u00e1dne\u0161 Praktick\u00e9 tipy, n\u00e1vody a trendy zo sveta fotografie. Praktick\u00fd sprievodca fotografovan\u00edm architekt\u00fary. Ako pracova\u0165 s l\u00edniami, perspekt\u00edvou a svetlom v mestskom prostred\u00ed.","og_url":"https:\/\/fotografovanie.eu\/en\/fotografovanie-architektury-a-mestskych-priestorov-linie-perspektiva-a-svetlo\/","og_site_name":"Modern\u00fd magaz\u00edn o fotografii","article_published_time":"2026-02-05T04:44:46+00:00","og_image":[{"width":1024,"height":1536,"url":"https:\/\/fotografovanie.eu\/wp-content\/uploads\/2026\/01\/42e4397efc15f7a978ce777a0744eb86b72d23eb779b548a35240988b6fa6f03.jpg","type":"image\/jpeg"}],"author":"fotograf","twitter_card":"summary_large_image","twitter_misc":{"Written by":"fotograf","Estimated reading time":"3 minutes"},"schema":{"@context":"https:\/\/schema.org","@graph":[{"@type":"Article","@id":"https:\/\/fotografovanie.eu\/fotografovanie-architektury-a-mestskych-priestorov-linie-perspektiva-a-svetlo\/#article","isPartOf":{"@id":"https:\/\/fotografovanie.eu\/fotografovanie-architektury-a-mestskych-priestorov-linie-perspektiva-a-svetlo\/"},"author":{"name":"fotograf","@id":"https:\/\/fotografovanie.eu\/#\/schema\/person\/b61f1c3bde5c2b19f8d96cf591b65d4b"},"headline":"Fotografovanie architekt\u00fary a mestsk\u00fdch priestorov: l\u00ednie, perspekt\u00edva a svetlo","datePublished":"2026-02-05T04:44:46+00:00","mainEntityOfPage":{"@id":"https:\/\/fotografovanie.eu\/fotografovanie-architektury-a-mestskych-priestorov-linie-perspektiva-a-svetlo\/"},"wordCount":450,"publisher":{"@id":"https:\/\/fotografovanie.eu\/#organization"},"image":{"@id":"https:\/\/fotografovanie.eu\/fotografovanie-architektury-a-mestskych-priestorov-linie-perspektiva-a-svetlo\/#primaryimage"},"thumbnailUrl":"https:\/\/fotografovanie.eu\/wp-content\/uploads\/2026\/01\/42e4397efc15f7a978ce777a0744eb86b72d23eb779b548a35240988b6fa6f03.webp","keywords":["techniky fotenia"],"articleSection":["Fotografick\u00e9 in\u0161pir\u00e1cie","Fotografick\u00e9 \u0161t\u00fdly","Fotografovanie"],"inLanguage":"en-GB"},{"@type":"WebPage","@id":"https:\/\/fotografovanie.eu\/fotografovanie-architektury-a-mestskych-priestorov-linie-perspektiva-a-svetlo\/","url":"https:\/\/fotografovanie.eu\/fotografovanie-architektury-a-mestskych-priestorov-linie-perspektiva-a-svetlo\/","name":"Fotografovanie architekt\u00fary a mestsk\u00fdch priestorov: l\u00ednie, perspekt\u00edva a svetlo \u2013 Fotografovanie.eu","isPartOf":{"@id":"https:\/\/fotografovanie.eu\/#website"},"primaryImageOfPage":{"@id":"https:\/\/fotografovanie.eu\/fotografovanie-architektury-a-mestskych-priestorov-linie-perspektiva-a-svetlo\/#primaryimage"},"image":{"@id":"https:\/\/fotografovanie.eu\/fotografovanie-architektury-a-mestskych-priestorov-linie-perspektiva-a-svetlo\/#primaryimage"},"thumbnailUrl":"https:\/\/fotografovanie.eu\/wp-content\/uploads\/2026\/01\/42e4397efc15f7a978ce777a0744eb86b72d23eb779b548a35240988b6fa6f03.webp","datePublished":"2026-02-05T04:44:46+00:00","description":"Architekt\u00fara u\u010d\u00ed fotografa presnosti. L\u00ednie, symetria a perspekt\u00edva neodp\u00fa\u0161\u0165aj\u00fa chyby, no z\u00e1rove\u0148 pon\u00fakaj\u00fa obrovsk\u00fd priestor pre kreativitu. Ke\u010f zvl\u00e1dne\u0161 Praktick\u00e9 tipy, n\u00e1vody a trendy zo sveta fotografie. Praktick\u00fd sprievodca fotografovan\u00edm architekt\u00fary. Ako pracova\u0165 s l\u00edniami, perspekt\u00edvou a svetlom v mestskom prostred\u00ed.","breadcrumb":{"@id":"https:\/\/fotografovanie.eu\/fotografovanie-architektury-a-mestskych-priestorov-linie-perspektiva-a-svetlo\/#breadcrumb"},"inLanguage":"en-GB","potentialAction":[{"@type":"ReadAction","target":["https:\/\/fotografovanie.eu\/fotografovanie-architektury-a-mestskych-priestorov-linie-perspektiva-a-svetlo\/"]}]},{"@type":"ImageObject","inLanguage":"en-GB","@id":"https:\/\/fotografovanie.eu\/fotografovanie-architektury-a-mestskych-priestorov-linie-perspektiva-a-svetlo\/#primaryimage","url":"https:\/\/fotografovanie.eu\/wp-content\/uploads\/2026\/01\/42e4397efc15f7a978ce777a0744eb86b72d23eb779b548a35240988b6fa6f03.webp","contentUrl":"https:\/\/fotografovanie.eu\/wp-content\/uploads\/2026\/01\/42e4397efc15f7a978ce777a0744eb86b72d23eb779b548a35240988b6fa6f03.webp","width":1024,"height":1536,"caption":"Fotograf stoj\u00ed pred modernou budovou v meste po\u010das zlatej hodiny, fot\u00ed architekt\u00faru z n\u00edzkeho uhla, \u010dist\u00e9 l\u00ednie stavby a tepl\u00e9 ve\u010dern\u00e9 svetlo"},{"@type":"BreadcrumbList","@id":"https:\/\/fotografovanie.eu\/fotografovanie-architektury-a-mestskych-priestorov-linie-perspektiva-a-svetlo\/#breadcrumb","itemListElement":[{"@type":"ListItem","position":1,"name":"Domov","item":"https:\/\/fotografovanie.eu\/"},{"@type":"ListItem","position":2,"name":"Fotografovanie architekt\u00fary a mestsk\u00fdch priestorov: l\u00ednie, perspekt\u00edva a svetlo"}]},{"@type":"WebSite","@id":"https:\/\/fotografovanie.eu\/#website","url":"https:\/\/fotografovanie.eu\/","name":"Modern\u00fd magaz\u00edn o fotografii","description":"","publisher":{"@id":"https:\/\/fotografovanie.eu\/#organization"},"potentialAction":[{"@type":"SearchAction","target":{"@type":"EntryPoint","urlTemplate":"https:\/\/fotografovanie.eu\/?s={search_term_string}"},"query-input":{"@type":"PropertyValueSpecification","valueRequired":true,"valueName":"search_term_string"}}],"inLanguage":"en-GB"},{"@type":"Organization","@id":"https:\/\/fotografovanie.eu\/#organization","name":"Fotografovanie.eu","alternateName":"Blog o fotografovan\u00ed","url":"https:\/\/fotografovanie.eu\/","logo":{"@type":"ImageObject","inLanguage":"en-GB","@id":"https:\/\/fotografovanie.eu\/#\/schema\/logo\/image\/","url":"https:\/\/fotografovanie.eu\/wp-content\/uploads\/2026\/01\/cropped-0aaf3e3322a519e411873510629b829197a60c1506f5632424da96c13ebeedf4-2.webp","contentUrl":"https:\/\/fotografovanie.eu\/wp-content\/uploads\/2026\/01\/cropped-0aaf3e3322a519e411873510629b829197a60c1506f5632424da96c13ebeedf4-2.webp","width":85,"height":62,"caption":"Fotografovanie.eu"},"image":{"@id":"https:\/\/fotografovanie.eu\/#\/schema\/logo\/image\/"}},{"@type":"Person","@id":"https:\/\/fotografovanie.eu\/#\/schema\/person\/b61f1c3bde5c2b19f8d96cf591b65d4b","name":"fotograf","image":{"@type":"ImageObject","inLanguage":"en-GB","@id":"https:\/\/secure.gravatar.com\/avatar\/9d9b62d4ef8f95cbb50bd1d4f4d90625767e3c665eec5470448cf0917c71e5a3?s=96&d=mm&r=g","url":"https:\/\/secure.gravatar.com\/avatar\/9d9b62d4ef8f95cbb50bd1d4f4d90625767e3c665eec5470448cf0917c71e5a3?s=96&d=mm&r=g","contentUrl":"https:\/\/secure.gravatar.com\/avatar\/9d9b62d4ef8f95cbb50bd1d4f4d90625767e3c665eec5470448cf0917c71e5a3?s=96&d=mm&r=g","caption":"fotograf"},"url":"https:\/\/fotografovanie.eu\/en\/author\/fotograf\/"}]}},"_links":{"self":[{"href":"https:\/\/fotografovanie.eu\/en\/wp-json\/wp\/v2\/posts\/11514","targetHints":{"allow":["GET"]}}],"collection":[{"href":"https:\/\/fotografovanie.eu\/en\/wp-json\/wp\/v2\/posts"}],"about":[{"href":"https:\/\/fotografovanie.eu\/en\/wp-json\/wp\/v2\/types\/post"}],"author":[{"embeddable":true,"href":"https:\/\/fotografovanie.eu\/en\/wp-json\/wp\/v2\/users\/4"}],"replies":[{"embeddable":true,"href":"https:\/\/fotografovanie.eu\/en\/wp-json\/wp\/v2\/comments?post=11514"}],"version-history":[{"count":0,"href":"https:\/\/fotografovanie.eu\/en\/wp-json\/wp\/v2\/posts\/11514\/revisions"}],"wp:featuredmedia":[{"embeddable":true,"href":"https:\/\/fotografovanie.eu\/en\/wp-json\/wp\/v2\/media\/11289"}],"wp:attachment":[{"href":"https:\/\/fotografovanie.eu\/en\/wp-json\/wp\/v2\/media?parent=11514"}],"wp:term":[{"taxonomy":"category","embeddable":true,"href":"https:\/\/fotografovanie.eu\/en\/wp-json\/wp\/v2\/categories?post=11514"},{"taxonomy":"post_tag","embeddable":true,"href":"https:\/\/fotografovanie.eu\/en\/wp-json\/wp\/v2\/tags?post=11514"}],"curies":[{"name":"wp","href":"https:\/\/api.w.org\/{rel}","templated":true}]}}