{"id":11593,"date":"2026-01-26T07:26:11","date_gmt":"2026-01-26T06:26:11","guid":{"rendered":"https:\/\/fotografovanie.eu\/?p=11593"},"modified":"2026-01-26T07:34:14","modified_gmt":"2026-01-26T06:34:14","slug":"gdpr-pri-fotografovani-ako-legalne-fotit-ludi-ukladat-data-a-zverejnovat-fotografie","status":"publish","type":"post","link":"https:\/\/fotografovanie.eu\/en\/gdpr-pri-fotografovani-ako-legalne-fotit-ludi-ukladat-data-a-zverejnovat-fotografie\/","title":{"rendered":"GDPR pri fotografovan\u00ed: ako leg\u00e1lne foti\u0165 \u013eud\u00ed, uklada\u0165 d\u00e1ta a zverej\u0148ova\u0165 fotografie"},"content":{"rendered":"<article>\n\n<p>Ak fotografuje\u0161 \u013eud\u00ed, pracuje\u0161 s osobn\u00fdmi \u00fadajmi. Meno klienta, e-mail, tv\u00e1r na fotografii, ale aj samotn\u00e9 obr\u00e1zky s\u00fa pod\u013ea GDPR osobn\u00fdmi \u00fadajmi. To znamen\u00e1, \u017ee sa na teba vz\u0165ahuj\u00fa povinnosti, aj ke\u010f si \u017eivnostn\u00edk alebo fot\u00ed\u0161 \u201elen popri pr\u00e1ci\u201c.<\/p>\n\n<p>Mnoh\u00ed fotografi GDPR podce\u0148uj\u00fa. \u010casto si myslia, \u017ee ide len o ve\u013ek\u00e9 firmy. Opak je pravdou.<\/p>\n\n<h2>Kedy sa na fotografa vz\u0165ahuje GDPR<\/h2>\n\n<p>GDPR sa uplat\u0148uje v\u017edy, ke\u010f:<\/p>\n\n<ul>\n<li>fot\u00ed\u0161 identifikovate\u013en\u00e9 osoby<\/li>\n<li>uchov\u00e1va\u0161 kontaktn\u00e9 \u00fadaje klientov<\/li>\n<li>archivuje\u0161 fotografie<\/li>\n<li>zverej\u0148uje\u0161 sn\u00edmky online<\/li>\n<\/ul>\n\n<p>Tv\u00e1r osoby je biometrick\u00fd \u00fadaj. Aj oby\u010dajn\u00fd portr\u00e9t teda spad\u00e1 pod ochranu osobn\u00fdch \u00fadajov.<\/p>\n\n<h2>Pr\u00e1vny z\u00e1klad spracovania fotografi\u00ed<\/h2>\n\n<p>Fotografie m\u00f4\u017ee\u0161 sprac\u00fava\u0165 len vtedy, ak m\u00e1\u0161 pr\u00e1vny z\u00e1klad:<\/p>\n\n<ul>\n<li>s\u00fahlas osoby (model release)<\/li>\n<li>plnenie zmluvy<\/li>\n<li>opr\u00e1vnen\u00fd z\u00e1ujem<\/li>\n<\/ul>\n\n<p>Najistej\u0161ou cestou je kombin\u00e1cia zmluvy a model release. Z\u00e1klady s\u00fahlasu vysvet\u013eujem v \u010dl\u00e1nku <a href=\"\/en\/model-release-suhlas-so-zverejnenim-fotografii-kompletny-sprievodca-pre-fotografov-vzor-na-stiahnutie\/\">Model release \u2013 s\u00fahlas so zverejnen\u00edm fotografi\u00ed<\/a>.<\/p>\n\n<h2>Ukladanie fotografi\u00ed a osobn\u00fdch \u00fadajov<\/h2>\n\n<p>GDPR vy\u017eaduje primeran\u00e9 zabezpe\u010denie d\u00e1t. To znamen\u00e1:<\/p>\n\n<ul>\n<li>hesl\u00e1 na po\u010d\u00edta\u010di<\/li>\n<li>\u0161ifrovan\u00e9 disky<\/li>\n<li>obmedzen\u00fd pr\u00edstup<\/li>\n<li>jasn\u00fa dobu archiv\u00e1cie<\/li>\n<\/ul>\n\n<p>T\u00e9mu archiv\u00e1cie rie\u0161im podrobne v \u010dl\u00e1nku <a href=\"\/en\/archivacia-fotografii-ako-dlho-ma-fotograf-drzat-data-a-kto-nesie-zodpovednost-po-odovzdani\/\">Archiv\u00e1cia fotografi\u00ed: ako dlho m\u00e1 fotograf dr\u017ea\u0165 d\u00e1ta<\/a>.<\/p>\n\n<h2>Zverej\u0148ovanie fotografi\u00ed na webe a soci\u00e1lnych sie\u0165ach<\/h2>\n\n<p>Bez s\u00fahlasu nem\u00e1\u0161 pr\u00e1vo zverej\u0148ova\u0165 portr\u00e9ty klientov vo svojom portf\u00f3liu. Plat\u00ed to aj pre Instagram \u010di Facebook.<\/p>\n\n<p>V\u00fdnimkou s\u00fa report\u00e1\u017ene fotografie z verejn\u00fdch podujat\u00ed, kde osoby nie s\u00fa hlavn\u00fdm mot\u00edvom.<\/p>\n\n<h2>GDPR ako s\u00fa\u010das\u0165 workflow fotografa<\/h2>\n\n<p>GDPR by malo by\u0165 prirodzenou s\u00fa\u010das\u0165ou tvojho procesu:<\/p>\n\n<ul>\n<li>zmluva s klientom<\/li>\n<li>model release<\/li>\n<li>licencia<\/li>\n<li>odovzd\u00e1vac\u00ed protokol<\/li>\n<li>archiv\u00e1cia<\/li>\n<\/ul>\n\n<p>Cel\u00fd syst\u00e9m spolupr\u00e1ce je pop\u00edsan\u00fd v <a href=\"\/en\/workflow-fotografa-od-prveho-dopytu-az-po-odovzdanie-fotografii\/\">Workflow fotografa: od prv\u00e9ho dopytu a\u017e po odovzdanie fotografi\u00ed<\/a>.<\/p>\n\n<h2>Sk\u00fasenos\u0165 z praxe<\/h2>\n\n<p>Klienti sa \u010doraz \u010dastej\u0161ie p\u00fdtaj\u00fa, ako naklad\u00e1\u0161 s ich fotografiami. Ke\u010f m\u00e1\u0161 pripraven\u00e9 dokumenty a vie\u0161 odpoveda\u0165, p\u00f4sob\u00ed\u0161 profesion\u00e1lne a d\u00f4veryhodne.<\/p>\n\n<section class=\"faq\">\n\n<h2>FAQ \u2013 naj\u010dastej\u0161ie ot\u00e1zky<\/h2>\n\n<details>\n<summary>Potrebujem model release na ka\u017ed\u00e9 fotenie?<\/summary>\n<p>Ak chce\u0161 fotky pou\u017e\u00edva\u0165 v portf\u00f3liu alebo marketingu, \u00e1no.<\/p>\n<\/details>\n\n<details>\n<summary>M\u00f4\u017eem zverejni\u0165 svadobn\u00e9 fotky bez s\u00fahlasu?<\/summary>\n<p>Nie, pokia\u013e nie je s\u00fahlas uveden\u00fd v zmluve alebo model release.<\/p>\n<\/details>\n\n<details>\n<summary>Ako dlho m\u00f4\u017eem uchov\u00e1va\u0165 fotografie?<\/summary>\n<p>Len po dobu nevyhnutn\u00fa na splnenie \u00fa\u010delu alebo pod\u013ea dohody s klientom.<\/p>\n<\/details>\n\n<details>\n<summary>Hrozia fotografom pokuty?<\/summary>\n<p>\u00c1no, GDPR sa vz\u0165ahuje aj na \u017eivnostn\u00edkov.<\/p>\n<\/details>\n\n<\/section>\n\n<\/article>\n\n\n\n<!-- Blok na web: GDPR inform\u00e1cia o sprac\u00favan\u00ed osobn\u00fdch \u00fadajov \u2013 stiahnutie zadarmo -->\n<section class=\"download-contract\" aria-label=\"GDPR inform\u00e1cia o sprac\u00favan\u00ed osobn\u00fdch \u00fadajov \u2013 stiahnutie\">\n  <div class=\"download-contract__wrap\">\n    <h2>GDPR inform\u00e1cia o sprac\u00favan\u00ed osobn\u00fdch \u00fadajov (zadarmo na stiahnutie)<\/h2>\n\n    <p>\n      Ak fotografuje\u0161 \u013eud\u00ed a pracuje\u0161 s ich kontaktn\u00fdmi \u00fadajmi \u010di fotografiami, m\u00e1\u0161 pod\u013ea GDPR povinnos\u0165\n      klienta informova\u0165 o sprac\u00favan\u00ed osobn\u00fdch \u00fadajov. Tento dokument sl\u00fa\u017ei ako ofici\u00e1lna inform\u00e1cia,\n      ktor\u00fa m\u00f4\u017ee\u0161 prilo\u017ei\u0165 k zmluve alebo posla\u0165 klientovi pred foten\u00edm.\n    <\/p>\n\n    <ul>\n      <li>\u2705 povinn\u00fd GDPR dokument pre fotografov<\/li>\n      <li>\u2705 vysvetlenie \u00fa\u010delu sprac\u00favania \u00fadajov<\/li>\n      <li>\u2705 pr\u00e1va klienta pod\u013ea GDPR<\/li>\n      <li>\u2705 Google Docs verzia pripraven\u00e1 na \u00fapravy<\/li>\n    <\/ul>\n\n    <p class=\"download-contract__actions\">\n      <a class=\"download-contract__btn\"\n         href=\"https:\/\/docs.google.com\/document\/d\/1jOBRVqNUuOuCyvndxq9OXfm4-lTR74eo8zi4D7n6v7M\/edit?usp=sharing\"\n         target=\"_blank\" rel=\"noopener\">\n        \ud83d\udcc4 Stiahnu\u0165 GDPR informa\u010dn\u00fd dokument zadarmo\n      <\/a>\n    <\/p>\n\n    <p class=\"download-contract__note\">\n      Tip: Po otvoren\u00ed klikni na <strong>S\u00fabor \u2192 Vytvori\u0165 k\u00f3piu<\/strong> (vlastn\u00e1 verzia na \u00fapravy).\n      Pre PDF vyber <strong>S\u00fabor \u2192 Stiahnu\u0165 \u2192 PDF<\/strong>.\n    <\/p>\n  <\/div>\n<\/section>\n\n<style>\n  .download-contract { margin: 26px 0; }\n  .download-contract__wrap{\n    border: 1px solid rgba(0,0,0,.12);\n    border-radius: 14px;\n    padding: 20px 18px 16px;\n    background: #fff;\n  }\n  .download-contract h2{\n    margin: 0 0 12px;\n    font-size: 1.35rem;\n    line-height: 1.3;\n  }\n  .download-contract p{ margin: 10px 0; line-height: 1.6; }\n  .download-contract ul{ margin: 10px 0 14px 18px; }\n  .download-contract li{ margin: 6px 0; }\n  .download-contract__actions{ margin: 14px 0 8px; }\n  .download-contract__btn{\n    display: inline-block;\n    padding: 12px 16px;\n    border-radius: 10px;\n    text-decoration: none;\n    font-weight: 700;\n    border: 1px solid rgba(0,0,0,.18);\n  }\n  .download-contract__btn:hover{ opacity: .9; }\n  .download-contract__note{\n    font-size: .95rem;\n    opacity: .85;\n    margin-top: 10px;\n  }\n<\/style>\n\n\n\n<!-- Blok na web: GDPR s\u00fahlas so spracovan\u00edm osobn\u00fdch \u00fadajov \u2013 stiahnutie zadarmo -->\n<section class=\"download-contract\" aria-label=\"GDPR s\u00fahlas so spracovan\u00edm osobn\u00fdch \u00fadajov \u2013 stiahnutie\">\n  <div class=\"download-contract__wrap\">\n    <h2>GDPR s\u00fahlas so spracovan\u00edm osobn\u00fdch \u00fadajov (zadarmo na stiahnutie)<\/h2>\n\n    <p>\n      Fotografovanie \u013eud\u00ed a n\u00e1sledn\u00e1 komunik\u00e1cia s klientmi zah\u0155\u0148a sprac\u00favanie osobn\u00fdch \u00fadajov.  \n      Tento <strong>s\u00fahlas so spracovan\u00edm osobn\u00fdch \u00fadajov<\/strong> ti pom\u00f4\u017ee z\u00edska\u0165 jasn\u00fd a GDPR-bezpe\u010dn\u00fd s\u00fahlas od klienta,\n      \u010di u\u017e ide o rezerv\u00e1ciu fotenia, zasielanie inform\u00e1ci\u00ed alebo marketingov\u00fa komunik\u00e1ciu.\n    <\/p>\n\n    <ul>\n      <li>\u2705 s\u00fahlas pod\u013ea GDPR pre kontaktovanie klientov<\/li>\n      <li>\u2705 s\u00fahlas na sprac\u00favanie fotografi\u00ed a kontaktn\u00fdch \u00fadajov<\/li>\n      <li>\u2705 vysvetlenie \u00fa\u010delu a doby sprac\u00favania<\/li>\n      <li>\u2705 Google Docs verzia pripraven\u00e1 na \u00fapravy<\/li>\n    <\/ul>\n\n    <p class=\"download-contract__actions\">\n      <a class=\"download-contract__btn\"\n         href=\"https:\/\/docs.google.com\/document\/d\/1Q3-x-nk6nF1nx5ZE1oOiYLbTkThpk2vqX5-kN1Lh-fE\/edit?usp=sharing\"\n         target=\"_blank\" rel=\"noopener\">\n        \ud83d\udcc4 Stiahnu\u0165 GDPR s\u00fahlas zadarmo\n      <\/a>\n    <\/p>\n\n    <p class=\"download-contract__note\">\n      Tip: Po otvoren\u00ed klikni na <strong>S\u00fabor \u2192 Vytvori\u0165 k\u00f3piu<\/strong> (vlastn\u00e1 verzia na \u00fapravy).  \n      Pre PDF vyber <strong>S\u00fabor \u2192 Stiahnu\u0165 \u2192 PDF<\/strong>.\n    <\/p>\n  <\/div>\n<\/section>\n\n<style>\n  .download-contract { margin: 26px 0; }\n  .download-contract__wrap{\n    border: 1px solid rgba(0,0,0,.12);\n    border-radius: 14px;\n    padding: 20px 18px 16px;\n    background: #fff;\n  }\n  .download-contract h2{\n    margin: 0 0 12px;\n    font-size: 1.35rem;\n    line-height: 1.3;\n  }\n  .download-contract p{ margin: 10px 0; line-height: 1.6; }\n  .download-contract ul{ margin: 10px 0 14px 18px; }\n  .download-contract li{ margin: 6px 0; }\n  .download-contract__actions{ margin: 14px 0 8px; }\n  .download-contract__btn{\n    display: inline-block;\n    padding: 12px 16px;\n    border-radius: 10px;\n    text-decoration: none;\n    font-weight: 700;\n    border: 1px solid rgba(0,0,0,.18);\n  }\n  .download-contract__btn:hover{ opacity: .9; }\n  .download-contract__note{\n    font-size: .95rem;\n    opacity: .85;\n    margin-top: 10px;\n  }\n<\/style>","protected":false},"excerpt":{"rendered":"<p>Ak fotografuje\u0161 \u013eud\u00ed, pracuje\u0161 s osobn\u00fdmi \u00fadajmi. Meno klienta, e-mail, tv\u00e1r na fotografii, ale aj samotn\u00e9 obr\u00e1zky s\u00fa pod\u013ea GDPR osobn\u00fdmi \u00fadajmi. To znamen\u00e1, \u017ee sa na teba vz\u0165ahuj\u00fa povinnosti, aj ke\u010f si \u017eivnostn\u00edk alebo fot\u00ed\u0161 \u201elen popri pr\u00e1ci\u201c. Mnoh\u00ed fotografi GDPR podce\u0148uj\u00fa. \u010casto si myslia, \u017ee ide len o ve\u013ek\u00e9 firmy. Opak je pravdou. [&#8230;]\n","protected":false},"author":4,"featured_media":11270,"comment_status":"closed","ping_status":"closed","sticky":false,"template":"","format":"standard","meta":{"footnotes":""},"categories":[123],"tags":[124,122],"class_list":["post-11593","post","type-post","status-publish","format-standard","has-post-thumbnail","hentry","category-zmluvy","tag-business","tag-zmluvy"],"yoast_head":"<!-- This site is optimized with the Yoast SEO plugin v27.4 - https:\/\/yoast.com\/product\/yoast-seo-wordpress\/ -->\n<title>GDPR pri fotografovan\u00ed: ako leg\u00e1lne foti\u0165 \u013eud\u00ed, uklada\u0165 d\u00e1ta a zverej\u0148ova\u0165 fotografie \u2013 Fotografovanie.eu<\/title>\n<meta name=\"description\" content=\"Ak fotografuje\u0161 \u013eud\u00ed, pracuje\u0161 s osobn\u00fdmi \u00fadajmi. Meno klienta, e-mail, tv\u00e1r na fotografii, ale aj samotn\u00e9 obr\u00e1zky s\u00fa pod\u013ea GDPR osobn\u00fdmi \u00fadajmi. To Praktick\u00e9 tipy, n\u00e1vody a trendy zo sveta fotografie. Fotografuje\u0161 \u013eud\u00ed? Zisti, ako sa na teba vz\u0165ahuje GDPR, kedy potrebuje\u0161 s\u00fahlas, ako uklada\u0165 fotky a chr\u00e1ni\u0165 osobn\u00e9 \u00fadaje klientov.\" \/>\n<meta name=\"robots\" content=\"index, follow, max-snippet:-1, max-image-preview:large, max-video-preview:-1\" \/>\n<link rel=\"canonical\" href=\"https:\/\/fotografovanie.eu\/en\/gdpr-pri-fotografovani-ako-legalne-fotit-ludi-ukladat-data-a-zverejnovat-fotografie\/\" \/>\n<meta property=\"og:locale\" content=\"en_GB\" \/>\n<meta property=\"og:type\" content=\"article\" \/>\n<meta property=\"og:title\" content=\"GDPR pri fotografovan\u00ed: ako leg\u00e1lne foti\u0165 \u013eud\u00ed, uklada\u0165 d\u00e1ta a zverej\u0148ova\u0165 fotografie \u2013 Fotografovanie.eu\" \/>\n<meta property=\"og:description\" content=\"Ak fotografuje\u0161 \u013eud\u00ed, pracuje\u0161 s osobn\u00fdmi \u00fadajmi. Meno klienta, e-mail, tv\u00e1r na fotografii, ale aj samotn\u00e9 obr\u00e1zky s\u00fa pod\u013ea GDPR osobn\u00fdmi \u00fadajmi. To Praktick\u00e9 tipy, n\u00e1vody a trendy zo sveta fotografie. Fotografuje\u0161 \u013eud\u00ed? Zisti, ako sa na teba vz\u0165ahuje GDPR, kedy potrebuje\u0161 s\u00fahlas, ako uklada\u0165 fotky a chr\u00e1ni\u0165 osobn\u00e9 \u00fadaje klientov.\" \/>\n<meta property=\"og:url\" content=\"https:\/\/fotografovanie.eu\/en\/gdpr-pri-fotografovani-ako-legalne-fotit-ludi-ukladat-data-a-zverejnovat-fotografie\/\" \/>\n<meta property=\"og:site_name\" content=\"Modern\u00fd magaz\u00edn o fotografii\" \/>\n<meta property=\"article:published_time\" content=\"2026-01-26T06:26:11+00:00\" \/>\n<meta property=\"article:modified_time\" content=\"2026-01-26T06:34:14+00:00\" \/>\n<meta property=\"og:image\" content=\"https:\/\/fotografovanie.eu\/wp-content\/uploads\/2026\/01\/a633813dd3717314c3803adcdb020784ddfe9ff0731a4ed7be257d701517d6d5.jpg\" \/>\n\t<meta property=\"og:image:width\" content=\"1024\" \/>\n\t<meta property=\"og:image:height\" content=\"1536\" \/>\n\t<meta property=\"og:image:type\" content=\"image\/jpeg\" \/>\n<meta name=\"author\" content=\"fotograf\" \/>\n<meta name=\"twitter:card\" content=\"summary_large_image\" \/>\n<meta name=\"twitter:label1\" content=\"Written by\" \/>\n\t<meta name=\"twitter:data1\" content=\"fotograf\" \/>\n\t<meta name=\"twitter:label2\" content=\"Estimated reading time\" \/>\n\t<meta name=\"twitter:data2\" content=\"4 minutes\" \/>\n<script type=\"application\/ld+json\" class=\"yoast-schema-graph\">{\"@context\":\"https:\\\/\\\/schema.org\",\"@graph\":[{\"@type\":\"Article\",\"@id\":\"https:\\\/\\\/fotografovanie.eu\\\/gdpr-pri-fotografovani-ako-legalne-fotit-ludi-ukladat-data-a-zverejnovat-fotografie\\\/#article\",\"isPartOf\":{\"@id\":\"https:\\\/\\\/fotografovanie.eu\\\/gdpr-pri-fotografovani-ako-legalne-fotit-ludi-ukladat-data-a-zverejnovat-fotografie\\\/\"},\"author\":{\"name\":\"fotograf\",\"@id\":\"https:\\\/\\\/fotografovanie.eu\\\/#\\\/schema\\\/person\\\/b61f1c3bde5c2b19f8d96cf591b65d4b\"},\"headline\":\"GDPR pri fotografovan\u00ed: ako leg\u00e1lne foti\u0165 \u013eud\u00ed, uklada\u0165 d\u00e1ta a zverej\u0148ova\u0165 fotografie\",\"datePublished\":\"2026-01-26T06:26:11+00:00\",\"dateModified\":\"2026-01-26T06:34:14+00:00\",\"mainEntityOfPage\":{\"@id\":\"https:\\\/\\\/fotografovanie.eu\\\/gdpr-pri-fotografovani-ako-legalne-fotit-ludi-ukladat-data-a-zverejnovat-fotografie\\\/\"},\"wordCount\":666,\"publisher\":{\"@id\":\"https:\\\/\\\/fotografovanie.eu\\\/#organization\"},\"image\":{\"@id\":\"https:\\\/\\\/fotografovanie.eu\\\/gdpr-pri-fotografovani-ako-legalne-fotit-ludi-ukladat-data-a-zverejnovat-fotografie\\\/#primaryimage\"},\"thumbnailUrl\":\"https:\\\/\\\/fotografovanie.eu\\\/wp-content\\\/uploads\\\/2026\\\/01\\\/a633813dd3717314c3803adcdb020784ddfe9ff0731a4ed7be257d701517d6d5.webp\",\"keywords\":[\"business\",\"zmluvy\"],\"articleSection\":[\"Zmluvy\"],\"inLanguage\":\"en-GB\"},{\"@type\":\"WebPage\",\"@id\":\"https:\\\/\\\/fotografovanie.eu\\\/gdpr-pri-fotografovani-ako-legalne-fotit-ludi-ukladat-data-a-zverejnovat-fotografie\\\/\",\"url\":\"https:\\\/\\\/fotografovanie.eu\\\/gdpr-pri-fotografovani-ako-legalne-fotit-ludi-ukladat-data-a-zverejnovat-fotografie\\\/\",\"name\":\"GDPR pri fotografovan\u00ed: ako leg\u00e1lne foti\u0165 \u013eud\u00ed, uklada\u0165 d\u00e1ta a zverej\u0148ova\u0165 fotografie \u2013 Fotografovanie.eu\",\"isPartOf\":{\"@id\":\"https:\\\/\\\/fotografovanie.eu\\\/#website\"},\"primaryImageOfPage\":{\"@id\":\"https:\\\/\\\/fotografovanie.eu\\\/gdpr-pri-fotografovani-ako-legalne-fotit-ludi-ukladat-data-a-zverejnovat-fotografie\\\/#primaryimage\"},\"image\":{\"@id\":\"https:\\\/\\\/fotografovanie.eu\\\/gdpr-pri-fotografovani-ako-legalne-fotit-ludi-ukladat-data-a-zverejnovat-fotografie\\\/#primaryimage\"},\"thumbnailUrl\":\"https:\\\/\\\/fotografovanie.eu\\\/wp-content\\\/uploads\\\/2026\\\/01\\\/a633813dd3717314c3803adcdb020784ddfe9ff0731a4ed7be257d701517d6d5.webp\",\"datePublished\":\"2026-01-26T06:26:11+00:00\",\"dateModified\":\"2026-01-26T06:34:14+00:00\",\"description\":\"Ak fotografuje\u0161 \u013eud\u00ed, pracuje\u0161 s osobn\u00fdmi \u00fadajmi. Meno klienta, e-mail, tv\u00e1r na fotografii, ale aj samotn\u00e9 obr\u00e1zky s\u00fa pod\u013ea GDPR osobn\u00fdmi \u00fadajmi. To Praktick\u00e9 tipy, n\u00e1vody a trendy zo sveta fotografie. Fotografuje\u0161 \u013eud\u00ed? Zisti, ako sa na teba vz\u0165ahuje GDPR, kedy potrebuje\u0161 s\u00fahlas, ako uklada\u0165 fotky a chr\u00e1ni\u0165 osobn\u00e9 \u00fadaje klientov.\",\"breadcrumb\":{\"@id\":\"https:\\\/\\\/fotografovanie.eu\\\/gdpr-pri-fotografovani-ako-legalne-fotit-ludi-ukladat-data-a-zverejnovat-fotografie\\\/#breadcrumb\"},\"inLanguage\":\"en-GB\",\"potentialAction\":[{\"@type\":\"ReadAction\",\"target\":[\"https:\\\/\\\/fotografovanie.eu\\\/gdpr-pri-fotografovani-ako-legalne-fotit-ludi-ukladat-data-a-zverejnovat-fotografie\\\/\"]}]},{\"@type\":\"ImageObject\",\"inLanguage\":\"en-GB\",\"@id\":\"https:\\\/\\\/fotografovanie.eu\\\/gdpr-pri-fotografovani-ako-legalne-fotit-ludi-ukladat-data-a-zverejnovat-fotografie\\\/#primaryimage\",\"url\":\"https:\\\/\\\/fotografovanie.eu\\\/wp-content\\\/uploads\\\/2026\\\/01\\\/a633813dd3717314c3803adcdb020784ddfe9ff0731a4ed7be257d701517d6d5.webp\",\"contentUrl\":\"https:\\\/\\\/fotografovanie.eu\\\/wp-content\\\/uploads\\\/2026\\\/01\\\/a633813dd3717314c3803adcdb020784ddfe9ff0731a4ed7be257d701517d6d5.webp\",\"width\":1024,\"height\":1536,\"caption\":\"Fotograf stoj\u00ed pred modernou budovou so \u0161irokouhl\u00fdm objekt\u00edvom, v\u00fdrazn\u00e9 l\u00ednie architekt\u00fary, \u010dist\u00e1 obloha a mestsk\u00e9 prostredie\"},{\"@type\":\"BreadcrumbList\",\"@id\":\"https:\\\/\\\/fotografovanie.eu\\\/gdpr-pri-fotografovani-ako-legalne-fotit-ludi-ukladat-data-a-zverejnovat-fotografie\\\/#breadcrumb\",\"itemListElement\":[{\"@type\":\"ListItem\",\"position\":1,\"name\":\"Domov\",\"item\":\"https:\\\/\\\/fotografovanie.eu\\\/\"},{\"@type\":\"ListItem\",\"position\":2,\"name\":\"GDPR pri fotografovan\u00ed: ako leg\u00e1lne foti\u0165 \u013eud\u00ed, uklada\u0165 d\u00e1ta a zverej\u0148ova\u0165 fotografie\"}]},{\"@type\":\"WebSite\",\"@id\":\"https:\\\/\\\/fotografovanie.eu\\\/#website\",\"url\":\"https:\\\/\\\/fotografovanie.eu\\\/\",\"name\":\"Modern\u00fd magaz\u00edn o fotografii\",\"description\":\"\",\"publisher\":{\"@id\":\"https:\\\/\\\/fotografovanie.eu\\\/#organization\"},\"potentialAction\":[{\"@type\":\"SearchAction\",\"target\":{\"@type\":\"EntryPoint\",\"urlTemplate\":\"https:\\\/\\\/fotografovanie.eu\\\/?s={search_term_string}\"},\"query-input\":{\"@type\":\"PropertyValueSpecification\",\"valueRequired\":true,\"valueName\":\"search_term_string\"}}],\"inLanguage\":\"en-GB\"},{\"@type\":\"Organization\",\"@id\":\"https:\\\/\\\/fotografovanie.eu\\\/#organization\",\"name\":\"Fotografovanie.eu\",\"alternateName\":\"Blog o fotografovan\u00ed\",\"url\":\"https:\\\/\\\/fotografovanie.eu\\\/\",\"logo\":{\"@type\":\"ImageObject\",\"inLanguage\":\"en-GB\",\"@id\":\"https:\\\/\\\/fotografovanie.eu\\\/#\\\/schema\\\/logo\\\/image\\\/\",\"url\":\"https:\\\/\\\/fotografovanie.eu\\\/wp-content\\\/uploads\\\/2026\\\/01\\\/cropped-0aaf3e3322a519e411873510629b829197a60c1506f5632424da96c13ebeedf4-2.webp\",\"contentUrl\":\"https:\\\/\\\/fotografovanie.eu\\\/wp-content\\\/uploads\\\/2026\\\/01\\\/cropped-0aaf3e3322a519e411873510629b829197a60c1506f5632424da96c13ebeedf4-2.webp\",\"width\":85,\"height\":62,\"caption\":\"Fotografovanie.eu\"},\"image\":{\"@id\":\"https:\\\/\\\/fotografovanie.eu\\\/#\\\/schema\\\/logo\\\/image\\\/\"}},{\"@type\":\"Person\",\"@id\":\"https:\\\/\\\/fotografovanie.eu\\\/#\\\/schema\\\/person\\\/b61f1c3bde5c2b19f8d96cf591b65d4b\",\"name\":\"fotograf\",\"image\":{\"@type\":\"ImageObject\",\"inLanguage\":\"en-GB\",\"@id\":\"https:\\\/\\\/secure.gravatar.com\\\/avatar\\\/9d9b62d4ef8f95cbb50bd1d4f4d90625767e3c665eec5470448cf0917c71e5a3?s=96&d=mm&r=g\",\"url\":\"https:\\\/\\\/secure.gravatar.com\\\/avatar\\\/9d9b62d4ef8f95cbb50bd1d4f4d90625767e3c665eec5470448cf0917c71e5a3?s=96&d=mm&r=g\",\"contentUrl\":\"https:\\\/\\\/secure.gravatar.com\\\/avatar\\\/9d9b62d4ef8f95cbb50bd1d4f4d90625767e3c665eec5470448cf0917c71e5a3?s=96&d=mm&r=g\",\"caption\":\"fotograf\"},\"url\":\"https:\\\/\\\/fotografovanie.eu\\\/en\\\/author\\\/fotograf\\\/\"}]}<\/script>\n<!-- \/ Yoast SEO plugin. -->","yoast_head_json":{"title":"GDPR pri fotografovan\u00ed: ako leg\u00e1lne foti\u0165 \u013eud\u00ed, uklada\u0165 d\u00e1ta a zverej\u0148ova\u0165 fotografie \u2013 Fotografovanie.eu","description":"Ak fotografuje\u0161 \u013eud\u00ed, pracuje\u0161 s osobn\u00fdmi \u00fadajmi. Meno klienta, e-mail, tv\u00e1r na fotografii, ale aj samotn\u00e9 obr\u00e1zky s\u00fa pod\u013ea GDPR osobn\u00fdmi \u00fadajmi. To Praktick\u00e9 tipy, n\u00e1vody a trendy zo sveta fotografie. Fotografuje\u0161 \u013eud\u00ed? Zisti, ako sa na teba vz\u0165ahuje GDPR, kedy potrebuje\u0161 s\u00fahlas, ako uklada\u0165 fotky a chr\u00e1ni\u0165 osobn\u00e9 \u00fadaje klientov.","robots":{"index":"index","follow":"follow","max-snippet":"max-snippet:-1","max-image-preview":"max-image-preview:large","max-video-preview":"max-video-preview:-1"},"canonical":"https:\/\/fotografovanie.eu\/en\/gdpr-pri-fotografovani-ako-legalne-fotit-ludi-ukladat-data-a-zverejnovat-fotografie\/","og_locale":"en_GB","og_type":"article","og_title":"GDPR pri fotografovan\u00ed: ako leg\u00e1lne foti\u0165 \u013eud\u00ed, uklada\u0165 d\u00e1ta a zverej\u0148ova\u0165 fotografie \u2013 Fotografovanie.eu","og_description":"Ak fotografuje\u0161 \u013eud\u00ed, pracuje\u0161 s osobn\u00fdmi \u00fadajmi. Meno klienta, e-mail, tv\u00e1r na fotografii, ale aj samotn\u00e9 obr\u00e1zky s\u00fa pod\u013ea GDPR osobn\u00fdmi \u00fadajmi. To Praktick\u00e9 tipy, n\u00e1vody a trendy zo sveta fotografie. Fotografuje\u0161 \u013eud\u00ed? Zisti, ako sa na teba vz\u0165ahuje GDPR, kedy potrebuje\u0161 s\u00fahlas, ako uklada\u0165 fotky a chr\u00e1ni\u0165 osobn\u00e9 \u00fadaje klientov.","og_url":"https:\/\/fotografovanie.eu\/en\/gdpr-pri-fotografovani-ako-legalne-fotit-ludi-ukladat-data-a-zverejnovat-fotografie\/","og_site_name":"Modern\u00fd magaz\u00edn o fotografii","article_published_time":"2026-01-26T06:26:11+00:00","article_modified_time":"2026-01-26T06:34:14+00:00","og_image":[{"width":1024,"height":1536,"url":"https:\/\/fotografovanie.eu\/wp-content\/uploads\/2026\/01\/a633813dd3717314c3803adcdb020784ddfe9ff0731a4ed7be257d701517d6d5.jpg","type":"image\/jpeg"}],"author":"fotograf","twitter_card":"summary_large_image","twitter_misc":{"Written by":"fotograf","Estimated reading time":"4 minutes"},"schema":{"@context":"https:\/\/schema.org","@graph":[{"@type":"Article","@id":"https:\/\/fotografovanie.eu\/gdpr-pri-fotografovani-ako-legalne-fotit-ludi-ukladat-data-a-zverejnovat-fotografie\/#article","isPartOf":{"@id":"https:\/\/fotografovanie.eu\/gdpr-pri-fotografovani-ako-legalne-fotit-ludi-ukladat-data-a-zverejnovat-fotografie\/"},"author":{"name":"fotograf","@id":"https:\/\/fotografovanie.eu\/#\/schema\/person\/b61f1c3bde5c2b19f8d96cf591b65d4b"},"headline":"GDPR pri fotografovan\u00ed: ako leg\u00e1lne foti\u0165 \u013eud\u00ed, uklada\u0165 d\u00e1ta a zverej\u0148ova\u0165 fotografie","datePublished":"2026-01-26T06:26:11+00:00","dateModified":"2026-01-26T06:34:14+00:00","mainEntityOfPage":{"@id":"https:\/\/fotografovanie.eu\/gdpr-pri-fotografovani-ako-legalne-fotit-ludi-ukladat-data-a-zverejnovat-fotografie\/"},"wordCount":666,"publisher":{"@id":"https:\/\/fotografovanie.eu\/#organization"},"image":{"@id":"https:\/\/fotografovanie.eu\/gdpr-pri-fotografovani-ako-legalne-fotit-ludi-ukladat-data-a-zverejnovat-fotografie\/#primaryimage"},"thumbnailUrl":"https:\/\/fotografovanie.eu\/wp-content\/uploads\/2026\/01\/a633813dd3717314c3803adcdb020784ddfe9ff0731a4ed7be257d701517d6d5.webp","keywords":["business","zmluvy"],"articleSection":["Zmluvy"],"inLanguage":"en-GB"},{"@type":"WebPage","@id":"https:\/\/fotografovanie.eu\/gdpr-pri-fotografovani-ako-legalne-fotit-ludi-ukladat-data-a-zverejnovat-fotografie\/","url":"https:\/\/fotografovanie.eu\/gdpr-pri-fotografovani-ako-legalne-fotit-ludi-ukladat-data-a-zverejnovat-fotografie\/","name":"GDPR pri fotografovan\u00ed: ako leg\u00e1lne foti\u0165 \u013eud\u00ed, uklada\u0165 d\u00e1ta a zverej\u0148ova\u0165 fotografie \u2013 Fotografovanie.eu","isPartOf":{"@id":"https:\/\/fotografovanie.eu\/#website"},"primaryImageOfPage":{"@id":"https:\/\/fotografovanie.eu\/gdpr-pri-fotografovani-ako-legalne-fotit-ludi-ukladat-data-a-zverejnovat-fotografie\/#primaryimage"},"image":{"@id":"https:\/\/fotografovanie.eu\/gdpr-pri-fotografovani-ako-legalne-fotit-ludi-ukladat-data-a-zverejnovat-fotografie\/#primaryimage"},"thumbnailUrl":"https:\/\/fotografovanie.eu\/wp-content\/uploads\/2026\/01\/a633813dd3717314c3803adcdb020784ddfe9ff0731a4ed7be257d701517d6d5.webp","datePublished":"2026-01-26T06:26:11+00:00","dateModified":"2026-01-26T06:34:14+00:00","description":"Ak fotografuje\u0161 \u013eud\u00ed, pracuje\u0161 s osobn\u00fdmi \u00fadajmi. Meno klienta, e-mail, tv\u00e1r na fotografii, ale aj samotn\u00e9 obr\u00e1zky s\u00fa pod\u013ea GDPR osobn\u00fdmi \u00fadajmi. To Praktick\u00e9 tipy, n\u00e1vody a trendy zo sveta fotografie. Fotografuje\u0161 \u013eud\u00ed? Zisti, ako sa na teba vz\u0165ahuje GDPR, kedy potrebuje\u0161 s\u00fahlas, ako uklada\u0165 fotky a chr\u00e1ni\u0165 osobn\u00e9 \u00fadaje klientov.","breadcrumb":{"@id":"https:\/\/fotografovanie.eu\/gdpr-pri-fotografovani-ako-legalne-fotit-ludi-ukladat-data-a-zverejnovat-fotografie\/#breadcrumb"},"inLanguage":"en-GB","potentialAction":[{"@type":"ReadAction","target":["https:\/\/fotografovanie.eu\/gdpr-pri-fotografovani-ako-legalne-fotit-ludi-ukladat-data-a-zverejnovat-fotografie\/"]}]},{"@type":"ImageObject","inLanguage":"en-GB","@id":"https:\/\/fotografovanie.eu\/gdpr-pri-fotografovani-ako-legalne-fotit-ludi-ukladat-data-a-zverejnovat-fotografie\/#primaryimage","url":"https:\/\/fotografovanie.eu\/wp-content\/uploads\/2026\/01\/a633813dd3717314c3803adcdb020784ddfe9ff0731a4ed7be257d701517d6d5.webp","contentUrl":"https:\/\/fotografovanie.eu\/wp-content\/uploads\/2026\/01\/a633813dd3717314c3803adcdb020784ddfe9ff0731a4ed7be257d701517d6d5.webp","width":1024,"height":1536,"caption":"Fotograf stoj\u00ed pred modernou budovou so \u0161irokouhl\u00fdm objekt\u00edvom, v\u00fdrazn\u00e9 l\u00ednie architekt\u00fary, \u010dist\u00e1 obloha a mestsk\u00e9 prostredie"},{"@type":"BreadcrumbList","@id":"https:\/\/fotografovanie.eu\/gdpr-pri-fotografovani-ako-legalne-fotit-ludi-ukladat-data-a-zverejnovat-fotografie\/#breadcrumb","itemListElement":[{"@type":"ListItem","position":1,"name":"Domov","item":"https:\/\/fotografovanie.eu\/"},{"@type":"ListItem","position":2,"name":"GDPR pri fotografovan\u00ed: ako leg\u00e1lne foti\u0165 \u013eud\u00ed, uklada\u0165 d\u00e1ta a zverej\u0148ova\u0165 fotografie"}]},{"@type":"WebSite","@id":"https:\/\/fotografovanie.eu\/#website","url":"https:\/\/fotografovanie.eu\/","name":"Modern\u00fd magaz\u00edn o fotografii","description":"","publisher":{"@id":"https:\/\/fotografovanie.eu\/#organization"},"potentialAction":[{"@type":"SearchAction","target":{"@type":"EntryPoint","urlTemplate":"https:\/\/fotografovanie.eu\/?s={search_term_string}"},"query-input":{"@type":"PropertyValueSpecification","valueRequired":true,"valueName":"search_term_string"}}],"inLanguage":"en-GB"},{"@type":"Organization","@id":"https:\/\/fotografovanie.eu\/#organization","name":"Fotografovanie.eu","alternateName":"Blog o fotografovan\u00ed","url":"https:\/\/fotografovanie.eu\/","logo":{"@type":"ImageObject","inLanguage":"en-GB","@id":"https:\/\/fotografovanie.eu\/#\/schema\/logo\/image\/","url":"https:\/\/fotografovanie.eu\/wp-content\/uploads\/2026\/01\/cropped-0aaf3e3322a519e411873510629b829197a60c1506f5632424da96c13ebeedf4-2.webp","contentUrl":"https:\/\/fotografovanie.eu\/wp-content\/uploads\/2026\/01\/cropped-0aaf3e3322a519e411873510629b829197a60c1506f5632424da96c13ebeedf4-2.webp","width":85,"height":62,"caption":"Fotografovanie.eu"},"image":{"@id":"https:\/\/fotografovanie.eu\/#\/schema\/logo\/image\/"}},{"@type":"Person","@id":"https:\/\/fotografovanie.eu\/#\/schema\/person\/b61f1c3bde5c2b19f8d96cf591b65d4b","name":"fotograf","image":{"@type":"ImageObject","inLanguage":"en-GB","@id":"https:\/\/secure.gravatar.com\/avatar\/9d9b62d4ef8f95cbb50bd1d4f4d90625767e3c665eec5470448cf0917c71e5a3?s=96&d=mm&r=g","url":"https:\/\/secure.gravatar.com\/avatar\/9d9b62d4ef8f95cbb50bd1d4f4d90625767e3c665eec5470448cf0917c71e5a3?s=96&d=mm&r=g","contentUrl":"https:\/\/secure.gravatar.com\/avatar\/9d9b62d4ef8f95cbb50bd1d4f4d90625767e3c665eec5470448cf0917c71e5a3?s=96&d=mm&r=g","caption":"fotograf"},"url":"https:\/\/fotografovanie.eu\/en\/author\/fotograf\/"}]}},"_links":{"self":[{"href":"https:\/\/fotografovanie.eu\/en\/wp-json\/wp\/v2\/posts\/11593","targetHints":{"allow":["GET"]}}],"collection":[{"href":"https:\/\/fotografovanie.eu\/en\/wp-json\/wp\/v2\/posts"}],"about":[{"href":"https:\/\/fotografovanie.eu\/en\/wp-json\/wp\/v2\/types\/post"}],"author":[{"embeddable":true,"href":"https:\/\/fotografovanie.eu\/en\/wp-json\/wp\/v2\/users\/4"}],"replies":[{"embeddable":true,"href":"https:\/\/fotografovanie.eu\/en\/wp-json\/wp\/v2\/comments?post=11593"}],"version-history":[{"count":0,"href":"https:\/\/fotografovanie.eu\/en\/wp-json\/wp\/v2\/posts\/11593\/revisions"}],"wp:featuredmedia":[{"embeddable":true,"href":"https:\/\/fotografovanie.eu\/en\/wp-json\/wp\/v2\/media\/11270"}],"wp:attachment":[{"href":"https:\/\/fotografovanie.eu\/en\/wp-json\/wp\/v2\/media?parent=11593"}],"wp:term":[{"taxonomy":"category","embeddable":true,"href":"https:\/\/fotografovanie.eu\/en\/wp-json\/wp\/v2\/categories?post=11593"},{"taxonomy":"post_tag","embeddable":true,"href":"https:\/\/fotografovanie.eu\/en\/wp-json\/wp\/v2\/tags?post=11593"}],"curies":[{"name":"wp","href":"https:\/\/api.w.org\/{rel}","templated":true}]}}