{"id":11658,"date":"2026-01-26T08:56:53","date_gmt":"2026-01-26T07:56:53","guid":{"rendered":"https:\/\/fotografovanie.eu\/?p=11658"},"modified":"2026-01-26T08:56:56","modified_gmt":"2026-01-26T07:56:56","slug":"ako-fotit-ludi-ktori-tvrdia-ze-nie-su-fotogenicki-prakticke-tipy-z-praxe","status":"publish","type":"post","link":"https:\/\/fotografovanie.eu\/en\/ako-fotit-ludi-ktori-tvrdia-ze-nie-su-fotogenicki-prakticke-tipy-z-praxe\/","title":{"rendered":"Ako foti\u0165 \u013eud\u00ed, ktor\u00ed tvrdia, \u017ee nie s\u00fa fotogenick\u00ed: praktick\u00e9 tipy z praxe"},"content":{"rendered":"<article>\n\n<p>Takmer ka\u017ed\u00fd fotograf to pozn\u00e1: klient pr\u00edde a hne\u010f povie \u201eja nie som fotogenick\u00fd\u201c.<\/p>\n\n<p>Dobr\u00e1 spr\u00e1va je, \u017ee <strong>foti\u0165 nefotogenick\u00fdch \u013eud\u00ed<\/strong> sa d\u00e1 nau\u010di\u0165.<\/p>\n\n<h2>Pre\u010do si \u013eudia myslia, \u017ee nie s\u00fa fotogenick\u00ed<\/h2>\n\n<ul>\n<li>zl\u00e9 sk\u00fasenosti z minulosti<\/li>\n<li>neistota pred objekt\u00edvom<\/li>\n<li>nespr\u00e1vne p\u00f3zy<\/li>\n<li>tvrd\u00e9 svetlo<\/li>\n<\/ul>\n\n<h2>Za\u010dni rozhovorom<\/h2>\n\n<p>Uvo\u013enen\u00e1 atmosf\u00e9ra je z\u00e1klad. Najprv sa rozpr\u00e1vajte, a\u017e potom fo\u0165.<\/p>\n\n<h2>Pohyb namiesto statick\u00fdch p\u00f3z<\/h2>\n\n<p>Nechaj klienta kr\u00e1\u010da\u0165, oto\u010di\u0165 sa alebo sa jemne usmia\u0165. Pohyb vytv\u00e1ra prirodzenos\u0165.<\/p>\n\n<h2>Svetlo rob\u00ed polovicu pr\u00e1ce<\/h2>\n\n<p>Fotografuj v m\u00e4kkom svetle, vyh\u00fdbaj sa priamemu slnku.<\/p>\n\n<h2>Uk\u00e1\u017e priebe\u017en\u00e9 v\u00fdsledky<\/h2>\n\n<p>Ke\u010f klient vid\u00ed pekn\u00e9 z\u00e1bery, jeho sebavedomie rastie.<\/p>\n\n<h2>Prepojenie s komunik\u00e1ciou po\u010das fotenia<\/h2>\n\n<p>T\u00e1to t\u00e9ma \u00fazko s\u00favis\u00ed s veden\u00edm klienta.<\/p>\n\n<p>Viac n\u00e1jde\u0161 v \u010dl\u00e1nku <a href=\"\/en\/komunikacia-s-klientom-pocas-fotenia-ako-dosiahnut-prirodzene-pozy-a-uvolnene-vyrazy\/\">Komunik\u00e1cia s klientom po\u010das fotenia<\/a>.<\/p>\n\n<h2>Sk\u00fasenos\u0165 z praxe<\/h2>\n\n<p>Najkraj\u0161ie fotografie \u010dasto vznikn\u00fa u \u013eud\u00ed, ktor\u00ed na za\u010diatku tvrdili, \u017ee sa nevedia usmieva\u0165.<\/p>\n\n<section class=\"faq\">\n\n<h2>FAQ \u2013 naj\u010dastej\u0161ie ot\u00e1zky<\/h2>\n\n<details>\n<summary>M\u00f4\u017ee by\u0165 ka\u017ed\u00fd fotogenick\u00fd?<\/summary>\n<p>\u00c1no, pri spr\u00e1vnom svetle a veden\u00ed.<\/p>\n<\/details>\n\n<details>\n<summary>M\u00e1m klientovi hovori\u0165, \u017ee vyzer\u00e1 dobre?<\/summary>\n<p>\u00c1no, \u00faprimn\u00e1 pochvala pom\u00e1ha.<\/p>\n<\/details>\n\n<details>\n<summary>Je lep\u0161ie foti\u0165 zbl\u00edzka alebo z dia\u013eky?<\/summary>\n<p>Za\u010dni mierne z dia\u013eky, klient sa c\u00edti pohodlnej\u0161ie.<\/p>\n<\/details>\n\n<details>\n<summary>Ako pracova\u0165 s v\u00fdrazom tv\u00e1re?<\/summary>\n<p>Rozhovor a humor s\u00fa najlep\u0161ie n\u00e1stroje.<\/p>\n<\/details>\n\n<\/section>\n\n<\/article>","protected":false},"excerpt":{"rendered":"<p>Takmer ka\u017ed\u00fd fotograf to pozn\u00e1: klient pr\u00edde a hne\u010f povie \u201eja nie som fotogenick\u00fd\u201c. Dobr\u00e1 spr\u00e1va je, \u017ee foti\u0165 nefotogenick\u00fdch \u013eud\u00ed sa d\u00e1 nau\u010di\u0165. Pre\u010do si \u013eudia myslia, \u017ee nie s\u00fa fotogenick\u00ed zl\u00e9 sk\u00fasenosti z minulosti neistota pred objekt\u00edvom nespr\u00e1vne p\u00f3zy tvrd\u00e9 svetlo Za\u010dni rozhovorom Uvo\u013enen\u00e1 atmosf\u00e9ra je z\u00e1klad. Najprv sa rozpr\u00e1vajte, a\u017e potom fo\u0165. [&#8230;]\n","protected":false},"author":4,"featured_media":11230,"comment_status":"closed","ping_status":"closed","sticky":false,"template":"","format":"standard","meta":{"footnotes":""},"categories":[125],"tags":[124],"class_list":["post-11658","post","type-post","status-publish","format-standard","has-post-thumbnail","hentry","category-business","tag-business"],"yoast_head":"<!-- This site is optimized with the Yoast SEO plugin v27.4 - https:\/\/yoast.com\/product\/yoast-seo-wordpress\/ -->\n<title>Ako foti\u0165 \u013eud\u00ed, ktor\u00ed tvrdia, \u017ee nie s\u00fa fotogenick\u00ed: praktick\u00e9 tipy z praxe \u2013 Fotografovanie.eu<\/title>\n<meta name=\"description\" content=\"Takmer ka\u017ed\u00fd fotograf to pozn\u00e1: klient pr\u00edde a hne\u010f povie \u201eja nie som fotogenick\u00fd\u201c. Dobr\u00e1 spr\u00e1va je, \u017ee foti\u0165 nefotogenick\u00fdch \u013eud\u00ed sa d\u00e1 nau\u010di\u0165. Pre\u010do si Praktick\u00e9 tipy, n\u00e1vody a trendy zo sveta fotografie. Neviete, ako pracova\u0165 s nefotogenick\u00fdmi klientmi? Praktick\u00e9 rady pre fotografov \u2013 komunik\u00e1cia, p\u00f3zy a techniky na prirodzen\u00e9 portr\u00e9ty.\" \/>\n<meta name=\"robots\" content=\"index, follow, max-snippet:-1, max-image-preview:large, max-video-preview:-1\" \/>\n<link rel=\"canonical\" href=\"https:\/\/fotografovanie.eu\/en\/ako-fotit-ludi-ktori-tvrdia-ze-nie-su-fotogenicki-prakticke-tipy-z-praxe\/\" \/>\n<meta property=\"og:locale\" content=\"en_GB\" \/>\n<meta property=\"og:type\" content=\"article\" \/>\n<meta property=\"og:title\" content=\"Ako foti\u0165 \u013eud\u00ed, ktor\u00ed tvrdia, \u017ee nie s\u00fa fotogenick\u00ed: praktick\u00e9 tipy z praxe \u2013 Fotografovanie.eu\" \/>\n<meta property=\"og:description\" content=\"Takmer ka\u017ed\u00fd fotograf to pozn\u00e1: klient pr\u00edde a hne\u010f povie \u201eja nie som fotogenick\u00fd\u201c. Dobr\u00e1 spr\u00e1va je, \u017ee foti\u0165 nefotogenick\u00fdch \u013eud\u00ed sa d\u00e1 nau\u010di\u0165. Pre\u010do si Praktick\u00e9 tipy, n\u00e1vody a trendy zo sveta fotografie. Neviete, ako pracova\u0165 s nefotogenick\u00fdmi klientmi? Praktick\u00e9 rady pre fotografov \u2013 komunik\u00e1cia, p\u00f3zy a techniky na prirodzen\u00e9 portr\u00e9ty.\" \/>\n<meta property=\"og:url\" content=\"https:\/\/fotografovanie.eu\/en\/ako-fotit-ludi-ktori-tvrdia-ze-nie-su-fotogenicki-prakticke-tipy-z-praxe\/\" \/>\n<meta property=\"og:site_name\" content=\"Modern\u00fd magaz\u00edn o fotografii\" \/>\n<meta property=\"article:published_time\" content=\"2026-01-26T07:56:53+00:00\" \/>\n<meta property=\"article:modified_time\" content=\"2026-01-26T07:56:56+00:00\" \/>\n<meta property=\"og:image\" content=\"https:\/\/fotografovanie.eu\/wp-content\/uploads\/2026\/01\/41e78f49f5de726c8b6a9177703beaa69959c3c129c9002a8aae15cb15f432cc.jpg\" \/>\n\t<meta property=\"og:image:width\" content=\"1024\" \/>\n\t<meta property=\"og:image:height\" content=\"1536\" \/>\n\t<meta property=\"og:image:type\" content=\"image\/jpeg\" \/>\n<meta name=\"author\" content=\"fotograf\" \/>\n<meta name=\"twitter:card\" content=\"summary_large_image\" \/>\n<meta name=\"twitter:label1\" content=\"Written by\" \/>\n\t<meta name=\"twitter:data1\" content=\"fotograf\" \/>\n\t<meta name=\"twitter:label2\" content=\"Estimated reading time\" \/>\n\t<meta name=\"twitter:data2\" content=\"2 minutes\" \/>\n<script type=\"application\/ld+json\" class=\"yoast-schema-graph\">{\"@context\":\"https:\\\/\\\/schema.org\",\"@graph\":[{\"@type\":\"Article\",\"@id\":\"https:\\\/\\\/fotografovanie.eu\\\/ako-fotit-ludi-ktori-tvrdia-ze-nie-su-fotogenicki-prakticke-tipy-z-praxe\\\/#article\",\"isPartOf\":{\"@id\":\"https:\\\/\\\/fotografovanie.eu\\\/ako-fotit-ludi-ktori-tvrdia-ze-nie-su-fotogenicki-prakticke-tipy-z-praxe\\\/\"},\"author\":{\"name\":\"fotograf\",\"@id\":\"https:\\\/\\\/fotografovanie.eu\\\/#\\\/schema\\\/person\\\/b61f1c3bde5c2b19f8d96cf591b65d4b\"},\"headline\":\"Ako foti\u0165 \u013eud\u00ed, ktor\u00ed tvrdia, \u017ee nie s\u00fa fotogenick\u00ed: praktick\u00e9 tipy z praxe\",\"datePublished\":\"2026-01-26T07:56:53+00:00\",\"dateModified\":\"2026-01-26T07:56:56+00:00\",\"mainEntityOfPage\":{\"@id\":\"https:\\\/\\\/fotografovanie.eu\\\/ako-fotit-ludi-ktori-tvrdia-ze-nie-su-fotogenicki-prakticke-tipy-z-praxe\\\/\"},\"wordCount\":252,\"publisher\":{\"@id\":\"https:\\\/\\\/fotografovanie.eu\\\/#organization\"},\"image\":{\"@id\":\"https:\\\/\\\/fotografovanie.eu\\\/ako-fotit-ludi-ktori-tvrdia-ze-nie-su-fotogenicki-prakticke-tipy-z-praxe\\\/#primaryimage\"},\"thumbnailUrl\":\"https:\\\/\\\/fotografovanie.eu\\\/wp-content\\\/uploads\\\/2026\\\/01\\\/41e78f49f5de726c8b6a9177703beaa69959c3c129c9002a8aae15cb15f432cc.webp\",\"keywords\":[\"business\"],\"articleSection\":[\"business\"],\"inLanguage\":\"en-GB\"},{\"@type\":\"WebPage\",\"@id\":\"https:\\\/\\\/fotografovanie.eu\\\/ako-fotit-ludi-ktori-tvrdia-ze-nie-su-fotogenicki-prakticke-tipy-z-praxe\\\/\",\"url\":\"https:\\\/\\\/fotografovanie.eu\\\/ako-fotit-ludi-ktori-tvrdia-ze-nie-su-fotogenicki-prakticke-tipy-z-praxe\\\/\",\"name\":\"Ako foti\u0165 \u013eud\u00ed, ktor\u00ed tvrdia, \u017ee nie s\u00fa fotogenick\u00ed: praktick\u00e9 tipy z praxe \u2013 Fotografovanie.eu\",\"isPartOf\":{\"@id\":\"https:\\\/\\\/fotografovanie.eu\\\/#website\"},\"primaryImageOfPage\":{\"@id\":\"https:\\\/\\\/fotografovanie.eu\\\/ako-fotit-ludi-ktori-tvrdia-ze-nie-su-fotogenicki-prakticke-tipy-z-praxe\\\/#primaryimage\"},\"image\":{\"@id\":\"https:\\\/\\\/fotografovanie.eu\\\/ako-fotit-ludi-ktori-tvrdia-ze-nie-su-fotogenicki-prakticke-tipy-z-praxe\\\/#primaryimage\"},\"thumbnailUrl\":\"https:\\\/\\\/fotografovanie.eu\\\/wp-content\\\/uploads\\\/2026\\\/01\\\/41e78f49f5de726c8b6a9177703beaa69959c3c129c9002a8aae15cb15f432cc.webp\",\"datePublished\":\"2026-01-26T07:56:53+00:00\",\"dateModified\":\"2026-01-26T07:56:56+00:00\",\"description\":\"Takmer ka\u017ed\u00fd fotograf to pozn\u00e1: klient pr\u00edde a hne\u010f povie \u201eja nie som fotogenick\u00fd\u201c. Dobr\u00e1 spr\u00e1va je, \u017ee foti\u0165 nefotogenick\u00fdch \u013eud\u00ed sa d\u00e1 nau\u010di\u0165. Pre\u010do si Praktick\u00e9 tipy, n\u00e1vody a trendy zo sveta fotografie. Neviete, ako pracova\u0165 s nefotogenick\u00fdmi klientmi? Praktick\u00e9 rady pre fotografov \u2013 komunik\u00e1cia, p\u00f3zy a techniky na prirodzen\u00e9 portr\u00e9ty.\",\"breadcrumb\":{\"@id\":\"https:\\\/\\\/fotografovanie.eu\\\/ako-fotit-ludi-ktori-tvrdia-ze-nie-su-fotogenicki-prakticke-tipy-z-praxe\\\/#breadcrumb\"},\"inLanguage\":\"en-GB\",\"potentialAction\":[{\"@type\":\"ReadAction\",\"target\":[\"https:\\\/\\\/fotografovanie.eu\\\/ako-fotit-ludi-ktori-tvrdia-ze-nie-su-fotogenicki-prakticke-tipy-z-praxe\\\/\"]}]},{\"@type\":\"ImageObject\",\"inLanguage\":\"en-GB\",\"@id\":\"https:\\\/\\\/fotografovanie.eu\\\/ako-fotit-ludi-ktori-tvrdia-ze-nie-su-fotogenicki-prakticke-tipy-z-praxe\\\/#primaryimage\",\"url\":\"https:\\\/\\\/fotografovanie.eu\\\/wp-content\\\/uploads\\\/2026\\\/01\\\/41e78f49f5de726c8b6a9177703beaa69959c3c129c9002a8aae15cb15f432cc.webp\",\"contentUrl\":\"https:\\\/\\\/fotografovanie.eu\\\/wp-content\\\/uploads\\\/2026\\\/01\\\/41e78f49f5de726c8b6a9177703beaa69959c3c129c9002a8aae15cb15f432cc.webp\",\"width\":1024,\"height\":1536,\"caption\":\"Portr\u00e9t mladej \u017eeny v exteri\u00e9ri s jemn\u00fdm bokehom v pozad\u00ed, kruhov\u00e9 sveteln\u00e9 odlesky, ostr\u00e1 tv\u00e1r a m\u00e4kk\u00e9 ve\u010dern\u00e9 svetlo\"},{\"@type\":\"BreadcrumbList\",\"@id\":\"https:\\\/\\\/fotografovanie.eu\\\/ako-fotit-ludi-ktori-tvrdia-ze-nie-su-fotogenicki-prakticke-tipy-z-praxe\\\/#breadcrumb\",\"itemListElement\":[{\"@type\":\"ListItem\",\"position\":1,\"name\":\"Domov\",\"item\":\"https:\\\/\\\/fotografovanie.eu\\\/\"},{\"@type\":\"ListItem\",\"position\":2,\"name\":\"Ako foti\u0165 \u013eud\u00ed, ktor\u00ed tvrdia, \u017ee nie s\u00fa fotogenick\u00ed: praktick\u00e9 tipy z praxe\"}]},{\"@type\":\"WebSite\",\"@id\":\"https:\\\/\\\/fotografovanie.eu\\\/#website\",\"url\":\"https:\\\/\\\/fotografovanie.eu\\\/\",\"name\":\"Modern\u00fd magaz\u00edn o fotografii\",\"description\":\"\",\"publisher\":{\"@id\":\"https:\\\/\\\/fotografovanie.eu\\\/#organization\"},\"potentialAction\":[{\"@type\":\"SearchAction\",\"target\":{\"@type\":\"EntryPoint\",\"urlTemplate\":\"https:\\\/\\\/fotografovanie.eu\\\/?s={search_term_string}\"},\"query-input\":{\"@type\":\"PropertyValueSpecification\",\"valueRequired\":true,\"valueName\":\"search_term_string\"}}],\"inLanguage\":\"en-GB\"},{\"@type\":\"Organization\",\"@id\":\"https:\\\/\\\/fotografovanie.eu\\\/#organization\",\"name\":\"Fotografovanie.eu\",\"alternateName\":\"Blog o fotografovan\u00ed\",\"url\":\"https:\\\/\\\/fotografovanie.eu\\\/\",\"logo\":{\"@type\":\"ImageObject\",\"inLanguage\":\"en-GB\",\"@id\":\"https:\\\/\\\/fotografovanie.eu\\\/#\\\/schema\\\/logo\\\/image\\\/\",\"url\":\"https:\\\/\\\/fotografovanie.eu\\\/wp-content\\\/uploads\\\/2026\\\/01\\\/cropped-0aaf3e3322a519e411873510629b829197a60c1506f5632424da96c13ebeedf4-2.webp\",\"contentUrl\":\"https:\\\/\\\/fotografovanie.eu\\\/wp-content\\\/uploads\\\/2026\\\/01\\\/cropped-0aaf3e3322a519e411873510629b829197a60c1506f5632424da96c13ebeedf4-2.webp\",\"width\":85,\"height\":62,\"caption\":\"Fotografovanie.eu\"},\"image\":{\"@id\":\"https:\\\/\\\/fotografovanie.eu\\\/#\\\/schema\\\/logo\\\/image\\\/\"}},{\"@type\":\"Person\",\"@id\":\"https:\\\/\\\/fotografovanie.eu\\\/#\\\/schema\\\/person\\\/b61f1c3bde5c2b19f8d96cf591b65d4b\",\"name\":\"fotograf\",\"image\":{\"@type\":\"ImageObject\",\"inLanguage\":\"en-GB\",\"@id\":\"https:\\\/\\\/secure.gravatar.com\\\/avatar\\\/9d9b62d4ef8f95cbb50bd1d4f4d90625767e3c665eec5470448cf0917c71e5a3?s=96&d=mm&r=g\",\"url\":\"https:\\\/\\\/secure.gravatar.com\\\/avatar\\\/9d9b62d4ef8f95cbb50bd1d4f4d90625767e3c665eec5470448cf0917c71e5a3?s=96&d=mm&r=g\",\"contentUrl\":\"https:\\\/\\\/secure.gravatar.com\\\/avatar\\\/9d9b62d4ef8f95cbb50bd1d4f4d90625767e3c665eec5470448cf0917c71e5a3?s=96&d=mm&r=g\",\"caption\":\"fotograf\"},\"url\":\"https:\\\/\\\/fotografovanie.eu\\\/en\\\/author\\\/fotograf\\\/\"}]}<\/script>\n<!-- \/ Yoast SEO plugin. -->","yoast_head_json":{"title":"Ako foti\u0165 \u013eud\u00ed, ktor\u00ed tvrdia, \u017ee nie s\u00fa fotogenick\u00ed: praktick\u00e9 tipy z praxe \u2013 Fotografovanie.eu","description":"Takmer ka\u017ed\u00fd fotograf to pozn\u00e1: klient pr\u00edde a hne\u010f povie \u201eja nie som fotogenick\u00fd\u201c. Dobr\u00e1 spr\u00e1va je, \u017ee foti\u0165 nefotogenick\u00fdch \u013eud\u00ed sa d\u00e1 nau\u010di\u0165. Pre\u010do si Praktick\u00e9 tipy, n\u00e1vody a trendy zo sveta fotografie. Neviete, ako pracova\u0165 s nefotogenick\u00fdmi klientmi? Praktick\u00e9 rady pre fotografov \u2013 komunik\u00e1cia, p\u00f3zy a techniky na prirodzen\u00e9 portr\u00e9ty.","robots":{"index":"index","follow":"follow","max-snippet":"max-snippet:-1","max-image-preview":"max-image-preview:large","max-video-preview":"max-video-preview:-1"},"canonical":"https:\/\/fotografovanie.eu\/en\/ako-fotit-ludi-ktori-tvrdia-ze-nie-su-fotogenicki-prakticke-tipy-z-praxe\/","og_locale":"en_GB","og_type":"article","og_title":"Ako foti\u0165 \u013eud\u00ed, ktor\u00ed tvrdia, \u017ee nie s\u00fa fotogenick\u00ed: praktick\u00e9 tipy z praxe \u2013 Fotografovanie.eu","og_description":"Takmer ka\u017ed\u00fd fotograf to pozn\u00e1: klient pr\u00edde a hne\u010f povie \u201eja nie som fotogenick\u00fd\u201c. Dobr\u00e1 spr\u00e1va je, \u017ee foti\u0165 nefotogenick\u00fdch \u013eud\u00ed sa d\u00e1 nau\u010di\u0165. Pre\u010do si Praktick\u00e9 tipy, n\u00e1vody a trendy zo sveta fotografie. Neviete, ako pracova\u0165 s nefotogenick\u00fdmi klientmi? Praktick\u00e9 rady pre fotografov \u2013 komunik\u00e1cia, p\u00f3zy a techniky na prirodzen\u00e9 portr\u00e9ty.","og_url":"https:\/\/fotografovanie.eu\/en\/ako-fotit-ludi-ktori-tvrdia-ze-nie-su-fotogenicki-prakticke-tipy-z-praxe\/","og_site_name":"Modern\u00fd magaz\u00edn o fotografii","article_published_time":"2026-01-26T07:56:53+00:00","article_modified_time":"2026-01-26T07:56:56+00:00","og_image":[{"width":1024,"height":1536,"url":"https:\/\/fotografovanie.eu\/wp-content\/uploads\/2026\/01\/41e78f49f5de726c8b6a9177703beaa69959c3c129c9002a8aae15cb15f432cc.jpg","type":"image\/jpeg"}],"author":"fotograf","twitter_card":"summary_large_image","twitter_misc":{"Written by":"fotograf","Estimated reading time":"2 minutes"},"schema":{"@context":"https:\/\/schema.org","@graph":[{"@type":"Article","@id":"https:\/\/fotografovanie.eu\/ako-fotit-ludi-ktori-tvrdia-ze-nie-su-fotogenicki-prakticke-tipy-z-praxe\/#article","isPartOf":{"@id":"https:\/\/fotografovanie.eu\/ako-fotit-ludi-ktori-tvrdia-ze-nie-su-fotogenicki-prakticke-tipy-z-praxe\/"},"author":{"name":"fotograf","@id":"https:\/\/fotografovanie.eu\/#\/schema\/person\/b61f1c3bde5c2b19f8d96cf591b65d4b"},"headline":"Ako foti\u0165 \u013eud\u00ed, ktor\u00ed tvrdia, \u017ee nie s\u00fa fotogenick\u00ed: praktick\u00e9 tipy z praxe","datePublished":"2026-01-26T07:56:53+00:00","dateModified":"2026-01-26T07:56:56+00:00","mainEntityOfPage":{"@id":"https:\/\/fotografovanie.eu\/ako-fotit-ludi-ktori-tvrdia-ze-nie-su-fotogenicki-prakticke-tipy-z-praxe\/"},"wordCount":252,"publisher":{"@id":"https:\/\/fotografovanie.eu\/#organization"},"image":{"@id":"https:\/\/fotografovanie.eu\/ako-fotit-ludi-ktori-tvrdia-ze-nie-su-fotogenicki-prakticke-tipy-z-praxe\/#primaryimage"},"thumbnailUrl":"https:\/\/fotografovanie.eu\/wp-content\/uploads\/2026\/01\/41e78f49f5de726c8b6a9177703beaa69959c3c129c9002a8aae15cb15f432cc.webp","keywords":["business"],"articleSection":["business"],"inLanguage":"en-GB"},{"@type":"WebPage","@id":"https:\/\/fotografovanie.eu\/ako-fotit-ludi-ktori-tvrdia-ze-nie-su-fotogenicki-prakticke-tipy-z-praxe\/","url":"https:\/\/fotografovanie.eu\/ako-fotit-ludi-ktori-tvrdia-ze-nie-su-fotogenicki-prakticke-tipy-z-praxe\/","name":"Ako foti\u0165 \u013eud\u00ed, ktor\u00ed tvrdia, \u017ee nie s\u00fa fotogenick\u00ed: praktick\u00e9 tipy z praxe \u2013 Fotografovanie.eu","isPartOf":{"@id":"https:\/\/fotografovanie.eu\/#website"},"primaryImageOfPage":{"@id":"https:\/\/fotografovanie.eu\/ako-fotit-ludi-ktori-tvrdia-ze-nie-su-fotogenicki-prakticke-tipy-z-praxe\/#primaryimage"},"image":{"@id":"https:\/\/fotografovanie.eu\/ako-fotit-ludi-ktori-tvrdia-ze-nie-su-fotogenicki-prakticke-tipy-z-praxe\/#primaryimage"},"thumbnailUrl":"https:\/\/fotografovanie.eu\/wp-content\/uploads\/2026\/01\/41e78f49f5de726c8b6a9177703beaa69959c3c129c9002a8aae15cb15f432cc.webp","datePublished":"2026-01-26T07:56:53+00:00","dateModified":"2026-01-26T07:56:56+00:00","description":"Takmer ka\u017ed\u00fd fotograf to pozn\u00e1: klient pr\u00edde a hne\u010f povie \u201eja nie som fotogenick\u00fd\u201c. Dobr\u00e1 spr\u00e1va je, \u017ee foti\u0165 nefotogenick\u00fdch \u013eud\u00ed sa d\u00e1 nau\u010di\u0165. Pre\u010do si Praktick\u00e9 tipy, n\u00e1vody a trendy zo sveta fotografie. Neviete, ako pracova\u0165 s nefotogenick\u00fdmi klientmi? Praktick\u00e9 rady pre fotografov \u2013 komunik\u00e1cia, p\u00f3zy a techniky na prirodzen\u00e9 portr\u00e9ty.","breadcrumb":{"@id":"https:\/\/fotografovanie.eu\/ako-fotit-ludi-ktori-tvrdia-ze-nie-su-fotogenicki-prakticke-tipy-z-praxe\/#breadcrumb"},"inLanguage":"en-GB","potentialAction":[{"@type":"ReadAction","target":["https:\/\/fotografovanie.eu\/ako-fotit-ludi-ktori-tvrdia-ze-nie-su-fotogenicki-prakticke-tipy-z-praxe\/"]}]},{"@type":"ImageObject","inLanguage":"en-GB","@id":"https:\/\/fotografovanie.eu\/ako-fotit-ludi-ktori-tvrdia-ze-nie-su-fotogenicki-prakticke-tipy-z-praxe\/#primaryimage","url":"https:\/\/fotografovanie.eu\/wp-content\/uploads\/2026\/01\/41e78f49f5de726c8b6a9177703beaa69959c3c129c9002a8aae15cb15f432cc.webp","contentUrl":"https:\/\/fotografovanie.eu\/wp-content\/uploads\/2026\/01\/41e78f49f5de726c8b6a9177703beaa69959c3c129c9002a8aae15cb15f432cc.webp","width":1024,"height":1536,"caption":"Portr\u00e9t mladej \u017eeny v exteri\u00e9ri s jemn\u00fdm bokehom v pozad\u00ed, kruhov\u00e9 sveteln\u00e9 odlesky, ostr\u00e1 tv\u00e1r a m\u00e4kk\u00e9 ve\u010dern\u00e9 svetlo"},{"@type":"BreadcrumbList","@id":"https:\/\/fotografovanie.eu\/ako-fotit-ludi-ktori-tvrdia-ze-nie-su-fotogenicki-prakticke-tipy-z-praxe\/#breadcrumb","itemListElement":[{"@type":"ListItem","position":1,"name":"Domov","item":"https:\/\/fotografovanie.eu\/"},{"@type":"ListItem","position":2,"name":"Ako foti\u0165 \u013eud\u00ed, ktor\u00ed tvrdia, \u017ee nie s\u00fa fotogenick\u00ed: praktick\u00e9 tipy z praxe"}]},{"@type":"WebSite","@id":"https:\/\/fotografovanie.eu\/#website","url":"https:\/\/fotografovanie.eu\/","name":"Modern\u00fd magaz\u00edn o fotografii","description":"","publisher":{"@id":"https:\/\/fotografovanie.eu\/#organization"},"potentialAction":[{"@type":"SearchAction","target":{"@type":"EntryPoint","urlTemplate":"https:\/\/fotografovanie.eu\/?s={search_term_string}"},"query-input":{"@type":"PropertyValueSpecification","valueRequired":true,"valueName":"search_term_string"}}],"inLanguage":"en-GB"},{"@type":"Organization","@id":"https:\/\/fotografovanie.eu\/#organization","name":"Fotografovanie.eu","alternateName":"Blog o fotografovan\u00ed","url":"https:\/\/fotografovanie.eu\/","logo":{"@type":"ImageObject","inLanguage":"en-GB","@id":"https:\/\/fotografovanie.eu\/#\/schema\/logo\/image\/","url":"https:\/\/fotografovanie.eu\/wp-content\/uploads\/2026\/01\/cropped-0aaf3e3322a519e411873510629b829197a60c1506f5632424da96c13ebeedf4-2.webp","contentUrl":"https:\/\/fotografovanie.eu\/wp-content\/uploads\/2026\/01\/cropped-0aaf3e3322a519e411873510629b829197a60c1506f5632424da96c13ebeedf4-2.webp","width":85,"height":62,"caption":"Fotografovanie.eu"},"image":{"@id":"https:\/\/fotografovanie.eu\/#\/schema\/logo\/image\/"}},{"@type":"Person","@id":"https:\/\/fotografovanie.eu\/#\/schema\/person\/b61f1c3bde5c2b19f8d96cf591b65d4b","name":"fotograf","image":{"@type":"ImageObject","inLanguage":"en-GB","@id":"https:\/\/secure.gravatar.com\/avatar\/9d9b62d4ef8f95cbb50bd1d4f4d90625767e3c665eec5470448cf0917c71e5a3?s=96&d=mm&r=g","url":"https:\/\/secure.gravatar.com\/avatar\/9d9b62d4ef8f95cbb50bd1d4f4d90625767e3c665eec5470448cf0917c71e5a3?s=96&d=mm&r=g","contentUrl":"https:\/\/secure.gravatar.com\/avatar\/9d9b62d4ef8f95cbb50bd1d4f4d90625767e3c665eec5470448cf0917c71e5a3?s=96&d=mm&r=g","caption":"fotograf"},"url":"https:\/\/fotografovanie.eu\/en\/author\/fotograf\/"}]}},"_links":{"self":[{"href":"https:\/\/fotografovanie.eu\/en\/wp-json\/wp\/v2\/posts\/11658","targetHints":{"allow":["GET"]}}],"collection":[{"href":"https:\/\/fotografovanie.eu\/en\/wp-json\/wp\/v2\/posts"}],"about":[{"href":"https:\/\/fotografovanie.eu\/en\/wp-json\/wp\/v2\/types\/post"}],"author":[{"embeddable":true,"href":"https:\/\/fotografovanie.eu\/en\/wp-json\/wp\/v2\/users\/4"}],"replies":[{"embeddable":true,"href":"https:\/\/fotografovanie.eu\/en\/wp-json\/wp\/v2\/comments?post=11658"}],"version-history":[{"count":0,"href":"https:\/\/fotografovanie.eu\/en\/wp-json\/wp\/v2\/posts\/11658\/revisions"}],"wp:featuredmedia":[{"embeddable":true,"href":"https:\/\/fotografovanie.eu\/en\/wp-json\/wp\/v2\/media\/11230"}],"wp:attachment":[{"href":"https:\/\/fotografovanie.eu\/en\/wp-json\/wp\/v2\/media?parent=11658"}],"wp:term":[{"taxonomy":"category","embeddable":true,"href":"https:\/\/fotografovanie.eu\/en\/wp-json\/wp\/v2\/categories?post=11658"},{"taxonomy":"post_tag","embeddable":true,"href":"https:\/\/fotografovanie.eu\/en\/wp-json\/wp\/v2\/tags?post=11658"}],"curies":[{"name":"wp","href":"https:\/\/api.w.org\/{rel}","templated":true}]}}