{"id":12089,"date":"2026-01-28T12:01:07","date_gmt":"2026-01-28T11:01:07","guid":{"rendered":"https:\/\/fotografovanie.eu\/?p=12089"},"modified":"2026-01-28T12:01:51","modified_gmt":"2026-01-28T11:01:51","slug":"eventova-fotografia-kompletny-sprievodca-pre-konferencie-firemne-akcie-a-oslavy","status":"publish","type":"post","link":"https:\/\/fotografovanie.eu\/en\/eventova-fotografia-kompletny-sprievodca-pre-konferencie-firemne-akcie-a-oslavy\/","title":{"rendered":"Eventov\u00e1 fotografia \u2013 kompletn\u00fd sprievodca pre konferencie, firemn\u00e9 akcie a oslavy"},"content":{"rendered":"<article>\n<h1>Eventov\u00e1 fotografia \u2013 kompletn\u00fd sprievodca pre konferencie, firemn\u00e9 akcie a oslavy<\/h1>\n<p>Eventov\u00e1 fotografia je o zachyten\u00ed atmosf\u00e9ry, em\u00f3ci\u00ed a d\u00f4le\u017eit\u00fdch momentov. \u010ci u\u017e ide o konferenciu, firemn\u00fa p\u00e1rty alebo s\u00fakromn\u00fa oslavu, cie\u013eom je vytvori\u0165 pr\u00edbeh z jedn\u00e9ho ve\u010dera. V tomto sprievodcovi si uk\u00e1\u017eeme, ako zvl\u00e1dnu\u0165 <strong>eventov\u00fa fotografiu<\/strong> od pr\u00edpravy techniky a\u017e po r\u00fdchly export pre klienta.<\/p>\n<h2>Pre\u010do je eventov\u00e1 fotografia d\u00f4le\u017eit\u00e1<\/h2>\n<ul>\n<li>buduje imid\u017e zna\u010dky<\/li>\n<li>zvy\u0161uje dosah na soci\u00e1lnych sie\u0165ach<\/li>\n<li>vytv\u00e1ra obsah pre PR a web<\/li>\n<li>zachyt\u00e1va momenty, ktor\u00e9 sa u\u017e nezopakuj\u00fa<\/li>\n<\/ul>\n<p>Dobr\u00fd event fotograf nefot\u00ed len \u013eud\u00ed \u2013 fot\u00ed energiu miestnosti.<\/p>\n<h2>Pr\u00edprava pred akciou<\/h2>\n<ul>\n<li>zisti harmonogram programu<\/li>\n<li>over si sveteln\u00e9 podmienky<\/li>\n<li>priprav si n\u00e1hradn\u00e9 bat\u00e9rie a karty<\/li>\n<li>zisti, ktor\u00e9 momenty s\u00fa k\u013e\u00fa\u010dov\u00e9 (pr\u00edhovory, networking, odovzd\u00e1vanie cien)<\/li>\n<\/ul>\n<h2>Ak\u00fa techniku pou\u017ei\u0165<\/h2>\n<ul>\n<li>telo s dobr\u00fdm v\u00fdkonom na vysok\u00e9 ISO<\/li>\n<li>35mm alebo 24\u201370mm na celky<\/li>\n<li>50mm alebo 85mm na portr\u00e9ty<\/li>\n<li>extern\u00fd blesk (ak je povolen\u00fd)<\/li>\n<\/ul>\n<p>Ak rie\u0161ite v\u00fdber techniky, pom\u00f4\u017ee <a href=\"\/en\/fotograficka-technika\/\">sprievodca fotografickou technikou<\/a>.<\/p>\n<h2>Nastavenia fotoapar\u00e1tu v interi\u00e9ri<\/h2>\n<ul>\n<li>clona f\/2 \u2013 f\/4<\/li>\n<li>\u010das minim\u00e1lne 1\/160 s<\/li>\n<li>ISO 800\u20133200 pod\u013ea svetla<\/li>\n<\/ul>\n<p>Pri dynamick\u00fdch situ\u00e1ci\u00e1ch je lep\u0161ie mierne vy\u0161\u0161ie ISO ne\u017e rozmazan\u00e9 fotky.<\/p>\n<h2>Svetlo na eventoch<\/h2>\n<p>Na akci\u00e1ch sa \u010dasto stretne\u0161 s mixom svetiel. Ak pou\u017e\u00edva\u0161 blesk, odr\u00e1\u017eaj ho od stropu alebo stien. Ak nie, h\u013eadaj miesta s lep\u0161\u00edm ambientn\u00fdm svetlom.<\/p>\n<ul>\n<li>vyh\u00fdbaj sa tvrd\u00e9mu priamemu blesku<\/li>\n<li>vyu\u017e\u00edvaj p\u00f3diov\u00e9 svetl\u00e1<\/li>\n<li>fo\u0165 aj bez blesku pre prirodzen\u00fa atmosf\u00e9ru<\/li>\n<\/ul>\n<h2>Ak\u00e9 z\u00e1bery mus\u00ed\u0161 ma\u0165<\/h2>\n<ul>\n<li>celky priestoru<\/li>\n<li>\u013eud\u00ed pri rozhovoroch<\/li>\n<li>detaily (ruky, poh\u00e1re, branding)<\/li>\n<li>hlavn\u00fdch re\u010dn\u00edkov<\/li>\n<li>skupinov\u00e9 fotky<\/li>\n<\/ul>\n<h2>Ako pracova\u0165 s \u013eu\u010fmi<\/h2>\n<p>Bu\u010f nen\u00e1padn\u00fd, ale priate\u013esk\u00fd. Usmej sa, k\u00fdvni hlavou. \u013dudia sa uvo\u013enia a fotky bud\u00fa prirodzenej\u0161ie.<\/p>\n<h2>Kompoz\u00edcia a moment<\/h2>\n<p>Sleduj reakcie publika, smiech, potlesk, o\u010dn\u00fd kontakt. Pr\u00e1ve tieto momenty robia eventov\u00e9 fotografie \u017eiv\u00fdmi.<\/p>\n<h2>Workflow po akcii<\/h2>\n<ul>\n<li>okam\u017eite z\u00e1lohuj d\u00e1ta<\/li>\n<li>vytrie\u010f z\u00e1bery<\/li>\n<li>uprav expoz\u00edciu a farby<\/li>\n<li>exportuj v dvoch ve\u013ekostiach (web + arch\u00edv)<\/li>\n<\/ul>\n<p>Pri \u00faprav\u00e1ch pom\u00f4\u017ee <a href=\"\/en\/lightroom-upravy-rodinnych-fotiek\/\">Lightroom n\u00e1vod<\/a>.<\/p>\n<h2>Naj\u010dastej\u0161ie chyby<\/h2>\n<ul>\n<li>rozmazan\u00e9 z\u00e1bery<\/li>\n<li>tvrd\u00fd priamy blesk<\/li>\n<li>m\u00e1lo detailov<\/li>\n<li>zabudnut\u00e9 k\u013e\u00fa\u010dov\u00e9 momenty<\/li>\n<\/ul>\n<section class=\"download-contract\">\n<div class=\"download-contract__wrap\">\n<h2>\ud83c\udf81 Checklist: Eventov\u00e1 fotografia<\/h2>\n<p>Stiahnite si checklist, ktor\u00fd v\u00e1s prevedie pr\u00edpravou a foten\u00edm eventu krok za krokom.<\/p>\n<p class=\"download-contract__actions\">\n<a class=\"download-contract__btn\" href=\"https:\/\/docs.google.com\/document\/d\/1-G0LJNy4FknsFRPMQiDnleHFSgac5JDh2sEqX4_Z3xM\/edit?usp=sharing\" target=\"_blank\" rel=\"noopener\"><br \/>\n\ud83d\udcc4 Stiahnu\u0165 checklist<br \/>\n<\/a>\n<\/p>\n<\/div>\n<\/section>\n<section class=\"faq\">\n<details>\n<summary>Potrebujem blesk?<\/summary>\n<p>Nie v\u017edy, ale v tmav\u00fdch interi\u00e9roch ve\u013emi pom\u00f4\u017ee.<\/p>\n<\/details>\n<details>\n<summary>Ako sa pohybova\u0165 medzi hos\u0165ami?<\/summary>\n<p>Nen\u00e1padne a s \u00fasmevom \u2013 \u013eudia si r\u00fdchlo zvykn\u00fa.<\/p>\n<\/details>\n<details>\n<summary>Ko\u013eko fotiek odovzda\u0165 klientovi?<\/summary>\n<p>Zvy\u010dajne 50\u2013200 pod\u013ea ve\u013ekosti akcie.<\/p>\n<\/details>\n<details>\n<summary>M\u00f4\u017eem foti\u0165 event aj mobilom?<\/summary>\n<p>\u00c1no, ale fotoapar\u00e1t pon\u00fakne lep\u0161\u00ed v\u00fdkon pri slabom svetle.<\/p>\n<\/details>\n<\/section>\n<\/article>","protected":false},"excerpt":{"rendered":"<p>Eventov\u00e1 fotografia \u2013 kompletn\u00fd sprievodca pre konferencie, firemn\u00e9 akcie a oslavy Eventov\u00e1 fotografia je o zachyten\u00ed atmosf\u00e9ry, em\u00f3ci\u00ed a d\u00f4le\u017eit\u00fdch momentov. \u010ci u\u017e ide o konferenciu, firemn\u00fa p\u00e1rty alebo s\u00fakromn\u00fa oslavu, cie\u013eom je vytvori\u0165 pr\u00edbeh z jedn\u00e9ho ve\u010dera. V tomto sprievodcovi si uk\u00e1\u017eeme, ako zvl\u00e1dnu\u0165 eventov\u00fa fotografiu od pr\u00edpravy techniky a\u017e po r\u00fdchly export pre [&#8230;]\n","protected":false},"author":4,"featured_media":12090,"comment_status":"closed","ping_status":"closed","sticky":false,"template":"","format":"standard","meta":{"footnotes":""},"categories":[5],"tags":[93],"class_list":["post-12089","post","type-post","status-publish","format-standard","has-post-thumbnail","hentry","category-fotografovanie","tag-fotografovanie"],"yoast_head":"<!-- This site is optimized with the Yoast SEO plugin v27.4 - https:\/\/yoast.com\/product\/yoast-seo-wordpress\/ -->\n<title>Eventov\u00e1 fotografia \u2013 kompletn\u00fd sprievodca pre konferencie, firemn\u00e9 akcie a oslavy \u2013 Fotografovanie.eu<\/title>\n<meta name=\"description\" content=\"Eventov\u00e1 fotografia \u2013 kompletn\u00fd sprievodca pre konferencie, firemn\u00e9 akcie a oslavy Eventov\u00e1 fotografia je o zachyten\u00ed atmosf\u00e9ry, em\u00f3ci\u00ed a d\u00f4le\u017eit\u00fdch Praktick\u00e9 tipy, n\u00e1vody a trendy zo sveta fotografie. Praktick\u00fd n\u00e1vod na eventov\u00fa fotografiu. Nastavenia fotoapar\u00e1tu, pr\u00e1ca so svetlom, momenty, workflow a tipy, ako z\u00edska\u0165 prirodzen\u00e9 z\u00e1bery z akci\u00ed.\" \/>\n<meta name=\"robots\" content=\"index, follow, max-snippet:-1, max-image-preview:large, max-video-preview:-1\" \/>\n<link rel=\"canonical\" href=\"https:\/\/fotografovanie.eu\/en\/eventova-fotografia-kompletny-sprievodca-pre-konferencie-firemne-akcie-a-oslavy\/\" \/>\n<meta property=\"og:locale\" content=\"en_GB\" \/>\n<meta property=\"og:type\" content=\"article\" \/>\n<meta property=\"og:title\" content=\"Eventov\u00e1 fotografia \u2013 kompletn\u00fd sprievodca pre konferencie, firemn\u00e9 akcie a oslavy \u2013 Fotografovanie.eu\" \/>\n<meta property=\"og:description\" content=\"Eventov\u00e1 fotografia \u2013 kompletn\u00fd sprievodca pre konferencie, firemn\u00e9 akcie a oslavy Eventov\u00e1 fotografia je o zachyten\u00ed atmosf\u00e9ry, em\u00f3ci\u00ed a d\u00f4le\u017eit\u00fdch Praktick\u00e9 tipy, n\u00e1vody a trendy zo sveta fotografie. Praktick\u00fd n\u00e1vod na eventov\u00fa fotografiu. Nastavenia fotoapar\u00e1tu, pr\u00e1ca so svetlom, momenty, workflow a tipy, ako z\u00edska\u0165 prirodzen\u00e9 z\u00e1bery z akci\u00ed.\" \/>\n<meta property=\"og:url\" content=\"https:\/\/fotografovanie.eu\/en\/eventova-fotografia-kompletny-sprievodca-pre-konferencie-firemne-akcie-a-oslavy\/\" \/>\n<meta property=\"og:site_name\" content=\"Modern\u00fd magaz\u00edn o fotografii\" \/>\n<meta property=\"article:published_time\" content=\"2026-01-28T11:01:07+00:00\" \/>\n<meta property=\"article:modified_time\" content=\"2026-01-28T11:01:51+00:00\" \/>\n<meta property=\"og:image\" content=\"https:\/\/fotografovanie.eu\/wp-content\/uploads\/2026\/01\/fa71e6b375b065689d0853f8b43edf1174d790f33642a27da05e28c43878ea30.jpg\" \/>\n\t<meta property=\"og:image:width\" content=\"1536\" \/>\n\t<meta property=\"og:image:height\" content=\"1024\" \/>\n\t<meta property=\"og:image:type\" content=\"image\/jpeg\" \/>\n<meta name=\"author\" content=\"fotograf\" \/>\n<meta name=\"twitter:card\" content=\"summary_large_image\" \/>\n<meta name=\"twitter:label1\" content=\"Written by\" \/>\n\t<meta name=\"twitter:data1\" content=\"fotograf\" \/>\n\t<meta name=\"twitter:label2\" content=\"Estimated reading time\" \/>\n\t<meta name=\"twitter:data2\" content=\"3 minutes\" \/>\n<script type=\"application\/ld+json\" class=\"yoast-schema-graph\">{\"@context\":\"https:\\\/\\\/schema.org\",\"@graph\":[{\"@type\":\"Article\",\"@id\":\"https:\\\/\\\/fotografovanie.eu\\\/eventova-fotografia-kompletny-sprievodca-pre-konferencie-firemne-akcie-a-oslavy\\\/#article\",\"isPartOf\":{\"@id\":\"https:\\\/\\\/fotografovanie.eu\\\/eventova-fotografia-kompletny-sprievodca-pre-konferencie-firemne-akcie-a-oslavy\\\/\"},\"author\":{\"name\":\"fotograf\",\"@id\":\"https:\\\/\\\/fotografovanie.eu\\\/#\\\/schema\\\/person\\\/b61f1c3bde5c2b19f8d96cf591b65d4b\"},\"headline\":\"Eventov\u00e1 fotografia \u2013 kompletn\u00fd sprievodca pre konferencie, firemn\u00e9 akcie a oslavy\",\"datePublished\":\"2026-01-28T11:01:07+00:00\",\"dateModified\":\"2026-01-28T11:01:51+00:00\",\"mainEntityOfPage\":{\"@id\":\"https:\\\/\\\/fotografovanie.eu\\\/eventova-fotografia-kompletny-sprievodca-pre-konferencie-firemne-akcie-a-oslavy\\\/\"},\"wordCount\":481,\"publisher\":{\"@id\":\"https:\\\/\\\/fotografovanie.eu\\\/#organization\"},\"image\":{\"@id\":\"https:\\\/\\\/fotografovanie.eu\\\/eventova-fotografia-kompletny-sprievodca-pre-konferencie-firemne-akcie-a-oslavy\\\/#primaryimage\"},\"thumbnailUrl\":\"https:\\\/\\\/fotografovanie.eu\\\/wp-content\\\/uploads\\\/2026\\\/01\\\/fa71e6b375b065689d0853f8b43edf1174d790f33642a27da05e28c43878ea30.webp\",\"keywords\":[\"fotografovanie\"],\"articleSection\":[\"Fotografovanie\"],\"inLanguage\":\"en-GB\"},{\"@type\":\"WebPage\",\"@id\":\"https:\\\/\\\/fotografovanie.eu\\\/eventova-fotografia-kompletny-sprievodca-pre-konferencie-firemne-akcie-a-oslavy\\\/\",\"url\":\"https:\\\/\\\/fotografovanie.eu\\\/eventova-fotografia-kompletny-sprievodca-pre-konferencie-firemne-akcie-a-oslavy\\\/\",\"name\":\"Eventov\u00e1 fotografia \u2013 kompletn\u00fd sprievodca pre konferencie, firemn\u00e9 akcie a oslavy \u2013 Fotografovanie.eu\",\"isPartOf\":{\"@id\":\"https:\\\/\\\/fotografovanie.eu\\\/#website\"},\"primaryImageOfPage\":{\"@id\":\"https:\\\/\\\/fotografovanie.eu\\\/eventova-fotografia-kompletny-sprievodca-pre-konferencie-firemne-akcie-a-oslavy\\\/#primaryimage\"},\"image\":{\"@id\":\"https:\\\/\\\/fotografovanie.eu\\\/eventova-fotografia-kompletny-sprievodca-pre-konferencie-firemne-akcie-a-oslavy\\\/#primaryimage\"},\"thumbnailUrl\":\"https:\\\/\\\/fotografovanie.eu\\\/wp-content\\\/uploads\\\/2026\\\/01\\\/fa71e6b375b065689d0853f8b43edf1174d790f33642a27da05e28c43878ea30.webp\",\"datePublished\":\"2026-01-28T11:01:07+00:00\",\"dateModified\":\"2026-01-28T11:01:51+00:00\",\"description\":\"Eventov\u00e1 fotografia \u2013 kompletn\u00fd sprievodca pre konferencie, firemn\u00e9 akcie a oslavy Eventov\u00e1 fotografia je o zachyten\u00ed atmosf\u00e9ry, em\u00f3ci\u00ed a d\u00f4le\u017eit\u00fdch Praktick\u00e9 tipy, n\u00e1vody a trendy zo sveta fotografie. Praktick\u00fd n\u00e1vod na eventov\u00fa fotografiu. Nastavenia fotoapar\u00e1tu, pr\u00e1ca so svetlom, momenty, workflow a tipy, ako z\u00edska\u0165 prirodzen\u00e9 z\u00e1bery z akci\u00ed.\",\"breadcrumb\":{\"@id\":\"https:\\\/\\\/fotografovanie.eu\\\/eventova-fotografia-kompletny-sprievodca-pre-konferencie-firemne-akcie-a-oslavy\\\/#breadcrumb\"},\"inLanguage\":\"en-GB\",\"potentialAction\":[{\"@type\":\"ReadAction\",\"target\":[\"https:\\\/\\\/fotografovanie.eu\\\/eventova-fotografia-kompletny-sprievodca-pre-konferencie-firemne-akcie-a-oslavy\\\/\"]}]},{\"@type\":\"ImageObject\",\"inLanguage\":\"en-GB\",\"@id\":\"https:\\\/\\\/fotografovanie.eu\\\/eventova-fotografia-kompletny-sprievodca-pre-konferencie-firemne-akcie-a-oslavy\\\/#primaryimage\",\"url\":\"https:\\\/\\\/fotografovanie.eu\\\/wp-content\\\/uploads\\\/2026\\\/01\\\/fa71e6b375b065689d0853f8b43edf1174d790f33642a27da05e28c43878ea30.webp\",\"contentUrl\":\"https:\\\/\\\/fotografovanie.eu\\\/wp-content\\\/uploads\\\/2026\\\/01\\\/fa71e6b375b065689d0853f8b43edf1174d790f33642a27da05e28c43878ea30.webp\",\"width\":1536,\"height\":1024,\"caption\":\"eventova fotografia firemnej konferencie v interieri s prirodzenym svetlom\"},{\"@type\":\"BreadcrumbList\",\"@id\":\"https:\\\/\\\/fotografovanie.eu\\\/eventova-fotografia-kompletny-sprievodca-pre-konferencie-firemne-akcie-a-oslavy\\\/#breadcrumb\",\"itemListElement\":[{\"@type\":\"ListItem\",\"position\":1,\"name\":\"Domov\",\"item\":\"https:\\\/\\\/fotografovanie.eu\\\/\"},{\"@type\":\"ListItem\",\"position\":2,\"name\":\"Eventov\u00e1 fotografia \u2013 kompletn\u00fd sprievodca pre konferencie, firemn\u00e9 akcie a oslavy\"}]},{\"@type\":\"WebSite\",\"@id\":\"https:\\\/\\\/fotografovanie.eu\\\/#website\",\"url\":\"https:\\\/\\\/fotografovanie.eu\\\/\",\"name\":\"Modern\u00fd magaz\u00edn o fotografii\",\"description\":\"\",\"publisher\":{\"@id\":\"https:\\\/\\\/fotografovanie.eu\\\/#organization\"},\"potentialAction\":[{\"@type\":\"SearchAction\",\"target\":{\"@type\":\"EntryPoint\",\"urlTemplate\":\"https:\\\/\\\/fotografovanie.eu\\\/?s={search_term_string}\"},\"query-input\":{\"@type\":\"PropertyValueSpecification\",\"valueRequired\":true,\"valueName\":\"search_term_string\"}}],\"inLanguage\":\"en-GB\"},{\"@type\":\"Organization\",\"@id\":\"https:\\\/\\\/fotografovanie.eu\\\/#organization\",\"name\":\"Fotografovanie.eu\",\"alternateName\":\"Blog o fotografovan\u00ed\",\"url\":\"https:\\\/\\\/fotografovanie.eu\\\/\",\"logo\":{\"@type\":\"ImageObject\",\"inLanguage\":\"en-GB\",\"@id\":\"https:\\\/\\\/fotografovanie.eu\\\/#\\\/schema\\\/logo\\\/image\\\/\",\"url\":\"https:\\\/\\\/fotografovanie.eu\\\/wp-content\\\/uploads\\\/2026\\\/01\\\/cropped-0aaf3e3322a519e411873510629b829197a60c1506f5632424da96c13ebeedf4-2.webp\",\"contentUrl\":\"https:\\\/\\\/fotografovanie.eu\\\/wp-content\\\/uploads\\\/2026\\\/01\\\/cropped-0aaf3e3322a519e411873510629b829197a60c1506f5632424da96c13ebeedf4-2.webp\",\"width\":85,\"height\":62,\"caption\":\"Fotografovanie.eu\"},\"image\":{\"@id\":\"https:\\\/\\\/fotografovanie.eu\\\/#\\\/schema\\\/logo\\\/image\\\/\"}},{\"@type\":\"Person\",\"@id\":\"https:\\\/\\\/fotografovanie.eu\\\/#\\\/schema\\\/person\\\/b61f1c3bde5c2b19f8d96cf591b65d4b\",\"name\":\"fotograf\",\"image\":{\"@type\":\"ImageObject\",\"inLanguage\":\"en-GB\",\"@id\":\"https:\\\/\\\/secure.gravatar.com\\\/avatar\\\/9d9b62d4ef8f95cbb50bd1d4f4d90625767e3c665eec5470448cf0917c71e5a3?s=96&d=mm&r=g\",\"url\":\"https:\\\/\\\/secure.gravatar.com\\\/avatar\\\/9d9b62d4ef8f95cbb50bd1d4f4d90625767e3c665eec5470448cf0917c71e5a3?s=96&d=mm&r=g\",\"contentUrl\":\"https:\\\/\\\/secure.gravatar.com\\\/avatar\\\/9d9b62d4ef8f95cbb50bd1d4f4d90625767e3c665eec5470448cf0917c71e5a3?s=96&d=mm&r=g\",\"caption\":\"fotograf\"},\"url\":\"https:\\\/\\\/fotografovanie.eu\\\/en\\\/author\\\/fotograf\\\/\"}]}<\/script>\n<!-- \/ Yoast SEO plugin. -->","yoast_head_json":{"title":"Eventov\u00e1 fotografia \u2013 kompletn\u00fd sprievodca pre konferencie, firemn\u00e9 akcie a oslavy \u2013 Fotografovanie.eu","description":"Eventov\u00e1 fotografia \u2013 kompletn\u00fd sprievodca pre konferencie, firemn\u00e9 akcie a oslavy Eventov\u00e1 fotografia je o zachyten\u00ed atmosf\u00e9ry, em\u00f3ci\u00ed a d\u00f4le\u017eit\u00fdch Praktick\u00e9 tipy, n\u00e1vody a trendy zo sveta fotografie. Praktick\u00fd n\u00e1vod na eventov\u00fa fotografiu. Nastavenia fotoapar\u00e1tu, pr\u00e1ca so svetlom, momenty, workflow a tipy, ako z\u00edska\u0165 prirodzen\u00e9 z\u00e1bery z akci\u00ed.","robots":{"index":"index","follow":"follow","max-snippet":"max-snippet:-1","max-image-preview":"max-image-preview:large","max-video-preview":"max-video-preview:-1"},"canonical":"https:\/\/fotografovanie.eu\/en\/eventova-fotografia-kompletny-sprievodca-pre-konferencie-firemne-akcie-a-oslavy\/","og_locale":"en_GB","og_type":"article","og_title":"Eventov\u00e1 fotografia \u2013 kompletn\u00fd sprievodca pre konferencie, firemn\u00e9 akcie a oslavy \u2013 Fotografovanie.eu","og_description":"Eventov\u00e1 fotografia \u2013 kompletn\u00fd sprievodca pre konferencie, firemn\u00e9 akcie a oslavy Eventov\u00e1 fotografia je o zachyten\u00ed atmosf\u00e9ry, em\u00f3ci\u00ed a d\u00f4le\u017eit\u00fdch Praktick\u00e9 tipy, n\u00e1vody a trendy zo sveta fotografie. Praktick\u00fd n\u00e1vod na eventov\u00fa fotografiu. Nastavenia fotoapar\u00e1tu, pr\u00e1ca so svetlom, momenty, workflow a tipy, ako z\u00edska\u0165 prirodzen\u00e9 z\u00e1bery z akci\u00ed.","og_url":"https:\/\/fotografovanie.eu\/en\/eventova-fotografia-kompletny-sprievodca-pre-konferencie-firemne-akcie-a-oslavy\/","og_site_name":"Modern\u00fd magaz\u00edn o fotografii","article_published_time":"2026-01-28T11:01:07+00:00","article_modified_time":"2026-01-28T11:01:51+00:00","og_image":[{"width":1536,"height":1024,"url":"https:\/\/fotografovanie.eu\/wp-content\/uploads\/2026\/01\/fa71e6b375b065689d0853f8b43edf1174d790f33642a27da05e28c43878ea30.jpg","type":"image\/jpeg"}],"author":"fotograf","twitter_card":"summary_large_image","twitter_misc":{"Written by":"fotograf","Estimated reading time":"3 minutes"},"schema":{"@context":"https:\/\/schema.org","@graph":[{"@type":"Article","@id":"https:\/\/fotografovanie.eu\/eventova-fotografia-kompletny-sprievodca-pre-konferencie-firemne-akcie-a-oslavy\/#article","isPartOf":{"@id":"https:\/\/fotografovanie.eu\/eventova-fotografia-kompletny-sprievodca-pre-konferencie-firemne-akcie-a-oslavy\/"},"author":{"name":"fotograf","@id":"https:\/\/fotografovanie.eu\/#\/schema\/person\/b61f1c3bde5c2b19f8d96cf591b65d4b"},"headline":"Eventov\u00e1 fotografia \u2013 kompletn\u00fd sprievodca pre konferencie, firemn\u00e9 akcie a oslavy","datePublished":"2026-01-28T11:01:07+00:00","dateModified":"2026-01-28T11:01:51+00:00","mainEntityOfPage":{"@id":"https:\/\/fotografovanie.eu\/eventova-fotografia-kompletny-sprievodca-pre-konferencie-firemne-akcie-a-oslavy\/"},"wordCount":481,"publisher":{"@id":"https:\/\/fotografovanie.eu\/#organization"},"image":{"@id":"https:\/\/fotografovanie.eu\/eventova-fotografia-kompletny-sprievodca-pre-konferencie-firemne-akcie-a-oslavy\/#primaryimage"},"thumbnailUrl":"https:\/\/fotografovanie.eu\/wp-content\/uploads\/2026\/01\/fa71e6b375b065689d0853f8b43edf1174d790f33642a27da05e28c43878ea30.webp","keywords":["fotografovanie"],"articleSection":["Fotografovanie"],"inLanguage":"en-GB"},{"@type":"WebPage","@id":"https:\/\/fotografovanie.eu\/eventova-fotografia-kompletny-sprievodca-pre-konferencie-firemne-akcie-a-oslavy\/","url":"https:\/\/fotografovanie.eu\/eventova-fotografia-kompletny-sprievodca-pre-konferencie-firemne-akcie-a-oslavy\/","name":"Eventov\u00e1 fotografia \u2013 kompletn\u00fd sprievodca pre konferencie, firemn\u00e9 akcie a oslavy \u2013 Fotografovanie.eu","isPartOf":{"@id":"https:\/\/fotografovanie.eu\/#website"},"primaryImageOfPage":{"@id":"https:\/\/fotografovanie.eu\/eventova-fotografia-kompletny-sprievodca-pre-konferencie-firemne-akcie-a-oslavy\/#primaryimage"},"image":{"@id":"https:\/\/fotografovanie.eu\/eventova-fotografia-kompletny-sprievodca-pre-konferencie-firemne-akcie-a-oslavy\/#primaryimage"},"thumbnailUrl":"https:\/\/fotografovanie.eu\/wp-content\/uploads\/2026\/01\/fa71e6b375b065689d0853f8b43edf1174d790f33642a27da05e28c43878ea30.webp","datePublished":"2026-01-28T11:01:07+00:00","dateModified":"2026-01-28T11:01:51+00:00","description":"Eventov\u00e1 fotografia \u2013 kompletn\u00fd sprievodca pre konferencie, firemn\u00e9 akcie a oslavy Eventov\u00e1 fotografia je o zachyten\u00ed atmosf\u00e9ry, em\u00f3ci\u00ed a d\u00f4le\u017eit\u00fdch Praktick\u00e9 tipy, n\u00e1vody a trendy zo sveta fotografie. Praktick\u00fd n\u00e1vod na eventov\u00fa fotografiu. Nastavenia fotoapar\u00e1tu, pr\u00e1ca so svetlom, momenty, workflow a tipy, ako z\u00edska\u0165 prirodzen\u00e9 z\u00e1bery z akci\u00ed.","breadcrumb":{"@id":"https:\/\/fotografovanie.eu\/eventova-fotografia-kompletny-sprievodca-pre-konferencie-firemne-akcie-a-oslavy\/#breadcrumb"},"inLanguage":"en-GB","potentialAction":[{"@type":"ReadAction","target":["https:\/\/fotografovanie.eu\/eventova-fotografia-kompletny-sprievodca-pre-konferencie-firemne-akcie-a-oslavy\/"]}]},{"@type":"ImageObject","inLanguage":"en-GB","@id":"https:\/\/fotografovanie.eu\/eventova-fotografia-kompletny-sprievodca-pre-konferencie-firemne-akcie-a-oslavy\/#primaryimage","url":"https:\/\/fotografovanie.eu\/wp-content\/uploads\/2026\/01\/fa71e6b375b065689d0853f8b43edf1174d790f33642a27da05e28c43878ea30.webp","contentUrl":"https:\/\/fotografovanie.eu\/wp-content\/uploads\/2026\/01\/fa71e6b375b065689d0853f8b43edf1174d790f33642a27da05e28c43878ea30.webp","width":1536,"height":1024,"caption":"eventova fotografia firemnej konferencie v interieri s prirodzenym svetlom"},{"@type":"BreadcrumbList","@id":"https:\/\/fotografovanie.eu\/eventova-fotografia-kompletny-sprievodca-pre-konferencie-firemne-akcie-a-oslavy\/#breadcrumb","itemListElement":[{"@type":"ListItem","position":1,"name":"Domov","item":"https:\/\/fotografovanie.eu\/"},{"@type":"ListItem","position":2,"name":"Eventov\u00e1 fotografia \u2013 kompletn\u00fd sprievodca pre konferencie, firemn\u00e9 akcie a oslavy"}]},{"@type":"WebSite","@id":"https:\/\/fotografovanie.eu\/#website","url":"https:\/\/fotografovanie.eu\/","name":"Modern\u00fd magaz\u00edn o fotografii","description":"","publisher":{"@id":"https:\/\/fotografovanie.eu\/#organization"},"potentialAction":[{"@type":"SearchAction","target":{"@type":"EntryPoint","urlTemplate":"https:\/\/fotografovanie.eu\/?s={search_term_string}"},"query-input":{"@type":"PropertyValueSpecification","valueRequired":true,"valueName":"search_term_string"}}],"inLanguage":"en-GB"},{"@type":"Organization","@id":"https:\/\/fotografovanie.eu\/#organization","name":"Fotografovanie.eu","alternateName":"Blog o fotografovan\u00ed","url":"https:\/\/fotografovanie.eu\/","logo":{"@type":"ImageObject","inLanguage":"en-GB","@id":"https:\/\/fotografovanie.eu\/#\/schema\/logo\/image\/","url":"https:\/\/fotografovanie.eu\/wp-content\/uploads\/2026\/01\/cropped-0aaf3e3322a519e411873510629b829197a60c1506f5632424da96c13ebeedf4-2.webp","contentUrl":"https:\/\/fotografovanie.eu\/wp-content\/uploads\/2026\/01\/cropped-0aaf3e3322a519e411873510629b829197a60c1506f5632424da96c13ebeedf4-2.webp","width":85,"height":62,"caption":"Fotografovanie.eu"},"image":{"@id":"https:\/\/fotografovanie.eu\/#\/schema\/logo\/image\/"}},{"@type":"Person","@id":"https:\/\/fotografovanie.eu\/#\/schema\/person\/b61f1c3bde5c2b19f8d96cf591b65d4b","name":"fotograf","image":{"@type":"ImageObject","inLanguage":"en-GB","@id":"https:\/\/secure.gravatar.com\/avatar\/9d9b62d4ef8f95cbb50bd1d4f4d90625767e3c665eec5470448cf0917c71e5a3?s=96&d=mm&r=g","url":"https:\/\/secure.gravatar.com\/avatar\/9d9b62d4ef8f95cbb50bd1d4f4d90625767e3c665eec5470448cf0917c71e5a3?s=96&d=mm&r=g","contentUrl":"https:\/\/secure.gravatar.com\/avatar\/9d9b62d4ef8f95cbb50bd1d4f4d90625767e3c665eec5470448cf0917c71e5a3?s=96&d=mm&r=g","caption":"fotograf"},"url":"https:\/\/fotografovanie.eu\/en\/author\/fotograf\/"}]}},"_links":{"self":[{"href":"https:\/\/fotografovanie.eu\/en\/wp-json\/wp\/v2\/posts\/12089","targetHints":{"allow":["GET"]}}],"collection":[{"href":"https:\/\/fotografovanie.eu\/en\/wp-json\/wp\/v2\/posts"}],"about":[{"href":"https:\/\/fotografovanie.eu\/en\/wp-json\/wp\/v2\/types\/post"}],"author":[{"embeddable":true,"href":"https:\/\/fotografovanie.eu\/en\/wp-json\/wp\/v2\/users\/4"}],"replies":[{"embeddable":true,"href":"https:\/\/fotografovanie.eu\/en\/wp-json\/wp\/v2\/comments?post=12089"}],"version-history":[{"count":0,"href":"https:\/\/fotografovanie.eu\/en\/wp-json\/wp\/v2\/posts\/12089\/revisions"}],"wp:featuredmedia":[{"embeddable":true,"href":"https:\/\/fotografovanie.eu\/en\/wp-json\/wp\/v2\/media\/12090"}],"wp:attachment":[{"href":"https:\/\/fotografovanie.eu\/en\/wp-json\/wp\/v2\/media?parent=12089"}],"wp:term":[{"taxonomy":"category","embeddable":true,"href":"https:\/\/fotografovanie.eu\/en\/wp-json\/wp\/v2\/categories?post=12089"},{"taxonomy":"post_tag","embeddable":true,"href":"https:\/\/fotografovanie.eu\/en\/wp-json\/wp\/v2\/tags?post=12089"}],"curies":[{"name":"wp","href":"https:\/\/api.w.org\/{rel}","templated":true}]}}