{"id":12493,"date":"2026-02-02T13:34:05","date_gmt":"2026-02-02T12:34:05","guid":{"rendered":"https:\/\/fotografovanie.eu\/?p=12493"},"modified":"2026-02-28T16:55:04","modified_gmt":"2026-02-28T15:55:04","slug":"ako-fotit-v-interieri-bez-blesku-ostre-a-prirodzene-fotky-aj-pri-slabom-svetle","status":"publish","type":"post","link":"https:\/\/fotografovanie.eu\/en\/ako-fotit-v-interieri-bez-blesku-ostre-a-prirodzene-fotky-aj-pri-slabom-svetle\/","title":{"rendered":"Ako foti\u0165 v interi\u00e9ri bez blesku: Praktick\u00fd n\u00e1vod na ostr\u00e9 a prirodzen\u00e9 fotky pri slabom svetle"},"content":{"rendered":"<p><body><\/p>\n<link href=\"https:\/\/cdnjs.cloudflare.com\/ajax\/libs\/lightbox2\/2.11.3\/css\/lightbox.min.css\" rel=\"stylesheet\">\n<script src=\"https:\/\/cdnjs.cloudflare.com\/ajax\/libs\/lightbox2\/2.11.3\/js\/lightbox.min.js\"><\/script><\/p>\n<style>\n.content-wrapper{max-width:800px;margin:0 auto;}\n.story-intro{font-size:1.15em;margin:25px 0;}\n.toc{background:#f5f5f5;padding:22px;border-radius:14px;margin:30px 0;}\n.mistake-box{background:#fff3e0;border-left:6px solid #ff9800;padding:22px;border-radius:14px;margin:30px 0;}\n.solution-box{background:#e8f5e9;border-left:6px solid #4caf50;padding:22px;border-radius:14px;margin:30px 0;}\n.pro-tip{background:#ede7f6;color:#4a148c;padding:22px;border-radius:14px;margin:30px 0;}\n.carousel{display:flex;gap:16px;overflow-x:auto;scroll-snap-type:x mandatory;margin:30px 0;}\n.carousel figure{min-width:260px;scroll-snap-align:start;margin:0;}\n.carousel img{width:100%;border-radius:16px;}\n.cta-box{background:#f0f4ff;padding:42px 26px;text-align:center;border-radius:18px;margin:60px 0;}\n.btn{display:inline-block;background:#ff9800;color:#fff;padding:12px 22px;border-radius:999px;text-decoration:none;font-weight:800;margin-top:14px;}\n<\/style>\n<p><main class=\"content-wrapper\"><\/p>\n<h1>Ako foti\u0165 v interi\u00e9ri bez blesku: ostr\u00e9 a prirodzen\u00e9 fotky aj pri slabom svetle<\/h1>\n<div class=\"story-intro\">\nKe\u010f som prv\u00fdkr\u00e1t za\u010d\u00ednal foti\u0165 v interi\u00e9ri bez blesku, moje fotografie boli tmav\u00e9 a rozmazan\u00e9. Trvalo mi mesiace, k\u00fdm som pochopil, \u017ee fotoapar\u00e1t je len polovica rovnice \u2014 svetlo a technika rozhoduj\u00fa o tom, \u010di fotka pre\u017e\u00edva alebo nie. Tento \u010dl\u00e1nok ti d\u00e1 **praktick\u00fd n\u00e1vod krok za krokom**, ako to urobi\u0165 spr\u00e1vne.\n<\/div>\n<div class=\"toc\">\n<ul>\n<li>Pre\u010do sa vyhn\u00fa\u0165 blesku v interi\u00e9ri<\/li>\n<li>Nastavenia, ktor\u00e9 funguj\u00fa<\/li>\n<li>Svetlo \u2013 ako ho ovl\u00e1da\u0165<\/li>\n<li>Stabiliz\u00e1cia a dr\u017eanie<\/li>\n<li>Techniky fotenia pri slabom svetle<\/li>\n<li>Praktick\u00e9 pr\u00edklady + fotky<\/li>\n<li>FAQ<\/li>\n<\/ul>\n<\/div>\n<h2>Pre\u010do sa vyhn\u00fa\u0165 blesku v interi\u00e9ri<\/h2>\n<p>\nBlesk m\u00f4\u017ee r\u00fdchlo \u201czabi\u0165 atmosf\u00e9ru\u201d. Ostrovit\u00e9 svetlo, tvrd\u00e9 tiene, neprirodzen\u00e9 odlesky \u2014 to v\u0161etko sa deje, ke\u010f sa spolieha\u0161 na zabudovan\u00fd blesk. Prirodzen\u00e9 svetlo je jemn\u00e9, poetick\u00e9 a d\u00e1va fotk\u00e1m du\u0161u.\n<\/p>\n<h2>Nastavenia, ktor\u00e9 funguj\u00fa<\/h2>\n<div class=\"solution-box\">\n<ul>\n<li><strong>Clona:<\/strong> f\/1.8 \u2013 f\/2.8 (pokia\u013e m\u00f4\u017ee\u0161)<\/li>\n<li><strong>ISO:<\/strong> za\u010dni na 800 a postupne zvy\u0161uj<\/li>\n<li><strong>\u010cas uz\u00e1vierky:<\/strong> aspo\u0148 1\/60s (lep\u0161ie 1\/100s pri pohybe)<\/li>\n<li><strong>AF re\u017eim:<\/strong> AF-C pre \u013eud\u00ed v pohybe<\/li>\n<\/ul>\n<\/div>\n<div class=\"pro-tip\">\nAk m\u00e1\u0161 svetelnej\u0161\u00ed objekt\u00edv (napr. f\/1.4 \u2013 f\/1.8), tvoje fotky bud\u00fa drasticky lep\u0161ie pri slabom svetle bez blesku.\n<\/div>\n<h2>Svetlo \u2013 ako ho ovl\u00e1da\u0165<\/h2>\n<p>\nPrirodzen\u00e9 svetlo je tvoj najlep\u0161\u00ed priate\u013e. Nau\u010d sa ho \u201e\u010d\u00edta\u0165\u201c a pou\u017e\u00edva\u0165 vo svoj prospech.\n<\/p>\n<div class=\"carousel\">\n<figure>\n<a href=\"https:\/\/fotografovanie.eu\/wp-content\/uploads\/2026\/02\/3795d080a5f53b0a07cf6b94b3a8feda4763f8d3057d4f178deaa9f5107c4d6b.webp\" data-lightbox=\"galeria\"><br \/>\n<img decoding=\"async\" src=\"https:\/\/fotografovanie.eu\/wp-content\/uploads\/2026\/02\/3795d080a5f53b0a07cf6b94b3a8feda4763f8d3057d4f178deaa9f5107c4d6b.webp\" alt=\"Interi\u00e9r s prirodzen\u00fdm svetlom padaj\u00facim oknom\"><br \/>\n<\/a><figcaption>Svetlo padaj\u00face z okna vytv\u00e1ra kr\u00e1sne, m\u00e4kk\u00e9 odtiene.<\/figcaption><\/figure>\n<\/div>\n<div class=\"solution-box\">\n<ul>\n<li>Pozri sa, kde svieti okno<\/li>\n<li>Prem\u00fd\u0161\u013eaj o pozad\u00ed \u2014 \u010d\u00edm svetlej\u0161ie, t\u00fdm lep\u0161ie<\/li>\n<li>Oto\u010d subjekt tak, aby svetlo padalo na tv\u00e1r<\/li>\n<\/ul>\n<\/div>\n<h2>Stabiliz\u00e1cia a dr\u017eanie<\/h2>\n<p>\nPri slabom svetle je \u0165a\u017e\u0161ie udr\u017ea\u0165 fotku ostr\u00fa. Stabiliz\u00e1cia ti pom\u00f4\u017ee minimalizova\u0165 chvenie.\n<\/p>\n<div class=\"solution-box\">\n<ul>\n<li>Ak m\u00e1\u0161 IBIS alebo stabiliz\u00e1ciu v objekt\u00edve, pou\u017e\u00edvaj ju<\/li>\n<li>Dr\u017e fotoapar\u00e1t oboma rukami<\/li>\n<li>Ak to situ\u00e1cia dovo\u013euje \u2013 opieraj sa o stenu alebo n\u00e1bytok<\/li>\n<\/ul>\n<\/div>\n<h2>Techniky fotenia pri slabom svetle<\/h2>\n<div class=\"pro-tip\">\nSk\u00fas pou\u017ei\u0165 **burst re\u017eim** \u2013 s\u00e9ria kr\u00e1tkych sn\u00edmok ti zv\u00fd\u0161i \u0161ancu na ostr\u00fd z\u00e1ber.\n<\/div>\n<p>\nDal\u0161ie techniky:\n<\/p>\n<ul>\n<li>Predexponuj \u2014 urob jednu sk\u00fa\u0161obn\u00fa fotku a skontroluj histogram<\/li>\n<li>Ak je farba \u201cploch\u00e1\u201d, prispej odraznou doskou<\/li>\n<li>Clonu nep\u00fa\u0161\u0165aj pr\u00edli\u0161 \u010faleko nad f\/4 \u2014 m\u00f4\u017ee\u0161 strati\u0165 svetlo<\/li>\n<\/ul>\n<h2>Praktick\u00e9 pr\u00edklady + fotky<\/h2>\n<p>Ni\u017e\u0161ie s\u00fa uk\u00e1\u017eky situ\u00e1ci\u00ed pri slabom svetle bez blesku, ktor\u00e9 som fotil po\u010das re\u00e1lnych eventov a portr\u00e9tov:<\/p>\n<div class=\"carousel\">\n<figure>\n<a href=\"https:\/\/fotografovanie.eu\/wp-content\/uploads\/2026\/02\/91bb4da0fd9f9decefa55db560fcdd2ac7cb7bff732e55cda99fad9e3a092b07.webp\" data-lightbox=\"galeria\"><br \/>\n<img decoding=\"async\" src=\"https:\/\/fotografovanie.eu\/wp-content\/uploads\/2026\/02\/91bb4da0fd9f9decefa55db560fcdd2ac7cb7bff732e55cda99fad9e3a092b07.webp\" alt=\"Portr\u00e9t v interi\u00e9ri pri slabom svetle bez blesku\"><br \/>\n<\/a><figcaption>Ostr\u00fd portr\u00e9t s prirodzen\u00fdm svetlom bez blesku.<\/figcaption><\/figure>\n<figure>\n<a href=\"https:\/\/fotografovanie.eu\/wp-content\/uploads\/2026\/02\/5df36548e2af48ddc9942c9bce0541ba8bcedb7c69899a22ac69fbfe6bc674e3.webp\" data-lightbox=\"galeria\"><br \/>\n<img decoding=\"async\" src=\"https:\/\/fotografovanie.eu\/wp-content\/uploads\/2026\/02\/5df36548e2af48ddc9942c9bce0541ba8bcedb7c69899a22ac69fbfe6bc674e3.webp\" alt=\"Detailn\u00e1 fotka predmetu v interi\u00e9ri pri slabom svetle\"><br \/>\n<\/a><figcaption>Detaily a text\u00fary pri slabom svetle bez blesku.<\/figcaption><\/figure>\n<figure>\n<a href=\"https:\/\/fotografovanie.eu\/wp-content\/uploads\/2026\/02\/d75208c9e69b3b8430445c5f64706d5990d5d4abe7df8f7d697df6a69a9245cd.webp\" data-lightbox=\"galeria\"><br \/>\n<img decoding=\"async\" src=\"https:\/\/fotografovanie.eu\/wp-content\/uploads\/2026\/02\/d75208c9e69b3b8430445c5f64706d5990d5d4abe7df8f7d697df6a69a9245cd.webp\" alt=\"Rodinn\u00fd portr\u00e9t v interi\u00e9ri pri slabej svetelnej situ\u00e1cii\"><br \/>\n<\/a><figcaption>Rodinn\u00e9 fotenie v ob\u00fdva\u010dke pri prirodzenom svetle.<\/figcaption><\/figure>\n<\/div>\n<h2>FAQ<\/h2>\n<details>\n<summary>Pre\u010do nie je blesk dobr\u00fd v interi\u00e9ri?<\/summary>\n<p>Tvrd\u00e9 svetlo, odlesky a neprirodzen\u00e9 tiene, ktor\u00e9 zni\u010dia atmosf\u00e9ru.<\/p>\n<\/details>\n<details>\n<summary>Ak\u00e9 ISO pou\u017ei\u0165?<\/summary>\n<p>Za\u010dni na 800\u20131600, potom pod\u013ea potreby zvy\u0161uj.<\/p>\n<\/details>\n<details>\n<summary>Je lep\u0161ie OTG svetlo?<\/summary>\n<p>M\u00e4kk\u00e9 okno svetlo je v\u00e4\u010d\u0161inou kraj\u0161ie ne\u017e umel\u00e9 OTG svetlo.<\/p>\n<\/details>\n<div class=\"cta-box\">\n<h2>Chce\u0161 vedie\u0165, ako foti\u0165 osoby aj detaily bez blesku?<\/h2>\n<p>Prejdi si na\u0161e \u010fal\u0161ie techniky, kompoz\u00edcie a workflow tipy.<\/p>\n<p><a class=\"btn\" href=\"https:\/\/fotografovanie.eu\/en\/\">Prejs\u0165 na \u010fal\u0161ie \u010dl\u00e1nky<\/a>\n<\/div>\n<p><\/main><\/p>\n<p><\/body><\/p>","protected":false},"excerpt":{"rendered":"<p>Ako foti\u0165 v interi\u00e9ri bez blesku: ostr\u00e9 a prirodzen\u00e9 fotky aj pri slabom svetle Ke\u010f som prv\u00fdkr\u00e1t za\u010d\u00ednal foti\u0165 v interi\u00e9ri bez blesku, moje fotografie boli tmav\u00e9 a rozmazan\u00e9. Trvalo mi mesiace, k\u00fdm som pochopil, \u017ee fotoapar\u00e1t je len polovica rovnice \u2014 svetlo a technika rozhoduj\u00fa o tom, \u010di fotka pre\u017e\u00edva alebo nie. Tento \u010dl\u00e1nok [&#8230;]\n","protected":false},"author":4,"featured_media":12118,"comment_status":"closed","ping_status":"closed","sticky":false,"template":"","format":"standard","meta":{"footnotes":""},"categories":[5],"tags":[93],"class_list":["post-12493","post","type-post","status-publish","format-standard","has-post-thumbnail","hentry","category-fotografovanie","tag-fotografovanie"],"yoast_head":"<!-- This site is optimized with the Yoast SEO plugin v27.4 - https:\/\/yoast.com\/product\/yoast-seo-wordpress\/ -->\n<title>Ako foti\u0165 v interi\u00e9ri bez blesku: Praktick\u00fd n\u00e1vod na ostr\u00e9 a prirodzen\u00e9 fotky pri slabom svetle \u2013 Fotografovanie.eu<\/title>\n<meta name=\"description\" content=\"Ako foti\u0165 v interi\u00e9ri bez blesku: ostr\u00e9 a prirodzen\u00e9 fotky aj pri slabom svetle Ke\u010f som prv\u00fdkr\u00e1t za\u010d\u00ednal foti\u0165 v interi\u00e9ri bez blesku, moje fotografie Praktick\u00e9 tipy, n\u00e1vody a trendy zo sveta fotografie. Nau\u010d sa foti\u0165 v interi\u00e9ri bez blesku ako profesion\u00e1l. Nastavenia, svetlo, ISO, clona, techniky fotenia a praktick\u00e9 tipy pre ostr\u00e9 a prirodzen\u00e9 z\u00e1bery aj pri slabom svetle.\" \/>\n<meta name=\"robots\" content=\"index, follow, max-snippet:-1, max-image-preview:large, max-video-preview:-1\" \/>\n<link rel=\"canonical\" href=\"https:\/\/fotografovanie.eu\/en\/ako-fotit-v-interieri-bez-blesku-ostre-a-prirodzene-fotky-aj-pri-slabom-svetle\/\" \/>\n<meta property=\"og:locale\" content=\"en_GB\" \/>\n<meta property=\"og:type\" content=\"article\" \/>\n<meta property=\"og:title\" content=\"Ako foti\u0165 v interi\u00e9ri bez blesku: Praktick\u00fd n\u00e1vod na ostr\u00e9 a prirodzen\u00e9 fotky pri slabom svetle \u2013 Fotografovanie.eu\" \/>\n<meta property=\"og:description\" content=\"Ako foti\u0165 v interi\u00e9ri bez blesku: ostr\u00e9 a prirodzen\u00e9 fotky aj pri slabom svetle Ke\u010f som prv\u00fdkr\u00e1t za\u010d\u00ednal foti\u0165 v interi\u00e9ri bez blesku, moje fotografie Praktick\u00e9 tipy, n\u00e1vody a trendy zo sveta fotografie. Nau\u010d sa foti\u0165 v interi\u00e9ri bez blesku ako profesion\u00e1l. Nastavenia, svetlo, ISO, clona, techniky fotenia a praktick\u00e9 tipy pre ostr\u00e9 a prirodzen\u00e9 z\u00e1bery aj pri slabom svetle.\" \/>\n<meta property=\"og:url\" content=\"https:\/\/fotografovanie.eu\/en\/ako-fotit-v-interieri-bez-blesku-ostre-a-prirodzene-fotky-aj-pri-slabom-svetle\/\" \/>\n<meta property=\"og:site_name\" content=\"Modern\u00fd magaz\u00edn o fotografii\" \/>\n<meta property=\"article:published_time\" content=\"2026-02-02T12:34:05+00:00\" \/>\n<meta property=\"article:modified_time\" content=\"2026-02-28T15:55:04+00:00\" \/>\n<meta property=\"og:image\" content=\"https:\/\/fotografovanie.eu\/wp-content\/uploads\/2026\/01\/461a10ce544689dd277e539262002125096636c137c27f09dc9a782540499b0f.jpg\" \/>\n\t<meta property=\"og:image:width\" content=\"1536\" \/>\n\t<meta property=\"og:image:height\" content=\"1024\" \/>\n\t<meta property=\"og:image:type\" content=\"image\/jpeg\" \/>\n<meta name=\"author\" content=\"fotograf\" \/>\n<meta name=\"twitter:card\" content=\"summary_large_image\" \/>\n<meta name=\"twitter:label1\" content=\"Written by\" \/>\n\t<meta name=\"twitter:data1\" content=\"fotograf\" \/>\n\t<meta name=\"twitter:label2\" content=\"Estimated reading time\" \/>\n\t<meta name=\"twitter:data2\" content=\"4 minutes\" \/>\n<script type=\"application\/ld+json\" class=\"yoast-schema-graph\">{\"@context\":\"https:\\\/\\\/schema.org\",\"@graph\":[{\"@type\":\"Article\",\"@id\":\"https:\\\/\\\/fotografovanie.eu\\\/ako-fotit-v-interieri-bez-blesku-ostre-a-prirodzene-fotky-aj-pri-slabom-svetle\\\/#article\",\"isPartOf\":{\"@id\":\"https:\\\/\\\/fotografovanie.eu\\\/ako-fotit-v-interieri-bez-blesku-ostre-a-prirodzene-fotky-aj-pri-slabom-svetle\\\/\"},\"author\":{\"name\":\"fotograf\",\"@id\":\"https:\\\/\\\/fotografovanie.eu\\\/#\\\/schema\\\/person\\\/b61f1c3bde5c2b19f8d96cf591b65d4b\"},\"headline\":\"Ako foti\u0165 v interi\u00e9ri bez blesku: Praktick\u00fd n\u00e1vod na ostr\u00e9 a prirodzen\u00e9 fotky pri slabom svetle\",\"datePublished\":\"2026-02-02T12:34:05+00:00\",\"dateModified\":\"2026-02-28T15:55:04+00:00\",\"mainEntityOfPage\":{\"@id\":\"https:\\\/\\\/fotografovanie.eu\\\/ako-fotit-v-interieri-bez-blesku-ostre-a-prirodzene-fotky-aj-pri-slabom-svetle\\\/\"},\"wordCount\":524,\"publisher\":{\"@id\":\"https:\\\/\\\/fotografovanie.eu\\\/#organization\"},\"image\":{\"@id\":\"https:\\\/\\\/fotografovanie.eu\\\/ako-fotit-v-interieri-bez-blesku-ostre-a-prirodzene-fotky-aj-pri-slabom-svetle\\\/#primaryimage\"},\"thumbnailUrl\":\"https:\\\/\\\/fotografovanie.eu\\\/wp-content\\\/uploads\\\/2026\\\/01\\\/461a10ce544689dd277e539262002125096636c137c27f09dc9a782540499b0f.webp\",\"keywords\":[\"fotografovanie\"],\"articleSection\":[\"Fotografovanie\"],\"inLanguage\":\"en-GB\"},{\"@type\":\"WebPage\",\"@id\":\"https:\\\/\\\/fotografovanie.eu\\\/ako-fotit-v-interieri-bez-blesku-ostre-a-prirodzene-fotky-aj-pri-slabom-svetle\\\/\",\"url\":\"https:\\\/\\\/fotografovanie.eu\\\/ako-fotit-v-interieri-bez-blesku-ostre-a-prirodzene-fotky-aj-pri-slabom-svetle\\\/\",\"name\":\"Ako foti\u0165 v interi\u00e9ri bez blesku: Praktick\u00fd n\u00e1vod na ostr\u00e9 a prirodzen\u00e9 fotky pri slabom svetle \u2013 Fotografovanie.eu\",\"isPartOf\":{\"@id\":\"https:\\\/\\\/fotografovanie.eu\\\/#website\"},\"primaryImageOfPage\":{\"@id\":\"https:\\\/\\\/fotografovanie.eu\\\/ako-fotit-v-interieri-bez-blesku-ostre-a-prirodzene-fotky-aj-pri-slabom-svetle\\\/#primaryimage\"},\"image\":{\"@id\":\"https:\\\/\\\/fotografovanie.eu\\\/ako-fotit-v-interieri-bez-blesku-ostre-a-prirodzene-fotky-aj-pri-slabom-svetle\\\/#primaryimage\"},\"thumbnailUrl\":\"https:\\\/\\\/fotografovanie.eu\\\/wp-content\\\/uploads\\\/2026\\\/01\\\/461a10ce544689dd277e539262002125096636c137c27f09dc9a782540499b0f.webp\",\"datePublished\":\"2026-02-02T12:34:05+00:00\",\"dateModified\":\"2026-02-28T15:55:04+00:00\",\"description\":\"Ako foti\u0165 v interi\u00e9ri bez blesku: ostr\u00e9 a prirodzen\u00e9 fotky aj pri slabom svetle Ke\u010f som prv\u00fdkr\u00e1t za\u010d\u00ednal foti\u0165 v interi\u00e9ri bez blesku, moje fotografie Praktick\u00e9 tipy, n\u00e1vody a trendy zo sveta fotografie. Nau\u010d sa foti\u0165 v interi\u00e9ri bez blesku ako profesion\u00e1l. Nastavenia, svetlo, ISO, clona, techniky fotenia a praktick\u00e9 tipy pre ostr\u00e9 a prirodzen\u00e9 z\u00e1bery aj pri slabom svetle.\",\"breadcrumb\":{\"@id\":\"https:\\\/\\\/fotografovanie.eu\\\/ako-fotit-v-interieri-bez-blesku-ostre-a-prirodzene-fotky-aj-pri-slabom-svetle\\\/#breadcrumb\"},\"inLanguage\":\"en-GB\",\"potentialAction\":[{\"@type\":\"ReadAction\",\"target\":[\"https:\\\/\\\/fotografovanie.eu\\\/ako-fotit-v-interieri-bez-blesku-ostre-a-prirodzene-fotky-aj-pri-slabom-svetle\\\/\"]}]},{\"@type\":\"ImageObject\",\"inLanguage\":\"en-GB\",\"@id\":\"https:\\\/\\\/fotografovanie.eu\\\/ako-fotit-v-interieri-bez-blesku-ostre-a-prirodzene-fotky-aj-pri-slabom-svetle\\\/#primaryimage\",\"url\":\"https:\\\/\\\/fotografovanie.eu\\\/wp-content\\\/uploads\\\/2026\\\/01\\\/461a10ce544689dd277e539262002125096636c137c27f09dc9a782540499b0f.webp\",\"contentUrl\":\"https:\\\/\\\/fotografovanie.eu\\\/wp-content\\\/uploads\\\/2026\\\/01\\\/461a10ce544689dd277e539262002125096636c137c27f09dc9a782540499b0f.webp\",\"width\":1536,\"height\":1024,\"caption\":\"Fotograf nastavuje fotoapar\u00e1t pri foten\u00ed portr\u00e9tu \u017eeny pri okne v prirodzenom svetle \u2013 nastavenia fotoapar\u00e1tu na portr\u00e9t\"},{\"@type\":\"BreadcrumbList\",\"@id\":\"https:\\\/\\\/fotografovanie.eu\\\/ako-fotit-v-interieri-bez-blesku-ostre-a-prirodzene-fotky-aj-pri-slabom-svetle\\\/#breadcrumb\",\"itemListElement\":[{\"@type\":\"ListItem\",\"position\":1,\"name\":\"Domov\",\"item\":\"https:\\\/\\\/fotografovanie.eu\\\/\"},{\"@type\":\"ListItem\",\"position\":2,\"name\":\"Ako foti\u0165 v interi\u00e9ri bez blesku: Praktick\u00fd n\u00e1vod na ostr\u00e9 a prirodzen\u00e9 fotky pri slabom svetle\"}]},{\"@type\":\"WebSite\",\"@id\":\"https:\\\/\\\/fotografovanie.eu\\\/#website\",\"url\":\"https:\\\/\\\/fotografovanie.eu\\\/\",\"name\":\"Modern\u00fd magaz\u00edn o fotografii\",\"description\":\"\",\"publisher\":{\"@id\":\"https:\\\/\\\/fotografovanie.eu\\\/#organization\"},\"potentialAction\":[{\"@type\":\"SearchAction\",\"target\":{\"@type\":\"EntryPoint\",\"urlTemplate\":\"https:\\\/\\\/fotografovanie.eu\\\/?s={search_term_string}\"},\"query-input\":{\"@type\":\"PropertyValueSpecification\",\"valueRequired\":true,\"valueName\":\"search_term_string\"}}],\"inLanguage\":\"en-GB\"},{\"@type\":\"Organization\",\"@id\":\"https:\\\/\\\/fotografovanie.eu\\\/#organization\",\"name\":\"Fotografovanie.eu\",\"alternateName\":\"Blog o fotografovan\u00ed\",\"url\":\"https:\\\/\\\/fotografovanie.eu\\\/\",\"logo\":{\"@type\":\"ImageObject\",\"inLanguage\":\"en-GB\",\"@id\":\"https:\\\/\\\/fotografovanie.eu\\\/#\\\/schema\\\/logo\\\/image\\\/\",\"url\":\"https:\\\/\\\/fotografovanie.eu\\\/wp-content\\\/uploads\\\/2026\\\/01\\\/cropped-0aaf3e3322a519e411873510629b829197a60c1506f5632424da96c13ebeedf4-2.webp\",\"contentUrl\":\"https:\\\/\\\/fotografovanie.eu\\\/wp-content\\\/uploads\\\/2026\\\/01\\\/cropped-0aaf3e3322a519e411873510629b829197a60c1506f5632424da96c13ebeedf4-2.webp\",\"width\":85,\"height\":62,\"caption\":\"Fotografovanie.eu\"},\"image\":{\"@id\":\"https:\\\/\\\/fotografovanie.eu\\\/#\\\/schema\\\/logo\\\/image\\\/\"}},{\"@type\":\"Person\",\"@id\":\"https:\\\/\\\/fotografovanie.eu\\\/#\\\/schema\\\/person\\\/b61f1c3bde5c2b19f8d96cf591b65d4b\",\"name\":\"fotograf\",\"image\":{\"@type\":\"ImageObject\",\"inLanguage\":\"en-GB\",\"@id\":\"https:\\\/\\\/secure.gravatar.com\\\/avatar\\\/9d9b62d4ef8f95cbb50bd1d4f4d90625767e3c665eec5470448cf0917c71e5a3?s=96&d=mm&r=g\",\"url\":\"https:\\\/\\\/secure.gravatar.com\\\/avatar\\\/9d9b62d4ef8f95cbb50bd1d4f4d90625767e3c665eec5470448cf0917c71e5a3?s=96&d=mm&r=g\",\"contentUrl\":\"https:\\\/\\\/secure.gravatar.com\\\/avatar\\\/9d9b62d4ef8f95cbb50bd1d4f4d90625767e3c665eec5470448cf0917c71e5a3?s=96&d=mm&r=g\",\"caption\":\"fotograf\"},\"url\":\"https:\\\/\\\/fotografovanie.eu\\\/en\\\/author\\\/fotograf\\\/\"}]}<\/script>\n<!-- \/ Yoast SEO plugin. -->","yoast_head_json":{"title":"Ako foti\u0165 v interi\u00e9ri bez blesku: Praktick\u00fd n\u00e1vod na ostr\u00e9 a prirodzen\u00e9 fotky pri slabom svetle \u2013 Fotografovanie.eu","description":"Ako foti\u0165 v interi\u00e9ri bez blesku: ostr\u00e9 a prirodzen\u00e9 fotky aj pri slabom svetle Ke\u010f som prv\u00fdkr\u00e1t za\u010d\u00ednal foti\u0165 v interi\u00e9ri bez blesku, moje fotografie Praktick\u00e9 tipy, n\u00e1vody a trendy zo sveta fotografie. Nau\u010d sa foti\u0165 v interi\u00e9ri bez blesku ako profesion\u00e1l. Nastavenia, svetlo, ISO, clona, techniky fotenia a praktick\u00e9 tipy pre ostr\u00e9 a prirodzen\u00e9 z\u00e1bery aj pri slabom svetle.","robots":{"index":"index","follow":"follow","max-snippet":"max-snippet:-1","max-image-preview":"max-image-preview:large","max-video-preview":"max-video-preview:-1"},"canonical":"https:\/\/fotografovanie.eu\/en\/ako-fotit-v-interieri-bez-blesku-ostre-a-prirodzene-fotky-aj-pri-slabom-svetle\/","og_locale":"en_GB","og_type":"article","og_title":"Ako foti\u0165 v interi\u00e9ri bez blesku: Praktick\u00fd n\u00e1vod na ostr\u00e9 a prirodzen\u00e9 fotky pri slabom svetle \u2013 Fotografovanie.eu","og_description":"Ako foti\u0165 v interi\u00e9ri bez blesku: ostr\u00e9 a prirodzen\u00e9 fotky aj pri slabom svetle Ke\u010f som prv\u00fdkr\u00e1t za\u010d\u00ednal foti\u0165 v interi\u00e9ri bez blesku, moje fotografie Praktick\u00e9 tipy, n\u00e1vody a trendy zo sveta fotografie. Nau\u010d sa foti\u0165 v interi\u00e9ri bez blesku ako profesion\u00e1l. Nastavenia, svetlo, ISO, clona, techniky fotenia a praktick\u00e9 tipy pre ostr\u00e9 a prirodzen\u00e9 z\u00e1bery aj pri slabom svetle.","og_url":"https:\/\/fotografovanie.eu\/en\/ako-fotit-v-interieri-bez-blesku-ostre-a-prirodzene-fotky-aj-pri-slabom-svetle\/","og_site_name":"Modern\u00fd magaz\u00edn o fotografii","article_published_time":"2026-02-02T12:34:05+00:00","article_modified_time":"2026-02-28T15:55:04+00:00","og_image":[{"width":1536,"height":1024,"url":"https:\/\/fotografovanie.eu\/wp-content\/uploads\/2026\/01\/461a10ce544689dd277e539262002125096636c137c27f09dc9a782540499b0f.jpg","type":"image\/jpeg"}],"author":"fotograf","twitter_card":"summary_large_image","twitter_misc":{"Written by":"fotograf","Estimated reading time":"4 minutes"},"schema":{"@context":"https:\/\/schema.org","@graph":[{"@type":"Article","@id":"https:\/\/fotografovanie.eu\/ako-fotit-v-interieri-bez-blesku-ostre-a-prirodzene-fotky-aj-pri-slabom-svetle\/#article","isPartOf":{"@id":"https:\/\/fotografovanie.eu\/ako-fotit-v-interieri-bez-blesku-ostre-a-prirodzene-fotky-aj-pri-slabom-svetle\/"},"author":{"name":"fotograf","@id":"https:\/\/fotografovanie.eu\/#\/schema\/person\/b61f1c3bde5c2b19f8d96cf591b65d4b"},"headline":"Ako foti\u0165 v interi\u00e9ri bez blesku: Praktick\u00fd n\u00e1vod na ostr\u00e9 a prirodzen\u00e9 fotky pri slabom svetle","datePublished":"2026-02-02T12:34:05+00:00","dateModified":"2026-02-28T15:55:04+00:00","mainEntityOfPage":{"@id":"https:\/\/fotografovanie.eu\/ako-fotit-v-interieri-bez-blesku-ostre-a-prirodzene-fotky-aj-pri-slabom-svetle\/"},"wordCount":524,"publisher":{"@id":"https:\/\/fotografovanie.eu\/#organization"},"image":{"@id":"https:\/\/fotografovanie.eu\/ako-fotit-v-interieri-bez-blesku-ostre-a-prirodzene-fotky-aj-pri-slabom-svetle\/#primaryimage"},"thumbnailUrl":"https:\/\/fotografovanie.eu\/wp-content\/uploads\/2026\/01\/461a10ce544689dd277e539262002125096636c137c27f09dc9a782540499b0f.webp","keywords":["fotografovanie"],"articleSection":["Fotografovanie"],"inLanguage":"en-GB"},{"@type":"WebPage","@id":"https:\/\/fotografovanie.eu\/ako-fotit-v-interieri-bez-blesku-ostre-a-prirodzene-fotky-aj-pri-slabom-svetle\/","url":"https:\/\/fotografovanie.eu\/ako-fotit-v-interieri-bez-blesku-ostre-a-prirodzene-fotky-aj-pri-slabom-svetle\/","name":"Ako foti\u0165 v interi\u00e9ri bez blesku: Praktick\u00fd n\u00e1vod na ostr\u00e9 a prirodzen\u00e9 fotky pri slabom svetle \u2013 Fotografovanie.eu","isPartOf":{"@id":"https:\/\/fotografovanie.eu\/#website"},"primaryImageOfPage":{"@id":"https:\/\/fotografovanie.eu\/ako-fotit-v-interieri-bez-blesku-ostre-a-prirodzene-fotky-aj-pri-slabom-svetle\/#primaryimage"},"image":{"@id":"https:\/\/fotografovanie.eu\/ako-fotit-v-interieri-bez-blesku-ostre-a-prirodzene-fotky-aj-pri-slabom-svetle\/#primaryimage"},"thumbnailUrl":"https:\/\/fotografovanie.eu\/wp-content\/uploads\/2026\/01\/461a10ce544689dd277e539262002125096636c137c27f09dc9a782540499b0f.webp","datePublished":"2026-02-02T12:34:05+00:00","dateModified":"2026-02-28T15:55:04+00:00","description":"Ako foti\u0165 v interi\u00e9ri bez blesku: ostr\u00e9 a prirodzen\u00e9 fotky aj pri slabom svetle Ke\u010f som prv\u00fdkr\u00e1t za\u010d\u00ednal foti\u0165 v interi\u00e9ri bez blesku, moje fotografie Praktick\u00e9 tipy, n\u00e1vody a trendy zo sveta fotografie. Nau\u010d sa foti\u0165 v interi\u00e9ri bez blesku ako profesion\u00e1l. Nastavenia, svetlo, ISO, clona, techniky fotenia a praktick\u00e9 tipy pre ostr\u00e9 a prirodzen\u00e9 z\u00e1bery aj pri slabom svetle.","breadcrumb":{"@id":"https:\/\/fotografovanie.eu\/ako-fotit-v-interieri-bez-blesku-ostre-a-prirodzene-fotky-aj-pri-slabom-svetle\/#breadcrumb"},"inLanguage":"en-GB","potentialAction":[{"@type":"ReadAction","target":["https:\/\/fotografovanie.eu\/ako-fotit-v-interieri-bez-blesku-ostre-a-prirodzene-fotky-aj-pri-slabom-svetle\/"]}]},{"@type":"ImageObject","inLanguage":"en-GB","@id":"https:\/\/fotografovanie.eu\/ako-fotit-v-interieri-bez-blesku-ostre-a-prirodzene-fotky-aj-pri-slabom-svetle\/#primaryimage","url":"https:\/\/fotografovanie.eu\/wp-content\/uploads\/2026\/01\/461a10ce544689dd277e539262002125096636c137c27f09dc9a782540499b0f.webp","contentUrl":"https:\/\/fotografovanie.eu\/wp-content\/uploads\/2026\/01\/461a10ce544689dd277e539262002125096636c137c27f09dc9a782540499b0f.webp","width":1536,"height":1024,"caption":"Fotograf nastavuje fotoapar\u00e1t pri foten\u00ed portr\u00e9tu \u017eeny pri okne v prirodzenom svetle \u2013 nastavenia fotoapar\u00e1tu na portr\u00e9t"},{"@type":"BreadcrumbList","@id":"https:\/\/fotografovanie.eu\/ako-fotit-v-interieri-bez-blesku-ostre-a-prirodzene-fotky-aj-pri-slabom-svetle\/#breadcrumb","itemListElement":[{"@type":"ListItem","position":1,"name":"Domov","item":"https:\/\/fotografovanie.eu\/"},{"@type":"ListItem","position":2,"name":"Ako foti\u0165 v interi\u00e9ri bez blesku: Praktick\u00fd n\u00e1vod na ostr\u00e9 a prirodzen\u00e9 fotky pri slabom svetle"}]},{"@type":"WebSite","@id":"https:\/\/fotografovanie.eu\/#website","url":"https:\/\/fotografovanie.eu\/","name":"Modern\u00fd magaz\u00edn o fotografii","description":"","publisher":{"@id":"https:\/\/fotografovanie.eu\/#organization"},"potentialAction":[{"@type":"SearchAction","target":{"@type":"EntryPoint","urlTemplate":"https:\/\/fotografovanie.eu\/?s={search_term_string}"},"query-input":{"@type":"PropertyValueSpecification","valueRequired":true,"valueName":"search_term_string"}}],"inLanguage":"en-GB"},{"@type":"Organization","@id":"https:\/\/fotografovanie.eu\/#organization","name":"Fotografovanie.eu","alternateName":"Blog o fotografovan\u00ed","url":"https:\/\/fotografovanie.eu\/","logo":{"@type":"ImageObject","inLanguage":"en-GB","@id":"https:\/\/fotografovanie.eu\/#\/schema\/logo\/image\/","url":"https:\/\/fotografovanie.eu\/wp-content\/uploads\/2026\/01\/cropped-0aaf3e3322a519e411873510629b829197a60c1506f5632424da96c13ebeedf4-2.webp","contentUrl":"https:\/\/fotografovanie.eu\/wp-content\/uploads\/2026\/01\/cropped-0aaf3e3322a519e411873510629b829197a60c1506f5632424da96c13ebeedf4-2.webp","width":85,"height":62,"caption":"Fotografovanie.eu"},"image":{"@id":"https:\/\/fotografovanie.eu\/#\/schema\/logo\/image\/"}},{"@type":"Person","@id":"https:\/\/fotografovanie.eu\/#\/schema\/person\/b61f1c3bde5c2b19f8d96cf591b65d4b","name":"fotograf","image":{"@type":"ImageObject","inLanguage":"en-GB","@id":"https:\/\/secure.gravatar.com\/avatar\/9d9b62d4ef8f95cbb50bd1d4f4d90625767e3c665eec5470448cf0917c71e5a3?s=96&d=mm&r=g","url":"https:\/\/secure.gravatar.com\/avatar\/9d9b62d4ef8f95cbb50bd1d4f4d90625767e3c665eec5470448cf0917c71e5a3?s=96&d=mm&r=g","contentUrl":"https:\/\/secure.gravatar.com\/avatar\/9d9b62d4ef8f95cbb50bd1d4f4d90625767e3c665eec5470448cf0917c71e5a3?s=96&d=mm&r=g","caption":"fotograf"},"url":"https:\/\/fotografovanie.eu\/en\/author\/fotograf\/"}]}},"_links":{"self":[{"href":"https:\/\/fotografovanie.eu\/en\/wp-json\/wp\/v2\/posts\/12493","targetHints":{"allow":["GET"]}}],"collection":[{"href":"https:\/\/fotografovanie.eu\/en\/wp-json\/wp\/v2\/posts"}],"about":[{"href":"https:\/\/fotografovanie.eu\/en\/wp-json\/wp\/v2\/types\/post"}],"author":[{"embeddable":true,"href":"https:\/\/fotografovanie.eu\/en\/wp-json\/wp\/v2\/users\/4"}],"replies":[{"embeddable":true,"href":"https:\/\/fotografovanie.eu\/en\/wp-json\/wp\/v2\/comments?post=12493"}],"version-history":[{"count":0,"href":"https:\/\/fotografovanie.eu\/en\/wp-json\/wp\/v2\/posts\/12493\/revisions"}],"wp:featuredmedia":[{"embeddable":true,"href":"https:\/\/fotografovanie.eu\/en\/wp-json\/wp\/v2\/media\/12118"}],"wp:attachment":[{"href":"https:\/\/fotografovanie.eu\/en\/wp-json\/wp\/v2\/media?parent=12493"}],"wp:term":[{"taxonomy":"category","embeddable":true,"href":"https:\/\/fotografovanie.eu\/en\/wp-json\/wp\/v2\/categories?post=12493"},{"taxonomy":"post_tag","embeddable":true,"href":"https:\/\/fotografovanie.eu\/en\/wp-json\/wp\/v2\/tags?post=12493"}],"curies":[{"name":"wp","href":"https:\/\/api.w.org\/{rel}","templated":true}]}}