{"id":12783,"date":"2026-02-02T23:51:01","date_gmt":"2026-02-02T22:51:01","guid":{"rendered":"https:\/\/fotografovanie.eu\/?p=12783"},"modified":"2026-02-02T23:51:01","modified_gmt":"2026-02-02T22:51:01","slug":"rodinne-fotenie-v-kosiciach-pocas-sviatkov-a-sezon-svetelne-techniky-a-emocionalne-portrety","status":"publish","type":"post","link":"https:\/\/fotografovanie.eu\/en\/rodinne-fotenie-v-kosiciach-pocas-sviatkov-a-sezon-svetelne-techniky-a-emocionalne-portrety\/","title":{"rendered":"Rodinn\u00e9 fotenie v\u202fKo\u0161iciach po\u010das sviatkov a sez\u00f3n \u2013 sveteln\u00e9 techniky a emocion\u00e1lne portr\u00e9ty"},"content":{"rendered":"<article>\n<h1>Rodinn\u00e9 fotenie v\u202fKo\u0161iciach po\u010das sviatkov a sez\u00f3n \u2013 sveteln\u00e9 techniky a emocion\u00e1lne portr\u00e9ty<\/h1>\n<p>Rodinn\u00e9 fotenie v\u202fKo\u0161iciach po\u010das sviatkov alebo sez\u00f3nnych udalost\u00ed je skvelou pr\u00edle\u017eitos\u0165ou na zachytenie skuto\u010dn\u00fdch em\u00f3ci\u00ed a atmosf\u00e9ry. Tento \u010dl\u00e1nok ti uk\u00e1\u017ee, ako pracova\u0165 so svetlom, tie\u0148mi, protisvetlom \u010di no\u010dn\u00fdm osvetlen\u00edm tak, aby tvoje rodinn\u00e9 portr\u00e9ty p\u00f4sobili profesion\u00e1lne a emot\u00edvne.<\/p>\n<h2>1. Protisvetlo pri viano\u010dn\u00fdch svetl\u00e1ch<\/h2>\n<p>Protisvetlo a svetl\u00e1 viano\u010dn\u00fdch trhov m\u00f4\u017eu vytvori\u0165 dramatick\u00fd efekt, ak vedia, ako ho spr\u00e1vne vyu\u017ei\u0165.<\/p>\n<ul>\n<li>Pou\u017ei odrazn\u00fa dosku na vyplnenie tie\u0148ov<\/li>\n<li>Experimentuj s bokeh efektom pri osvetlen\u00ed st\u00e1nkov<\/li>\n<li>Nastav expozi\u010dn\u00fa kompenz\u00e1ciu pre balans svetiel a tie\u0148ov<\/li>\n<\/ul>\n<h2>2. Jemn\u00e9 svetlo pri jarnom foten\u00ed<\/h2>\n<ul>\n<li>Rann\u00e9 svetlo je ide\u00e1lne pre portr\u00e9ty pri kvitn\u00facej pr\u00edrode<\/li>\n<li>Vyhni sa tvrd\u00e9mu polud\u0148aj\u0161iemu slnku \u2014 pou\u017eite tie\u0148 alebo difuzor<\/li>\n<li>Vyu\u017ei odraz svetla od vodnej plochy pri jazere<\/li>\n<\/ul>\n<h2>3. Zlat\u00e1 hodina pri letn\u00fdch piknikoch<\/h2>\n<ul>\n<li>Pl\u00e1nuj fotenie 60\u201390\u202fmin pred z\u00e1padom slnka<\/li>\n<li>Zlat\u00e9 svetlo dod\u00e1va rodinn\u00fdm portr\u00e9tom tepl\u00e9, m\u00e4kk\u00e9 t\u00f3ny<\/li>\n<li>Pozadie s odrazom vody alebo sveteln\u00e9 obrysy stromov zv\u00fdraznia kompoz\u00edciu<\/li>\n<\/ul>\n<h2>4. Tepl\u00e9 farby pri jesennom l\u00edst\u00ed<\/h2>\n<ul>\n<li>Svetlo poobedia prin\u00e1\u0161a tepl\u00e9 farebn\u00e9 t\u00f3novanie z\u00e1berov<\/li>\n<li>Vyu\u017ei odrazn\u00e9 plochy l\u00edstia pre prirodzen\u00e9 svetlo bez tvrd\u00fdch tie\u0148ov<\/li>\n<li>Pou\u017ei \u0161ir\u0161iu clonu pre jemn\u00fd bokeh a farebn\u00fd efekt v pozad\u00ed<\/li>\n<\/ul>\n<h2>5. No\u010dn\u00e9 svetlo a atmosf\u00e9ra<\/h2>\n<ul>\n<li>Pri no\u010dnom foten\u00ed pou\u017eite stat\u00edv alebo LED svetlo<\/li>\n<li>Umiestni rodinu do v\u00fdrazn\u00fdch sveteln\u00fdch sc\u00e9n (napr. pouli\u010dn\u00e9 lampy, dekor\u00e1cie)<\/li>\n<li>Vy\u0161\u0161ie ISO a del\u0161\u00ed \u010das uz\u00e1vierky pre zachytenie osvetlenia bez \u0161umu<\/li>\n<\/ul>\n<h2>Pomocn\u00e9 \u010dl\u00e1nky<\/h2>\n<ul>\n<li><a href=\"https:\/\/fotografovanie.eu\/en\/rodinne-fotenie-v-kosiciach-pocas-sviatkov-a-sezon-tipy-na-lokality-a-svetlo\/\">Rodinn\u00e9 fotenie v Ko\u0161iciach \u2013 lokality a svetlo<\/a><\/li>\n<li><a href=\"https:\/\/fotografovanie.eu\/en\/rodinne-fotenie-v-kosiciach-podla-svetla-a-lokality-od-rana-po-vecer\/\">Rodinn\u00e9 fotenie pod\u013ea svetla<\/a><\/li>\n<li><a href=\"https:\/\/fotografovanie.eu\/en\/ako-pripravit-a-spravovat-fotenie-rodiny-plan-scenar-a-checklist-pre-fotografov\/\">Checklist rodinn\u00e9ho fotenia<\/a><\/li>\n<\/ul>\n<section class=\"faq\">\n<h2>FAQ \u2013 Sveteln\u00e9 techniky pri rodinnom foten\u00ed v Ko\u0161iciach<\/h2>\n<details>\n<summary>\u010co je protisvetlo a ako ho vyu\u017ei\u0165 pri viano\u010dn\u00fdch fotk\u00e1ch?<\/summary>\n<p>Protisvetlo je situ\u00e1cia, kde svetlo svieti do objekt\u00edvu zospodu alebo zozadu. Pou\u017eitie odraznej dosky alebo fill svetla pom\u00e1ha vyplni\u0165 tiene a vytvori\u0165 tepl\u00e9, dramatick\u00e9 portr\u00e9ty so sveteln\u00fdmi obrysmi.<\/p>\n<\/details>\n<details>\n<summary>Kedy je najlep\u0161ie fotenie po\u010das leta?<\/summary>\n<p>Zlat\u00e1 hodina pred z\u00e1padom slnka je ide\u00e1lna, preto\u017ee poskytuje m\u00e4kk\u00e9 svetlo bez tvrd\u00fdch tie\u0148ov a tepl\u00e9 farby.<\/p>\n<\/details>\n<details>\n<summary>Ako foti\u0165 v noci pri zimn\u00fdch trhoch?<\/summary>\n<p>Pou\u017ei stat\u00edv pre stabiliz\u00e1ciu a vy\u0161\u0161ie ISO, aby si zachytil atmosf\u00e9ru bez ve\u013ek\u00e9ho \u0161umu a z\u00e1rove\u0148 si vyu\u017eil pouli\u010dn\u00e9 svetl\u00e1 a dekor\u00e1cie ako kompozitn\u00e9 prvky.<\/p>\n<\/details>\n<\/section>\n<\/article>","protected":false},"excerpt":{"rendered":"<p>Rodinn\u00e9 fotenie v\u202fKo\u0161iciach po\u010das sviatkov a sez\u00f3n \u2013 sveteln\u00e9 techniky a emocion\u00e1lne portr\u00e9ty Rodinn\u00e9 fotenie v\u202fKo\u0161iciach po\u010das sviatkov alebo sez\u00f3nnych udalost\u00ed je skvelou pr\u00edle\u017eitos\u0165ou na zachytenie skuto\u010dn\u00fdch em\u00f3ci\u00ed a atmosf\u00e9ry. Tento \u010dl\u00e1nok ti uk\u00e1\u017ee, ako pracova\u0165 so svetlom, tie\u0148mi, protisvetlom \u010di no\u010dn\u00fdm osvetlen\u00edm tak, aby tvoje rodinn\u00e9 portr\u00e9ty p\u00f4sobili profesion\u00e1lne a emot\u00edvne. 1. Protisvetlo pri [&#8230;]\n","protected":false},"author":4,"featured_media":12784,"comment_status":"closed","ping_status":"closed","sticky":false,"template":"","format":"standard","meta":{"footnotes":""},"categories":[5,98],"tags":[134],"class_list":["post-12783","post","type-post","status-publish","format-standard","has-post-thumbnail","hentry","category-fotografovanie","category-recenzie","tag-sprievodca"],"yoast_head":"<!-- This site is optimized with the Yoast SEO plugin v27.4 - https:\/\/yoast.com\/product\/yoast-seo-wordpress\/ -->\n<title>Rodinn\u00e9 fotenie v\u202fKo\u0161iciach po\u010das sviatkov a sez\u00f3n \u2013 sveteln\u00e9 techniky a emocion\u00e1lne portr\u00e9ty \u2013 Fotografovanie.eu<\/title>\n<meta name=\"description\" content=\"Rodinn\u00e9 fotenie v\u202fKo\u0161iciach po\u010das sviatkov a sez\u00f3n \u2013 sveteln\u00e9 techniky a emocion\u00e1lne portr\u00e9ty Rodinn\u00e9 fotenie v\u202fKo\u0161iciach po\u010das sviatkov alebo sez\u00f3nnych Praktick\u00e9 tipy, n\u00e1vody a trendy zo sveta fotografie.\" \/>\n<meta name=\"robots\" content=\"index, follow, max-snippet:-1, max-image-preview:large, max-video-preview:-1\" \/>\n<link rel=\"canonical\" href=\"https:\/\/fotografovanie.eu\/en\/rodinne-fotenie-v-kosiciach-pocas-sviatkov-a-sezon-svetelne-techniky-a-emocionalne-portrety\/\" \/>\n<meta property=\"og:locale\" content=\"en_GB\" \/>\n<meta property=\"og:type\" content=\"article\" \/>\n<meta property=\"og:title\" content=\"Rodinn\u00e9 fotenie v\u202fKo\u0161iciach po\u010das sviatkov a sez\u00f3n \u2013 sveteln\u00e9 techniky a emocion\u00e1lne portr\u00e9ty \u2013 Fotografovanie.eu\" \/>\n<meta property=\"og:description\" content=\"Rodinn\u00e9 fotenie v\u202fKo\u0161iciach po\u010das sviatkov a sez\u00f3n \u2013 sveteln\u00e9 techniky a emocion\u00e1lne portr\u00e9ty Rodinn\u00e9 fotenie v\u202fKo\u0161iciach po\u010das sviatkov alebo sez\u00f3nnych Praktick\u00e9 tipy, n\u00e1vody a trendy zo sveta fotografie.\" \/>\n<meta property=\"og:url\" content=\"https:\/\/fotografovanie.eu\/en\/rodinne-fotenie-v-kosiciach-pocas-sviatkov-a-sezon-svetelne-techniky-a-emocionalne-portrety\/\" \/>\n<meta property=\"og:site_name\" content=\"Modern\u00fd magaz\u00edn o fotografii\" \/>\n<meta property=\"article:published_time\" content=\"2026-02-02T22:51:01+00:00\" \/>\n<meta name=\"author\" content=\"fotograf\" \/>\n<meta name=\"twitter:card\" content=\"summary_large_image\" \/>\n<meta name=\"twitter:label1\" content=\"Written by\" \/>\n\t<meta name=\"twitter:data1\" content=\"fotograf\" \/>\n\t<meta name=\"twitter:label2\" content=\"Estimated reading time\" \/>\n\t<meta name=\"twitter:data2\" content=\"2 minutes\" \/>\n<script type=\"application\/ld+json\" class=\"yoast-schema-graph\">{\"@context\":\"https:\\\/\\\/schema.org\",\"@graph\":[{\"@type\":\"Article\",\"@id\":\"https:\\\/\\\/fotografovanie.eu\\\/rodinne-fotenie-v-kosiciach-pocas-sviatkov-a-sezon-svetelne-techniky-a-emocionalne-portrety\\\/#article\",\"isPartOf\":{\"@id\":\"https:\\\/\\\/fotografovanie.eu\\\/rodinne-fotenie-v-kosiciach-pocas-sviatkov-a-sezon-svetelne-techniky-a-emocionalne-portrety\\\/\"},\"author\":{\"name\":\"fotograf\",\"@id\":\"https:\\\/\\\/fotografovanie.eu\\\/#\\\/schema\\\/person\\\/b61f1c3bde5c2b19f8d96cf591b65d4b\"},\"headline\":\"Rodinn\u00e9 fotenie v\u202fKo\u0161iciach po\u010das sviatkov a sez\u00f3n \u2013 sveteln\u00e9 techniky a emocion\u00e1lne portr\u00e9ty\",\"datePublished\":\"2026-02-02T22:51:01+00:00\",\"mainEntityOfPage\":{\"@id\":\"https:\\\/\\\/fotografovanie.eu\\\/rodinne-fotenie-v-kosiciach-pocas-sviatkov-a-sezon-svetelne-techniky-a-emocionalne-portrety\\\/\"},\"wordCount\":470,\"publisher\":{\"@id\":\"https:\\\/\\\/fotografovanie.eu\\\/#organization\"},\"image\":{\"@id\":\"https:\\\/\\\/fotografovanie.eu\\\/rodinne-fotenie-v-kosiciach-pocas-sviatkov-a-sezon-svetelne-techniky-a-emocionalne-portrety\\\/#primaryimage\"},\"thumbnailUrl\":\"https:\\\/\\\/fotografovanie.eu\\\/wp-content\\\/uploads\\\/2026\\\/02\\\/a94a1721e421626cd4ab747cf48575e79af3df00f35342dadf7f19b8eff969d0.webp\",\"keywords\":[\"Sprievodca\"],\"articleSection\":[\"Fotografovanie\",\"Recenzie\"],\"inLanguage\":\"en-GB\"},{\"@type\":\"WebPage\",\"@id\":\"https:\\\/\\\/fotografovanie.eu\\\/rodinne-fotenie-v-kosiciach-pocas-sviatkov-a-sezon-svetelne-techniky-a-emocionalne-portrety\\\/\",\"url\":\"https:\\\/\\\/fotografovanie.eu\\\/rodinne-fotenie-v-kosiciach-pocas-sviatkov-a-sezon-svetelne-techniky-a-emocionalne-portrety\\\/\",\"name\":\"Rodinn\u00e9 fotenie v\u202fKo\u0161iciach po\u010das sviatkov a sez\u00f3n \u2013 sveteln\u00e9 techniky a emocion\u00e1lne portr\u00e9ty \u2013 Fotografovanie.eu\",\"isPartOf\":{\"@id\":\"https:\\\/\\\/fotografovanie.eu\\\/#website\"},\"primaryImageOfPage\":{\"@id\":\"https:\\\/\\\/fotografovanie.eu\\\/rodinne-fotenie-v-kosiciach-pocas-sviatkov-a-sezon-svetelne-techniky-a-emocionalne-portrety\\\/#primaryimage\"},\"image\":{\"@id\":\"https:\\\/\\\/fotografovanie.eu\\\/rodinne-fotenie-v-kosiciach-pocas-sviatkov-a-sezon-svetelne-techniky-a-emocionalne-portrety\\\/#primaryimage\"},\"thumbnailUrl\":\"https:\\\/\\\/fotografovanie.eu\\\/wp-content\\\/uploads\\\/2026\\\/02\\\/a94a1721e421626cd4ab747cf48575e79af3df00f35342dadf7f19b8eff969d0.webp\",\"datePublished\":\"2026-02-02T22:51:01+00:00\",\"description\":\"Rodinn\u00e9 fotenie v\u202fKo\u0161iciach po\u010das sviatkov a sez\u00f3n \u2013 sveteln\u00e9 techniky a emocion\u00e1lne portr\u00e9ty Rodinn\u00e9 fotenie v\u202fKo\u0161iciach po\u010das sviatkov alebo sez\u00f3nnych Praktick\u00e9 tipy, n\u00e1vody a trendy zo sveta fotografie.\",\"breadcrumb\":{\"@id\":\"https:\\\/\\\/fotografovanie.eu\\\/rodinne-fotenie-v-kosiciach-pocas-sviatkov-a-sezon-svetelne-techniky-a-emocionalne-portrety\\\/#breadcrumb\"},\"inLanguage\":\"en-GB\",\"potentialAction\":[{\"@type\":\"ReadAction\",\"target\":[\"https:\\\/\\\/fotografovanie.eu\\\/rodinne-fotenie-v-kosiciach-pocas-sviatkov-a-sezon-svetelne-techniky-a-emocionalne-portrety\\\/\"]}]},{\"@type\":\"ImageObject\",\"inLanguage\":\"en-GB\",\"@id\":\"https:\\\/\\\/fotografovanie.eu\\\/rodinne-fotenie-v-kosiciach-pocas-sviatkov-a-sezon-svetelne-techniky-a-emocionalne-portrety\\\/#primaryimage\",\"url\":\"https:\\\/\\\/fotografovanie.eu\\\/wp-content\\\/uploads\\\/2026\\\/02\\\/a94a1721e421626cd4ab747cf48575e79af3df00f35342dadf7f19b8eff969d0.webp\",\"contentUrl\":\"https:\\\/\\\/fotografovanie.eu\\\/wp-content\\\/uploads\\\/2026\\\/02\\\/a94a1721e421626cd4ab747cf48575e79af3df00f35342dadf7f19b8eff969d0.webp\",\"width\":1536,\"height\":1024,\"caption\":\"Rodinn\u00e9 fotenie v Ko\u0161iciach po\u010das Vianoc \u2013 p\u00e4\u0165\u010dlenn\u00e1 rodina na Hlavnom n\u00e1mest\u00ed, deti sa hraj\u00fa, rodi\u010dia sa usmievaj\u00fa, svetielka a dekor\u00e1cie, sneh na zemi, pr\u00edjemn\u00e1 a \u017eiv\u00e1 atmosf\u00e9ra.\"},{\"@type\":\"BreadcrumbList\",\"@id\":\"https:\\\/\\\/fotografovanie.eu\\\/rodinne-fotenie-v-kosiciach-pocas-sviatkov-a-sezon-svetelne-techniky-a-emocionalne-portrety\\\/#breadcrumb\",\"itemListElement\":[{\"@type\":\"ListItem\",\"position\":1,\"name\":\"Domov\",\"item\":\"https:\\\/\\\/fotografovanie.eu\\\/\"},{\"@type\":\"ListItem\",\"position\":2,\"name\":\"Rodinn\u00e9 fotenie v\u202fKo\u0161iciach po\u010das sviatkov a sez\u00f3n \u2013 sveteln\u00e9 techniky a emocion\u00e1lne portr\u00e9ty\"}]},{\"@type\":\"WebSite\",\"@id\":\"https:\\\/\\\/fotografovanie.eu\\\/#website\",\"url\":\"https:\\\/\\\/fotografovanie.eu\\\/\",\"name\":\"Modern\u00fd magaz\u00edn o fotografii\",\"description\":\"\",\"publisher\":{\"@id\":\"https:\\\/\\\/fotografovanie.eu\\\/#organization\"},\"potentialAction\":[{\"@type\":\"SearchAction\",\"target\":{\"@type\":\"EntryPoint\",\"urlTemplate\":\"https:\\\/\\\/fotografovanie.eu\\\/?s={search_term_string}\"},\"query-input\":{\"@type\":\"PropertyValueSpecification\",\"valueRequired\":true,\"valueName\":\"search_term_string\"}}],\"inLanguage\":\"en-GB\"},{\"@type\":\"Organization\",\"@id\":\"https:\\\/\\\/fotografovanie.eu\\\/#organization\",\"name\":\"Fotografovanie.eu\",\"alternateName\":\"Blog o fotografovan\u00ed\",\"url\":\"https:\\\/\\\/fotografovanie.eu\\\/\",\"logo\":{\"@type\":\"ImageObject\",\"inLanguage\":\"en-GB\",\"@id\":\"https:\\\/\\\/fotografovanie.eu\\\/#\\\/schema\\\/logo\\\/image\\\/\",\"url\":\"https:\\\/\\\/fotografovanie.eu\\\/wp-content\\\/uploads\\\/2026\\\/01\\\/cropped-0aaf3e3322a519e411873510629b829197a60c1506f5632424da96c13ebeedf4-2.webp\",\"contentUrl\":\"https:\\\/\\\/fotografovanie.eu\\\/wp-content\\\/uploads\\\/2026\\\/01\\\/cropped-0aaf3e3322a519e411873510629b829197a60c1506f5632424da96c13ebeedf4-2.webp\",\"width\":85,\"height\":62,\"caption\":\"Fotografovanie.eu\"},\"image\":{\"@id\":\"https:\\\/\\\/fotografovanie.eu\\\/#\\\/schema\\\/logo\\\/image\\\/\"}},{\"@type\":\"Person\",\"@id\":\"https:\\\/\\\/fotografovanie.eu\\\/#\\\/schema\\\/person\\\/b61f1c3bde5c2b19f8d96cf591b65d4b\",\"name\":\"fotograf\",\"image\":{\"@type\":\"ImageObject\",\"inLanguage\":\"en-GB\",\"@id\":\"https:\\\/\\\/secure.gravatar.com\\\/avatar\\\/9d9b62d4ef8f95cbb50bd1d4f4d90625767e3c665eec5470448cf0917c71e5a3?s=96&d=mm&r=g\",\"url\":\"https:\\\/\\\/secure.gravatar.com\\\/avatar\\\/9d9b62d4ef8f95cbb50bd1d4f4d90625767e3c665eec5470448cf0917c71e5a3?s=96&d=mm&r=g\",\"contentUrl\":\"https:\\\/\\\/secure.gravatar.com\\\/avatar\\\/9d9b62d4ef8f95cbb50bd1d4f4d90625767e3c665eec5470448cf0917c71e5a3?s=96&d=mm&r=g\",\"caption\":\"fotograf\"},\"url\":\"https:\\\/\\\/fotografovanie.eu\\\/en\\\/author\\\/fotograf\\\/\"}]}<\/script>\n<!-- \/ Yoast SEO plugin. -->","yoast_head_json":{"title":"Rodinn\u00e9 fotenie v\u202fKo\u0161iciach po\u010das sviatkov a sez\u00f3n \u2013 sveteln\u00e9 techniky a emocion\u00e1lne portr\u00e9ty \u2013 Fotografovanie.eu","description":"Rodinn\u00e9 fotenie v\u202fKo\u0161iciach po\u010das sviatkov a sez\u00f3n \u2013 sveteln\u00e9 techniky a emocion\u00e1lne portr\u00e9ty Rodinn\u00e9 fotenie v\u202fKo\u0161iciach po\u010das sviatkov alebo sez\u00f3nnych Praktick\u00e9 tipy, n\u00e1vody a trendy zo sveta fotografie.","robots":{"index":"index","follow":"follow","max-snippet":"max-snippet:-1","max-image-preview":"max-image-preview:large","max-video-preview":"max-video-preview:-1"},"canonical":"https:\/\/fotografovanie.eu\/en\/rodinne-fotenie-v-kosiciach-pocas-sviatkov-a-sezon-svetelne-techniky-a-emocionalne-portrety\/","og_locale":"en_GB","og_type":"article","og_title":"Rodinn\u00e9 fotenie v\u202fKo\u0161iciach po\u010das sviatkov a sez\u00f3n \u2013 sveteln\u00e9 techniky a emocion\u00e1lne portr\u00e9ty \u2013 Fotografovanie.eu","og_description":"Rodinn\u00e9 fotenie v\u202fKo\u0161iciach po\u010das sviatkov a sez\u00f3n \u2013 sveteln\u00e9 techniky a emocion\u00e1lne portr\u00e9ty Rodinn\u00e9 fotenie v\u202fKo\u0161iciach po\u010das sviatkov alebo sez\u00f3nnych Praktick\u00e9 tipy, n\u00e1vody a trendy zo sveta fotografie.","og_url":"https:\/\/fotografovanie.eu\/en\/rodinne-fotenie-v-kosiciach-pocas-sviatkov-a-sezon-svetelne-techniky-a-emocionalne-portrety\/","og_site_name":"Modern\u00fd magaz\u00edn o fotografii","article_published_time":"2026-02-02T22:51:01+00:00","author":"fotograf","twitter_card":"summary_large_image","twitter_misc":{"Written by":"fotograf","Estimated reading time":"2 minutes"},"schema":{"@context":"https:\/\/schema.org","@graph":[{"@type":"Article","@id":"https:\/\/fotografovanie.eu\/rodinne-fotenie-v-kosiciach-pocas-sviatkov-a-sezon-svetelne-techniky-a-emocionalne-portrety\/#article","isPartOf":{"@id":"https:\/\/fotografovanie.eu\/rodinne-fotenie-v-kosiciach-pocas-sviatkov-a-sezon-svetelne-techniky-a-emocionalne-portrety\/"},"author":{"name":"fotograf","@id":"https:\/\/fotografovanie.eu\/#\/schema\/person\/b61f1c3bde5c2b19f8d96cf591b65d4b"},"headline":"Rodinn\u00e9 fotenie v\u202fKo\u0161iciach po\u010das sviatkov a sez\u00f3n \u2013 sveteln\u00e9 techniky a emocion\u00e1lne portr\u00e9ty","datePublished":"2026-02-02T22:51:01+00:00","mainEntityOfPage":{"@id":"https:\/\/fotografovanie.eu\/rodinne-fotenie-v-kosiciach-pocas-sviatkov-a-sezon-svetelne-techniky-a-emocionalne-portrety\/"},"wordCount":470,"publisher":{"@id":"https:\/\/fotografovanie.eu\/#organization"},"image":{"@id":"https:\/\/fotografovanie.eu\/rodinne-fotenie-v-kosiciach-pocas-sviatkov-a-sezon-svetelne-techniky-a-emocionalne-portrety\/#primaryimage"},"thumbnailUrl":"https:\/\/fotografovanie.eu\/wp-content\/uploads\/2026\/02\/a94a1721e421626cd4ab747cf48575e79af3df00f35342dadf7f19b8eff969d0.webp","keywords":["Sprievodca"],"articleSection":["Fotografovanie","Recenzie"],"inLanguage":"en-GB"},{"@type":"WebPage","@id":"https:\/\/fotografovanie.eu\/rodinne-fotenie-v-kosiciach-pocas-sviatkov-a-sezon-svetelne-techniky-a-emocionalne-portrety\/","url":"https:\/\/fotografovanie.eu\/rodinne-fotenie-v-kosiciach-pocas-sviatkov-a-sezon-svetelne-techniky-a-emocionalne-portrety\/","name":"Rodinn\u00e9 fotenie v\u202fKo\u0161iciach po\u010das sviatkov a sez\u00f3n \u2013 sveteln\u00e9 techniky a emocion\u00e1lne portr\u00e9ty \u2013 Fotografovanie.eu","isPartOf":{"@id":"https:\/\/fotografovanie.eu\/#website"},"primaryImageOfPage":{"@id":"https:\/\/fotografovanie.eu\/rodinne-fotenie-v-kosiciach-pocas-sviatkov-a-sezon-svetelne-techniky-a-emocionalne-portrety\/#primaryimage"},"image":{"@id":"https:\/\/fotografovanie.eu\/rodinne-fotenie-v-kosiciach-pocas-sviatkov-a-sezon-svetelne-techniky-a-emocionalne-portrety\/#primaryimage"},"thumbnailUrl":"https:\/\/fotografovanie.eu\/wp-content\/uploads\/2026\/02\/a94a1721e421626cd4ab747cf48575e79af3df00f35342dadf7f19b8eff969d0.webp","datePublished":"2026-02-02T22:51:01+00:00","description":"Rodinn\u00e9 fotenie v\u202fKo\u0161iciach po\u010das sviatkov a sez\u00f3n \u2013 sveteln\u00e9 techniky a emocion\u00e1lne portr\u00e9ty Rodinn\u00e9 fotenie v\u202fKo\u0161iciach po\u010das sviatkov alebo sez\u00f3nnych Praktick\u00e9 tipy, n\u00e1vody a trendy zo sveta fotografie.","breadcrumb":{"@id":"https:\/\/fotografovanie.eu\/rodinne-fotenie-v-kosiciach-pocas-sviatkov-a-sezon-svetelne-techniky-a-emocionalne-portrety\/#breadcrumb"},"inLanguage":"en-GB","potentialAction":[{"@type":"ReadAction","target":["https:\/\/fotografovanie.eu\/rodinne-fotenie-v-kosiciach-pocas-sviatkov-a-sezon-svetelne-techniky-a-emocionalne-portrety\/"]}]},{"@type":"ImageObject","inLanguage":"en-GB","@id":"https:\/\/fotografovanie.eu\/rodinne-fotenie-v-kosiciach-pocas-sviatkov-a-sezon-svetelne-techniky-a-emocionalne-portrety\/#primaryimage","url":"https:\/\/fotografovanie.eu\/wp-content\/uploads\/2026\/02\/a94a1721e421626cd4ab747cf48575e79af3df00f35342dadf7f19b8eff969d0.webp","contentUrl":"https:\/\/fotografovanie.eu\/wp-content\/uploads\/2026\/02\/a94a1721e421626cd4ab747cf48575e79af3df00f35342dadf7f19b8eff969d0.webp","width":1536,"height":1024,"caption":"Rodinn\u00e9 fotenie v Ko\u0161iciach po\u010das Vianoc \u2013 p\u00e4\u0165\u010dlenn\u00e1 rodina na Hlavnom n\u00e1mest\u00ed, deti sa hraj\u00fa, rodi\u010dia sa usmievaj\u00fa, svetielka a dekor\u00e1cie, sneh na zemi, pr\u00edjemn\u00e1 a \u017eiv\u00e1 atmosf\u00e9ra."},{"@type":"BreadcrumbList","@id":"https:\/\/fotografovanie.eu\/rodinne-fotenie-v-kosiciach-pocas-sviatkov-a-sezon-svetelne-techniky-a-emocionalne-portrety\/#breadcrumb","itemListElement":[{"@type":"ListItem","position":1,"name":"Domov","item":"https:\/\/fotografovanie.eu\/"},{"@type":"ListItem","position":2,"name":"Rodinn\u00e9 fotenie v\u202fKo\u0161iciach po\u010das sviatkov a sez\u00f3n \u2013 sveteln\u00e9 techniky a emocion\u00e1lne portr\u00e9ty"}]},{"@type":"WebSite","@id":"https:\/\/fotografovanie.eu\/#website","url":"https:\/\/fotografovanie.eu\/","name":"Modern\u00fd magaz\u00edn o fotografii","description":"","publisher":{"@id":"https:\/\/fotografovanie.eu\/#organization"},"potentialAction":[{"@type":"SearchAction","target":{"@type":"EntryPoint","urlTemplate":"https:\/\/fotografovanie.eu\/?s={search_term_string}"},"query-input":{"@type":"PropertyValueSpecification","valueRequired":true,"valueName":"search_term_string"}}],"inLanguage":"en-GB"},{"@type":"Organization","@id":"https:\/\/fotografovanie.eu\/#organization","name":"Fotografovanie.eu","alternateName":"Blog o fotografovan\u00ed","url":"https:\/\/fotografovanie.eu\/","logo":{"@type":"ImageObject","inLanguage":"en-GB","@id":"https:\/\/fotografovanie.eu\/#\/schema\/logo\/image\/","url":"https:\/\/fotografovanie.eu\/wp-content\/uploads\/2026\/01\/cropped-0aaf3e3322a519e411873510629b829197a60c1506f5632424da96c13ebeedf4-2.webp","contentUrl":"https:\/\/fotografovanie.eu\/wp-content\/uploads\/2026\/01\/cropped-0aaf3e3322a519e411873510629b829197a60c1506f5632424da96c13ebeedf4-2.webp","width":85,"height":62,"caption":"Fotografovanie.eu"},"image":{"@id":"https:\/\/fotografovanie.eu\/#\/schema\/logo\/image\/"}},{"@type":"Person","@id":"https:\/\/fotografovanie.eu\/#\/schema\/person\/b61f1c3bde5c2b19f8d96cf591b65d4b","name":"fotograf","image":{"@type":"ImageObject","inLanguage":"en-GB","@id":"https:\/\/secure.gravatar.com\/avatar\/9d9b62d4ef8f95cbb50bd1d4f4d90625767e3c665eec5470448cf0917c71e5a3?s=96&d=mm&r=g","url":"https:\/\/secure.gravatar.com\/avatar\/9d9b62d4ef8f95cbb50bd1d4f4d90625767e3c665eec5470448cf0917c71e5a3?s=96&d=mm&r=g","contentUrl":"https:\/\/secure.gravatar.com\/avatar\/9d9b62d4ef8f95cbb50bd1d4f4d90625767e3c665eec5470448cf0917c71e5a3?s=96&d=mm&r=g","caption":"fotograf"},"url":"https:\/\/fotografovanie.eu\/en\/author\/fotograf\/"}]}},"_links":{"self":[{"href":"https:\/\/fotografovanie.eu\/en\/wp-json\/wp\/v2\/posts\/12783","targetHints":{"allow":["GET"]}}],"collection":[{"href":"https:\/\/fotografovanie.eu\/en\/wp-json\/wp\/v2\/posts"}],"about":[{"href":"https:\/\/fotografovanie.eu\/en\/wp-json\/wp\/v2\/types\/post"}],"author":[{"embeddable":true,"href":"https:\/\/fotografovanie.eu\/en\/wp-json\/wp\/v2\/users\/4"}],"replies":[{"embeddable":true,"href":"https:\/\/fotografovanie.eu\/en\/wp-json\/wp\/v2\/comments?post=12783"}],"version-history":[{"count":0,"href":"https:\/\/fotografovanie.eu\/en\/wp-json\/wp\/v2\/posts\/12783\/revisions"}],"wp:featuredmedia":[{"embeddable":true,"href":"https:\/\/fotografovanie.eu\/en\/wp-json\/wp\/v2\/media\/12784"}],"wp:attachment":[{"href":"https:\/\/fotografovanie.eu\/en\/wp-json\/wp\/v2\/media?parent=12783"}],"wp:term":[{"taxonomy":"category","embeddable":true,"href":"https:\/\/fotografovanie.eu\/en\/wp-json\/wp\/v2\/categories?post=12783"},{"taxonomy":"post_tag","embeddable":true,"href":"https:\/\/fotografovanie.eu\/en\/wp-json\/wp\/v2\/tags?post=12783"}],"curies":[{"name":"wp","href":"https:\/\/api.w.org\/{rel}","templated":true}]}}