{"id":12789,"date":"2026-02-02T23:58:59","date_gmt":"2026-02-02T22:58:59","guid":{"rendered":"https:\/\/fotografovanie.eu\/?p=12789"},"modified":"2026-02-02T23:58:59","modified_gmt":"2026-02-02T22:58:59","slug":"rodinne-fotenie-v-kosiciach-pocas-sviatkov-svetelne-techniky-a-emocionalne-portrety-2","status":"publish","type":"post","link":"https:\/\/fotografovanie.eu\/en\/rodinne-fotenie-v-kosiciach-pocas-sviatkov-svetelne-techniky-a-emocionalne-portrety-2\/","title":{"rendered":"Rodinn\u00e9 fotenie v\u202fKo\u0161iciach po\u010das sviatkov \u2013 sveteln\u00e9 techniky a emocion\u00e1lne portr\u00e9ty"},"content":{"rendered":"<article>\n<h1>Rodinn\u00e9 fotenie v\u202fKo\u0161iciach po\u010das sviatkov \u2013 sveteln\u00e9 techniky a emocion\u00e1lne portr\u00e9ty<\/h1>\n<p>Fotenie rodiny vonku po\u010das sviatkov v\u202fKo\u0161iciach m\u00f4\u017ee vytvori\u0165 n\u00e1dhern\u00e9 fotografie pln\u00e9 em\u00f3ci\u00ed. K\u013e\u00fa\u010dom k siln\u00fdm sn\u00edmkam je pochopenie svetla \u2014 \u010di u\u017e ide o protisvetlo pri viano\u010dn\u00fdch dekor\u00e1ci\u00e1ch, ve\u010dern\u00e9 svetl\u00e1 po\u010das zimn\u00fdch trhov alebo m\u00e4kk\u00e9 svetlo jarnej pr\u00edrody. V tomto \u010dl\u00e1nku sa pozrieme na najlep\u0161ie sveteln\u00e9 techniky a tipy na zachytenie em\u00f3ci\u00ed pri rodinnom foten\u00ed po\u010das sviatkov.<\/p>\n<h2>1. Protisvetlo pri sviato\u010dn\u00fdch dekor\u00e1ci\u00e1ch<\/h2>\n<p>Vest\u00e1 \u010das\u0165 sviato\u010dnej atmosf\u00e9ry je svetlo \u2014 \u010di u\u017e s\u00fa to svetielka, osvetlen\u00e9 st\u00e1nky alebo ozdoby. Protisvetlo m\u00f4\u017ee by\u0165 siln\u00fd n\u00e1stroj, ak ho vie\u0161 spr\u00e1vne pou\u017ei\u0165.<\/p>\n<ul>\n<li>Umiestni rodinu s sveteln\u00fdmi dekor\u00e1ciami za nimi a pou\u017eij fill svetlo alebo odrazku<\/li>\n<li>Nastav miernu expozi\u010dn\u00fa korekciu, aby svetl\u00e1 nesp\u00e1lili obraz<\/li>\n<li>Pou\u017ei objekt\u00edv s n\u00edzkou clonou (napr. f\/1.8\u202f\u2013\u202ff\/2.8) pre m\u00e4kk\u00fd bokeh svetla<\/li>\n<\/ul>\n<h2>2. Zachytenie em\u00f3ci\u00ed pri rodinn\u00fdch interakci\u00e1ch<\/h2>\n<ul>\n<li>Nechajte deti hra\u0165 sa, sk\u00e1ka\u0165 alebo dr\u017ea\u0165 sa za ruky \u2014 prvky hry \u010dasto odhalia prirodzen\u00e9 v\u00fdrazy<\/li>\n<li>Rodinn\u00e1 rozprava \u010di spolo\u010dn\u00e9 smiechy s\u00fa autentick\u00e9 momenty, ktor\u00e9 stoja za zachytenie<\/li>\n<li>S\u00fastredi\u0165 sa na detailn\u00e9 z\u00e1bery \u2014 o\u010di, \u00fasmevy, jemn\u00e9 gest\u00e1<\/li>\n<\/ul>\n<h2>3. No\u010dn\u00e9 a ve\u010dern\u00e9 fotenie pri trhoch<\/h2>\n<p>Ko\u0161ick\u00e9 Hlavn\u00e9 n\u00e1mestie a Dominik\u00e1nske n\u00e1mestie s\u00fa po\u010das sviatkov pln\u00e9 svetielok. Tak\u00e9to prostredie vy\u017eaduje \u0161peci\u00e1lne svetl\u00e9 techniky:<\/p>\n<ul>\n<li>Pou\u017ei stat\u00edv alebo stabiliz\u00e1ciu pre ostr\u00e9 fotografie pri n\u00edzkej r\u00fdchlosti uz\u00e1vierky<\/li>\n<li>Vy\u0161\u0161ie ISO s modern\u00fdm fotoapar\u00e1tom m\u00f4\u017ee fungova\u0165 bez vidite\u013en\u00e9ho \u0161umu<\/li>\n<li>Zachy\u0165 sveteln\u00e9 l\u00ednie a siluety v pozad\u00ed pre dramatickej\u0161\u00ed efekt<\/li>\n<\/ul>\n<h2>4. Svetlo pri denn\u00fdch sviato\u010dn\u00fdch fotk\u00e1ch<\/h2>\n<ul>\n<li>Rann\u00e9 svetlo je m\u00e4kk\u00e9 a ide\u00e1lne pre portr\u00e9ty pri sviato\u010dn\u00fdch dekor\u00e1ci\u00e1ch<\/li>\n<li>Polud\u0148aj\u0161ie svetlo m\u00f4\u017ee by\u0165 tvrd\u00e9 \u2014 vyh\u013eadaj tie\u0148 alebo rozpt\u00fdlen\u00e9 svetlo<\/li>\n<li>Zlat\u00e1 hodina pred z\u00e1padom slnka prid\u00e1 tepl\u00e9 t\u00f3ny a prirodzen\u00fa atmosf\u00e9ru<\/li>\n<\/ul>\n<h2>5. Tipy na kompoz\u00edciu a em\u00f3cie<\/h2>\n<ul>\n<li>Zara\u010f do kompoz\u00edcie predmety prostredia \u2014 svetielka, ven\u010deky, snehov\u00e9 detaily<\/li>\n<li>Zachy\u0165 okamihy, kde si rodina navz\u00e1jom pom\u00e1ha, dr\u017e\u00ed sa za ruky alebo sa spolu smeje<\/li>\n<li>Maj pripraven\u00e9 kr\u00e1tke in\u0161trukcie pre prirodzen\u00e9 p\u00f3zy bez nepohodlia<\/li>\n<\/ul>\n<h2>Pomocn\u00e9 \u010dl\u00e1nky<\/h2>\n<ul>\n<li><a href=\"https:\/\/fotografovanie.eu\/en\/rodinne-fotenie-v-kosiciach-pocas-sviatkov-a-sezon-tipy-na-lokality-a-svetlo\/\">Rodinn\u00e9 fotenie v Ko\u0161iciach \u2013 tipy na lokality<\/a><\/li>\n<li><a href=\"https:\/\/fotografovanie.eu\/en\/rodinne-fotenie-v-kosiciach-podla-svetla-a-lokality-od-rana-po-vecer\/\">Rodinn\u00e9 fotenie pod\u013ea svetla<\/a><\/li>\n<li><a href=\"https:\/\/fotografovanie.eu\/en\/ako-pripravit-a-spravovat-fotenie-rodiny-plan-scenar-a-checklist-pre-fotografov\/\">Checklist rodinn\u00e9ho fotenia<\/a><\/li>\n<\/ul>\n<section class=\"faq\">\n<h2>FAQ \u2013 Sveteln\u00e9 techniky a emocion\u00e1lne portr\u00e9ty<\/h2>\n<details>\n<summary>Ako vyu\u017eijem svetielka na vytvorenie bokeh efektu?<\/summary>\n<p>Svetielka v pozad\u00ed pri n\u00edzkej clone objekt\u00edvu vytvoria m\u00e4kk\u00fd, farebn\u00fd bokeh, ktor\u00fd obohat\u00ed atmosf\u00e9ru portr\u00e9tu.<\/p>\n<\/details>\n<details>\n<summary>Je lep\u0161ie foti\u0165 pred alebo po z\u00e1pade slnka?<\/summary>\n<p>Zlat\u00e1 hodina pred z\u00e1padom pon\u00faka tepl\u00e9, m\u00e4kk\u00e9 svetlo. Po z\u00e1pade m\u00f4\u017eete vyu\u017ei\u0165 okolit\u00e9 svetl\u00e1 a dekor\u00e1cie pre dramatickej\u0161ie z\u00e1bery.<\/p>\n<\/details>\n<details>\n<summary>Ako zachyti\u0165 spont\u00e1nne em\u00f3cie det\u00ed?<\/summary>\n<p>Nechajte ich hra\u0165 sa alebo spolu komunikova\u0165, namiesto priameho p\u00f3zovania \u2014 autentick\u00e9 smiechy a poh\u013eady vznikaj\u00fa prirodzene.<\/p>\n<\/details>\n<\/section>\n<\/article>","protected":false},"excerpt":{"rendered":"<p>Rodinn\u00e9 fotenie v\u202fKo\u0161iciach po\u010das sviatkov \u2013 sveteln\u00e9 techniky a emocion\u00e1lne portr\u00e9ty Fotenie rodiny vonku po\u010das sviatkov v\u202fKo\u0161iciach m\u00f4\u017ee vytvori\u0165 n\u00e1dhern\u00e9 fotografie pln\u00e9 em\u00f3ci\u00ed. K\u013e\u00fa\u010dom k siln\u00fdm sn\u00edmkam je pochopenie svetla \u2014 \u010di u\u017e ide o protisvetlo pri viano\u010dn\u00fdch dekor\u00e1ci\u00e1ch, ve\u010dern\u00e9 svetl\u00e1 po\u010das zimn\u00fdch trhov alebo m\u00e4kk\u00e9 svetlo jarnej pr\u00edrody. V tomto \u010dl\u00e1nku sa pozrieme na [&#8230;]\n","protected":false},"author":4,"featured_media":12790,"comment_status":"closed","ping_status":"closed","sticky":false,"template":"","format":"standard","meta":{"footnotes":""},"categories":[133],"tags":[134],"class_list":["post-12789","post","type-post","status-publish","format-standard","has-post-thumbnail","hentry","category-sprievodca","tag-sprievodca"],"yoast_head":"<!-- This site is optimized with the Yoast SEO plugin v27.4 - https:\/\/yoast.com\/product\/yoast-seo-wordpress\/ -->\n<title>Rodinn\u00e9 fotenie v\u202fKo\u0161iciach po\u010das sviatkov \u2013 sveteln\u00e9 techniky a emocion\u00e1lne portr\u00e9ty \u2013 Fotografovanie.eu<\/title>\n<meta name=\"description\" content=\"Rodinn\u00e9 fotenie v\u202fKo\u0161iciach po\u010das sviatkov \u2013 sveteln\u00e9 techniky a emocion\u00e1lne portr\u00e9ty Fotenie rodiny vonku po\u010das sviatkov v\u202fKo\u0161iciach m\u00f4\u017ee vytvori\u0165 Praktick\u00e9 tipy, n\u00e1vody a trendy zo sveta fotografie.\" \/>\n<meta name=\"robots\" content=\"index, follow, max-snippet:-1, max-image-preview:large, max-video-preview:-1\" \/>\n<link rel=\"canonical\" href=\"https:\/\/fotografovanie.eu\/en\/rodinne-fotenie-v-kosiciach-pocas-sviatkov-svetelne-techniky-a-emocionalne-portrety-2\/\" \/>\n<meta property=\"og:locale\" content=\"en_GB\" \/>\n<meta property=\"og:type\" content=\"article\" \/>\n<meta property=\"og:title\" content=\"Rodinn\u00e9 fotenie v\u202fKo\u0161iciach po\u010das sviatkov \u2013 sveteln\u00e9 techniky a emocion\u00e1lne portr\u00e9ty \u2013 Fotografovanie.eu\" \/>\n<meta property=\"og:description\" content=\"Rodinn\u00e9 fotenie v\u202fKo\u0161iciach po\u010das sviatkov \u2013 sveteln\u00e9 techniky a emocion\u00e1lne portr\u00e9ty Fotenie rodiny vonku po\u010das sviatkov v\u202fKo\u0161iciach m\u00f4\u017ee vytvori\u0165 Praktick\u00e9 tipy, n\u00e1vody a trendy zo sveta fotografie.\" \/>\n<meta property=\"og:url\" content=\"https:\/\/fotografovanie.eu\/en\/rodinne-fotenie-v-kosiciach-pocas-sviatkov-svetelne-techniky-a-emocionalne-portrety-2\/\" \/>\n<meta property=\"og:site_name\" content=\"Modern\u00fd magaz\u00edn o fotografii\" \/>\n<meta property=\"article:published_time\" content=\"2026-02-02T22:58:59+00:00\" \/>\n<meta name=\"author\" content=\"fotograf\" \/>\n<meta name=\"twitter:card\" content=\"summary_large_image\" \/>\n<meta name=\"twitter:label1\" content=\"Written by\" \/>\n\t<meta name=\"twitter:data1\" content=\"fotograf\" \/>\n\t<meta name=\"twitter:label2\" content=\"Estimated reading time\" \/>\n\t<meta name=\"twitter:data2\" content=\"3 minutes\" \/>\n<script type=\"application\/ld+json\" class=\"yoast-schema-graph\">{\"@context\":\"https:\\\/\\\/schema.org\",\"@graph\":[{\"@type\":\"Article\",\"@id\":\"https:\\\/\\\/fotografovanie.eu\\\/rodinne-fotenie-v-kosiciach-pocas-sviatkov-svetelne-techniky-a-emocionalne-portrety-2\\\/#article\",\"isPartOf\":{\"@id\":\"https:\\\/\\\/fotografovanie.eu\\\/rodinne-fotenie-v-kosiciach-pocas-sviatkov-svetelne-techniky-a-emocionalne-portrety-2\\\/\"},\"author\":{\"name\":\"fotograf\",\"@id\":\"https:\\\/\\\/fotografovanie.eu\\\/#\\\/schema\\\/person\\\/b61f1c3bde5c2b19f8d96cf591b65d4b\"},\"headline\":\"Rodinn\u00e9 fotenie v\u202fKo\u0161iciach po\u010das sviatkov \u2013 sveteln\u00e9 techniky a emocion\u00e1lne portr\u00e9ty\",\"datePublished\":\"2026-02-02T22:58:59+00:00\",\"mainEntityOfPage\":{\"@id\":\"https:\\\/\\\/fotografovanie.eu\\\/rodinne-fotenie-v-kosiciach-pocas-sviatkov-svetelne-techniky-a-emocionalne-portrety-2\\\/\"},\"wordCount\":541,\"publisher\":{\"@id\":\"https:\\\/\\\/fotografovanie.eu\\\/#organization\"},\"image\":{\"@id\":\"https:\\\/\\\/fotografovanie.eu\\\/rodinne-fotenie-v-kosiciach-pocas-sviatkov-svetelne-techniky-a-emocionalne-portrety-2\\\/#primaryimage\"},\"thumbnailUrl\":\"https:\\\/\\\/fotografovanie.eu\\\/wp-content\\\/uploads\\\/2026\\\/02\\\/70a9fa6c92141f357a2bcbcbdbde9d58c30a27b58b6f82e5d6c6494e9f5007c5.webp\",\"keywords\":[\"Sprievodca\"],\"articleSection\":[\"Sprievodca\"],\"inLanguage\":\"en-GB\"},{\"@type\":\"WebPage\",\"@id\":\"https:\\\/\\\/fotografovanie.eu\\\/rodinne-fotenie-v-kosiciach-pocas-sviatkov-svetelne-techniky-a-emocionalne-portrety-2\\\/\",\"url\":\"https:\\\/\\\/fotografovanie.eu\\\/rodinne-fotenie-v-kosiciach-pocas-sviatkov-svetelne-techniky-a-emocionalne-portrety-2\\\/\",\"name\":\"Rodinn\u00e9 fotenie v\u202fKo\u0161iciach po\u010das sviatkov \u2013 sveteln\u00e9 techniky a emocion\u00e1lne portr\u00e9ty \u2013 Fotografovanie.eu\",\"isPartOf\":{\"@id\":\"https:\\\/\\\/fotografovanie.eu\\\/#website\"},\"primaryImageOfPage\":{\"@id\":\"https:\\\/\\\/fotografovanie.eu\\\/rodinne-fotenie-v-kosiciach-pocas-sviatkov-svetelne-techniky-a-emocionalne-portrety-2\\\/#primaryimage\"},\"image\":{\"@id\":\"https:\\\/\\\/fotografovanie.eu\\\/rodinne-fotenie-v-kosiciach-pocas-sviatkov-svetelne-techniky-a-emocionalne-portrety-2\\\/#primaryimage\"},\"thumbnailUrl\":\"https:\\\/\\\/fotografovanie.eu\\\/wp-content\\\/uploads\\\/2026\\\/02\\\/70a9fa6c92141f357a2bcbcbdbde9d58c30a27b58b6f82e5d6c6494e9f5007c5.webp\",\"datePublished\":\"2026-02-02T22:58:59+00:00\",\"description\":\"Rodinn\u00e9 fotenie v\u202fKo\u0161iciach po\u010das sviatkov \u2013 sveteln\u00e9 techniky a emocion\u00e1lne portr\u00e9ty Fotenie rodiny vonku po\u010das sviatkov v\u202fKo\u0161iciach m\u00f4\u017ee vytvori\u0165 Praktick\u00e9 tipy, n\u00e1vody a trendy zo sveta fotografie.\",\"breadcrumb\":{\"@id\":\"https:\\\/\\\/fotografovanie.eu\\\/rodinne-fotenie-v-kosiciach-pocas-sviatkov-svetelne-techniky-a-emocionalne-portrety-2\\\/#breadcrumb\"},\"inLanguage\":\"en-GB\",\"potentialAction\":[{\"@type\":\"ReadAction\",\"target\":[\"https:\\\/\\\/fotografovanie.eu\\\/rodinne-fotenie-v-kosiciach-pocas-sviatkov-svetelne-techniky-a-emocionalne-portrety-2\\\/\"]}]},{\"@type\":\"ImageObject\",\"inLanguage\":\"en-GB\",\"@id\":\"https:\\\/\\\/fotografovanie.eu\\\/rodinne-fotenie-v-kosiciach-pocas-sviatkov-svetelne-techniky-a-emocionalne-portrety-2\\\/#primaryimage\",\"url\":\"https:\\\/\\\/fotografovanie.eu\\\/wp-content\\\/uploads\\\/2026\\\/02\\\/70a9fa6c92141f357a2bcbcbdbde9d58c30a27b58b6f82e5d6c6494e9f5007c5.webp\",\"contentUrl\":\"https:\\\/\\\/fotografovanie.eu\\\/wp-content\\\/uploads\\\/2026\\\/02\\\/70a9fa6c92141f357a2bcbcbdbde9d58c30a27b58b6f82e5d6c6494e9f5007c5.webp\",\"width\":1536,\"height\":1024,\"caption\":\"Rodinn\u00e9 fotenie v parku po\u010das jari \u2013 p\u00e4\u0165\u010dlenn\u00e1 rodina, deti dr\u017eia ve\u013ekono\u010dn\u00e9 vaj\u00ed\u010dka, rodi\u010dia sa usmievaj\u00fa, pastelov\u00e9 dekor\u00e1cie a kvitn\u00face stromy vytv\u00e1raj\u00fa tepl\u00fa a radostn\u00fa atmosf\u00e9ru.\"},{\"@type\":\"BreadcrumbList\",\"@id\":\"https:\\\/\\\/fotografovanie.eu\\\/rodinne-fotenie-v-kosiciach-pocas-sviatkov-svetelne-techniky-a-emocionalne-portrety-2\\\/#breadcrumb\",\"itemListElement\":[{\"@type\":\"ListItem\",\"position\":1,\"name\":\"Domov\",\"item\":\"https:\\\/\\\/fotografovanie.eu\\\/\"},{\"@type\":\"ListItem\",\"position\":2,\"name\":\"Rodinn\u00e9 fotenie v\u202fKo\u0161iciach po\u010das sviatkov \u2013 sveteln\u00e9 techniky a emocion\u00e1lne portr\u00e9ty\"}]},{\"@type\":\"WebSite\",\"@id\":\"https:\\\/\\\/fotografovanie.eu\\\/#website\",\"url\":\"https:\\\/\\\/fotografovanie.eu\\\/\",\"name\":\"Modern\u00fd magaz\u00edn o fotografii\",\"description\":\"\",\"publisher\":{\"@id\":\"https:\\\/\\\/fotografovanie.eu\\\/#organization\"},\"potentialAction\":[{\"@type\":\"SearchAction\",\"target\":{\"@type\":\"EntryPoint\",\"urlTemplate\":\"https:\\\/\\\/fotografovanie.eu\\\/?s={search_term_string}\"},\"query-input\":{\"@type\":\"PropertyValueSpecification\",\"valueRequired\":true,\"valueName\":\"search_term_string\"}}],\"inLanguage\":\"en-GB\"},{\"@type\":\"Organization\",\"@id\":\"https:\\\/\\\/fotografovanie.eu\\\/#organization\",\"name\":\"Fotografovanie.eu\",\"alternateName\":\"Blog o fotografovan\u00ed\",\"url\":\"https:\\\/\\\/fotografovanie.eu\\\/\",\"logo\":{\"@type\":\"ImageObject\",\"inLanguage\":\"en-GB\",\"@id\":\"https:\\\/\\\/fotografovanie.eu\\\/#\\\/schema\\\/logo\\\/image\\\/\",\"url\":\"https:\\\/\\\/fotografovanie.eu\\\/wp-content\\\/uploads\\\/2026\\\/01\\\/cropped-0aaf3e3322a519e411873510629b829197a60c1506f5632424da96c13ebeedf4-2.webp\",\"contentUrl\":\"https:\\\/\\\/fotografovanie.eu\\\/wp-content\\\/uploads\\\/2026\\\/01\\\/cropped-0aaf3e3322a519e411873510629b829197a60c1506f5632424da96c13ebeedf4-2.webp\",\"width\":85,\"height\":62,\"caption\":\"Fotografovanie.eu\"},\"image\":{\"@id\":\"https:\\\/\\\/fotografovanie.eu\\\/#\\\/schema\\\/logo\\\/image\\\/\"}},{\"@type\":\"Person\",\"@id\":\"https:\\\/\\\/fotografovanie.eu\\\/#\\\/schema\\\/person\\\/b61f1c3bde5c2b19f8d96cf591b65d4b\",\"name\":\"fotograf\",\"image\":{\"@type\":\"ImageObject\",\"inLanguage\":\"en-GB\",\"@id\":\"https:\\\/\\\/secure.gravatar.com\\\/avatar\\\/9d9b62d4ef8f95cbb50bd1d4f4d90625767e3c665eec5470448cf0917c71e5a3?s=96&d=mm&r=g\",\"url\":\"https:\\\/\\\/secure.gravatar.com\\\/avatar\\\/9d9b62d4ef8f95cbb50bd1d4f4d90625767e3c665eec5470448cf0917c71e5a3?s=96&d=mm&r=g\",\"contentUrl\":\"https:\\\/\\\/secure.gravatar.com\\\/avatar\\\/9d9b62d4ef8f95cbb50bd1d4f4d90625767e3c665eec5470448cf0917c71e5a3?s=96&d=mm&r=g\",\"caption\":\"fotograf\"},\"url\":\"https:\\\/\\\/fotografovanie.eu\\\/en\\\/author\\\/fotograf\\\/\"}]}<\/script>\n<!-- \/ Yoast SEO plugin. -->","yoast_head_json":{"title":"Rodinn\u00e9 fotenie v\u202fKo\u0161iciach po\u010das sviatkov \u2013 sveteln\u00e9 techniky a emocion\u00e1lne portr\u00e9ty \u2013 Fotografovanie.eu","description":"Rodinn\u00e9 fotenie v\u202fKo\u0161iciach po\u010das sviatkov \u2013 sveteln\u00e9 techniky a emocion\u00e1lne portr\u00e9ty Fotenie rodiny vonku po\u010das sviatkov v\u202fKo\u0161iciach m\u00f4\u017ee vytvori\u0165 Praktick\u00e9 tipy, n\u00e1vody a trendy zo sveta fotografie.","robots":{"index":"index","follow":"follow","max-snippet":"max-snippet:-1","max-image-preview":"max-image-preview:large","max-video-preview":"max-video-preview:-1"},"canonical":"https:\/\/fotografovanie.eu\/en\/rodinne-fotenie-v-kosiciach-pocas-sviatkov-svetelne-techniky-a-emocionalne-portrety-2\/","og_locale":"en_GB","og_type":"article","og_title":"Rodinn\u00e9 fotenie v\u202fKo\u0161iciach po\u010das sviatkov \u2013 sveteln\u00e9 techniky a emocion\u00e1lne portr\u00e9ty \u2013 Fotografovanie.eu","og_description":"Rodinn\u00e9 fotenie v\u202fKo\u0161iciach po\u010das sviatkov \u2013 sveteln\u00e9 techniky a emocion\u00e1lne portr\u00e9ty Fotenie rodiny vonku po\u010das sviatkov v\u202fKo\u0161iciach m\u00f4\u017ee vytvori\u0165 Praktick\u00e9 tipy, n\u00e1vody a trendy zo sveta fotografie.","og_url":"https:\/\/fotografovanie.eu\/en\/rodinne-fotenie-v-kosiciach-pocas-sviatkov-svetelne-techniky-a-emocionalne-portrety-2\/","og_site_name":"Modern\u00fd magaz\u00edn o fotografii","article_published_time":"2026-02-02T22:58:59+00:00","author":"fotograf","twitter_card":"summary_large_image","twitter_misc":{"Written by":"fotograf","Estimated reading time":"3 minutes"},"schema":{"@context":"https:\/\/schema.org","@graph":[{"@type":"Article","@id":"https:\/\/fotografovanie.eu\/rodinne-fotenie-v-kosiciach-pocas-sviatkov-svetelne-techniky-a-emocionalne-portrety-2\/#article","isPartOf":{"@id":"https:\/\/fotografovanie.eu\/rodinne-fotenie-v-kosiciach-pocas-sviatkov-svetelne-techniky-a-emocionalne-portrety-2\/"},"author":{"name":"fotograf","@id":"https:\/\/fotografovanie.eu\/#\/schema\/person\/b61f1c3bde5c2b19f8d96cf591b65d4b"},"headline":"Rodinn\u00e9 fotenie v\u202fKo\u0161iciach po\u010das sviatkov \u2013 sveteln\u00e9 techniky a emocion\u00e1lne portr\u00e9ty","datePublished":"2026-02-02T22:58:59+00:00","mainEntityOfPage":{"@id":"https:\/\/fotografovanie.eu\/rodinne-fotenie-v-kosiciach-pocas-sviatkov-svetelne-techniky-a-emocionalne-portrety-2\/"},"wordCount":541,"publisher":{"@id":"https:\/\/fotografovanie.eu\/#organization"},"image":{"@id":"https:\/\/fotografovanie.eu\/rodinne-fotenie-v-kosiciach-pocas-sviatkov-svetelne-techniky-a-emocionalne-portrety-2\/#primaryimage"},"thumbnailUrl":"https:\/\/fotografovanie.eu\/wp-content\/uploads\/2026\/02\/70a9fa6c92141f357a2bcbcbdbde9d58c30a27b58b6f82e5d6c6494e9f5007c5.webp","keywords":["Sprievodca"],"articleSection":["Sprievodca"],"inLanguage":"en-GB"},{"@type":"WebPage","@id":"https:\/\/fotografovanie.eu\/rodinne-fotenie-v-kosiciach-pocas-sviatkov-svetelne-techniky-a-emocionalne-portrety-2\/","url":"https:\/\/fotografovanie.eu\/rodinne-fotenie-v-kosiciach-pocas-sviatkov-svetelne-techniky-a-emocionalne-portrety-2\/","name":"Rodinn\u00e9 fotenie v\u202fKo\u0161iciach po\u010das sviatkov \u2013 sveteln\u00e9 techniky a emocion\u00e1lne portr\u00e9ty \u2013 Fotografovanie.eu","isPartOf":{"@id":"https:\/\/fotografovanie.eu\/#website"},"primaryImageOfPage":{"@id":"https:\/\/fotografovanie.eu\/rodinne-fotenie-v-kosiciach-pocas-sviatkov-svetelne-techniky-a-emocionalne-portrety-2\/#primaryimage"},"image":{"@id":"https:\/\/fotografovanie.eu\/rodinne-fotenie-v-kosiciach-pocas-sviatkov-svetelne-techniky-a-emocionalne-portrety-2\/#primaryimage"},"thumbnailUrl":"https:\/\/fotografovanie.eu\/wp-content\/uploads\/2026\/02\/70a9fa6c92141f357a2bcbcbdbde9d58c30a27b58b6f82e5d6c6494e9f5007c5.webp","datePublished":"2026-02-02T22:58:59+00:00","description":"Rodinn\u00e9 fotenie v\u202fKo\u0161iciach po\u010das sviatkov \u2013 sveteln\u00e9 techniky a emocion\u00e1lne portr\u00e9ty Fotenie rodiny vonku po\u010das sviatkov v\u202fKo\u0161iciach m\u00f4\u017ee vytvori\u0165 Praktick\u00e9 tipy, n\u00e1vody a trendy zo sveta fotografie.","breadcrumb":{"@id":"https:\/\/fotografovanie.eu\/rodinne-fotenie-v-kosiciach-pocas-sviatkov-svetelne-techniky-a-emocionalne-portrety-2\/#breadcrumb"},"inLanguage":"en-GB","potentialAction":[{"@type":"ReadAction","target":["https:\/\/fotografovanie.eu\/rodinne-fotenie-v-kosiciach-pocas-sviatkov-svetelne-techniky-a-emocionalne-portrety-2\/"]}]},{"@type":"ImageObject","inLanguage":"en-GB","@id":"https:\/\/fotografovanie.eu\/rodinne-fotenie-v-kosiciach-pocas-sviatkov-svetelne-techniky-a-emocionalne-portrety-2\/#primaryimage","url":"https:\/\/fotografovanie.eu\/wp-content\/uploads\/2026\/02\/70a9fa6c92141f357a2bcbcbdbde9d58c30a27b58b6f82e5d6c6494e9f5007c5.webp","contentUrl":"https:\/\/fotografovanie.eu\/wp-content\/uploads\/2026\/02\/70a9fa6c92141f357a2bcbcbdbde9d58c30a27b58b6f82e5d6c6494e9f5007c5.webp","width":1536,"height":1024,"caption":"Rodinn\u00e9 fotenie v parku po\u010das jari \u2013 p\u00e4\u0165\u010dlenn\u00e1 rodina, deti dr\u017eia ve\u013ekono\u010dn\u00e9 vaj\u00ed\u010dka, rodi\u010dia sa usmievaj\u00fa, pastelov\u00e9 dekor\u00e1cie a kvitn\u00face stromy vytv\u00e1raj\u00fa tepl\u00fa a radostn\u00fa atmosf\u00e9ru."},{"@type":"BreadcrumbList","@id":"https:\/\/fotografovanie.eu\/rodinne-fotenie-v-kosiciach-pocas-sviatkov-svetelne-techniky-a-emocionalne-portrety-2\/#breadcrumb","itemListElement":[{"@type":"ListItem","position":1,"name":"Domov","item":"https:\/\/fotografovanie.eu\/"},{"@type":"ListItem","position":2,"name":"Rodinn\u00e9 fotenie v\u202fKo\u0161iciach po\u010das sviatkov \u2013 sveteln\u00e9 techniky a emocion\u00e1lne portr\u00e9ty"}]},{"@type":"WebSite","@id":"https:\/\/fotografovanie.eu\/#website","url":"https:\/\/fotografovanie.eu\/","name":"Modern\u00fd magaz\u00edn o fotografii","description":"","publisher":{"@id":"https:\/\/fotografovanie.eu\/#organization"},"potentialAction":[{"@type":"SearchAction","target":{"@type":"EntryPoint","urlTemplate":"https:\/\/fotografovanie.eu\/?s={search_term_string}"},"query-input":{"@type":"PropertyValueSpecification","valueRequired":true,"valueName":"search_term_string"}}],"inLanguage":"en-GB"},{"@type":"Organization","@id":"https:\/\/fotografovanie.eu\/#organization","name":"Fotografovanie.eu","alternateName":"Blog o fotografovan\u00ed","url":"https:\/\/fotografovanie.eu\/","logo":{"@type":"ImageObject","inLanguage":"en-GB","@id":"https:\/\/fotografovanie.eu\/#\/schema\/logo\/image\/","url":"https:\/\/fotografovanie.eu\/wp-content\/uploads\/2026\/01\/cropped-0aaf3e3322a519e411873510629b829197a60c1506f5632424da96c13ebeedf4-2.webp","contentUrl":"https:\/\/fotografovanie.eu\/wp-content\/uploads\/2026\/01\/cropped-0aaf3e3322a519e411873510629b829197a60c1506f5632424da96c13ebeedf4-2.webp","width":85,"height":62,"caption":"Fotografovanie.eu"},"image":{"@id":"https:\/\/fotografovanie.eu\/#\/schema\/logo\/image\/"}},{"@type":"Person","@id":"https:\/\/fotografovanie.eu\/#\/schema\/person\/b61f1c3bde5c2b19f8d96cf591b65d4b","name":"fotograf","image":{"@type":"ImageObject","inLanguage":"en-GB","@id":"https:\/\/secure.gravatar.com\/avatar\/9d9b62d4ef8f95cbb50bd1d4f4d90625767e3c665eec5470448cf0917c71e5a3?s=96&d=mm&r=g","url":"https:\/\/secure.gravatar.com\/avatar\/9d9b62d4ef8f95cbb50bd1d4f4d90625767e3c665eec5470448cf0917c71e5a3?s=96&d=mm&r=g","contentUrl":"https:\/\/secure.gravatar.com\/avatar\/9d9b62d4ef8f95cbb50bd1d4f4d90625767e3c665eec5470448cf0917c71e5a3?s=96&d=mm&r=g","caption":"fotograf"},"url":"https:\/\/fotografovanie.eu\/en\/author\/fotograf\/"}]}},"_links":{"self":[{"href":"https:\/\/fotografovanie.eu\/en\/wp-json\/wp\/v2\/posts\/12789","targetHints":{"allow":["GET"]}}],"collection":[{"href":"https:\/\/fotografovanie.eu\/en\/wp-json\/wp\/v2\/posts"}],"about":[{"href":"https:\/\/fotografovanie.eu\/en\/wp-json\/wp\/v2\/types\/post"}],"author":[{"embeddable":true,"href":"https:\/\/fotografovanie.eu\/en\/wp-json\/wp\/v2\/users\/4"}],"replies":[{"embeddable":true,"href":"https:\/\/fotografovanie.eu\/en\/wp-json\/wp\/v2\/comments?post=12789"}],"version-history":[{"count":0,"href":"https:\/\/fotografovanie.eu\/en\/wp-json\/wp\/v2\/posts\/12789\/revisions"}],"wp:featuredmedia":[{"embeddable":true,"href":"https:\/\/fotografovanie.eu\/en\/wp-json\/wp\/v2\/media\/12790"}],"wp:attachment":[{"href":"https:\/\/fotografovanie.eu\/en\/wp-json\/wp\/v2\/media?parent=12789"}],"wp:term":[{"taxonomy":"category","embeddable":true,"href":"https:\/\/fotografovanie.eu\/en\/wp-json\/wp\/v2\/categories?post=12789"},{"taxonomy":"post_tag","embeddable":true,"href":"https:\/\/fotografovanie.eu\/en\/wp-json\/wp\/v2\/tags?post=12789"}],"curies":[{"name":"wp","href":"https:\/\/api.w.org\/{rel}","templated":true}]}}