{"id":13452,"date":"2026-02-19T01:07:22","date_gmt":"2026-02-19T00:07:22","guid":{"rendered":"https:\/\/fotografovanie.eu\/?p=13452"},"modified":"2026-02-19T01:08:05","modified_gmt":"2026-02-19T00:08:05","slug":"fotografovanie-v-zime-praca-s-chladnym-svetlom-snehom-a-zimnou-atmosferou","status":"publish","type":"post","link":"https:\/\/fotografovanie.eu\/en\/fotografovanie-v-zime-praca-s-chladnym-svetlom-snehom-a-zimnou-atmosferou\/","title":{"rendered":"Fotografovanie v zime \u2013 pr\u00e1ca s chladn\u00fdm svetlom, snehom a zimnou atmosf\u00e9rou"},"content":{"rendered":"<p><!DOCTYPE html><br \/>\n<html lang=\"sk\"><br \/>\n<head><br \/>\n<meta charset=\"UTF-8\"><br \/>\n<meta name=\"viewport\" content=\"width=device-width, initial-scale=1.0\"><br \/>\n<title>Fotografovanie v zime \u2013 pr\u00e1ca s chladn\u00fdm svetlom, snehom a zimnou atmosf\u00e9rou | Fotografovanie.eu<\/title><br \/>\n<meta name=\"description\" content=\"Kompletn\u00fd n\u00e1vod na fotografovanie v zime: od technick\u00fdch nastaven\u00ed, pr\u00e1ce so snehom a chladn\u00fdm svetlom a\u017e po kreat\u00edvne tipy a zachytenie zimnej atmosf\u00e9ry.\"><\/p>\n<p><meta property=\"og:title\" content=\"Fotografovanie v zime \u2013 pr\u00e1ca s chladn\u00fdm svetlom, snehom a zimnou atmosf\u00e9rou\"><br \/>\n<meta property=\"og:description\" content=\"Kompletn\u00fd n\u00e1vod na fotografovanie v zime: od technick\u00fdch nastaven\u00ed, pr\u00e1ce so snehom a chladn\u00fdm svetlom a\u017e po kreat\u00edvne tipy a zachytenie zimnej atmosf\u00e9ry.\"><br \/>\n<meta property=\"og:type\" content=\"article\"><br \/>\n<meta property=\"og:url\" content=\"https:\/\/fotografovanie.eu\/fotografovanie-v-zime-praca-s-chladnym-svetlom-snehom-a-zimnou-atmosferou\"><br \/>\n<meta property=\"og:image\" content=\"https:\/\/fotografovanie.eu\/wp-content\/uploads\/2026\/02\/3a83387ab7e18fb5e6aec8187223284fad56cb7c1a4e94a8489ba32bb56e6b8d.webp\"><\/p>\n<style>\n.gallery {\n  display: grid;\n  grid-template-columns: repeat(auto-fill, minmax(250px, 1fr));\n  gap: 12px;\n}\n.gallery img {\n  width: 100%;\n  height: 180px;\n  object-fit: cover;\n  border-radius: 8px;\n  cursor: pointer;\n  transition: transform 0.3s ease;\n}\n.gallery img:hover {\n  transform: scale(1.05);\n}\n.cta-block{background:#e0f7fa;padding:35px;margin:50px 0;border-left:6px solid #00838f;border-radius:6px;}\n.cta-block a{background:#00838f;color:#fff;padding:16px 32px;font-size:1.2em;text-decoration:none;border-radius:6px;display:inline-block;}\n.cta-block a:hover{background:#005662;}\n.faq details{border:1px solid rgba(0,0,0,.12);border-radius:12px;padding:12px 14px;margin:10px 0;background:#fff;}\n.faq summary{cursor:pointer;font-weight:700;display:flex;align-items:center;justify-content:space-between;}\n.faq summary::-webkit-details-marker{display:none;}\n.faq summary::after{content:\"\u25be\";opacity:.7;transition:transform 0.2s ease;}\n.faq details[open] summary::after{transform:rotate(180deg);opacity:1;}\n<\/style>\n<p><\/head><br \/>\n<body><\/p>\n<p><main><\/p>\n<header>\n<h1>Fotografovanie v zime \u2013 pr\u00e1ca s chladn\u00fdm svetlom, snehom a zimnou atmosf\u00e9rou<\/h1>\n<p>Zima je fascinuj\u00face obdobie pre fotografa. Pr\u00edroda dost\u00e1va nov\u00fd charakter, mest\u00e1 zaha\u013euje sneh, svetlo sa st\u00e1va m\u00e4k\u0161\u00edm a atmosf\u00e9ra m\u00e1 svoj jedine\u010dn\u00fd pokoj. Zimn\u00e9 fotografie dok\u00e1\u017eu sprostredkova\u0165 nielen vizu\u00e1l, ale aj pocit chladu, ticha a \u010distoty, ktor\u00fd k tomuto obdobiu patr\u00ed. Aby ste v\u0161ak zo zimn\u00e9ho fotenia vy\u0165a\u017eili maximum, je d\u00f4le\u017eit\u00e9 pozna\u0165 \u0161pecifik\u00e1 pr\u00e1ce s chladn\u00fdm svetlom, snehom a technikou v n\u00edzkych teplot\u00e1ch.<\/p>\n<\/header>\n<nav class=\"toc\">\n<strong>Obsah:<\/strong><br \/>\n<a href=\"#svetlo\">Svetlo v zime a jeho \u0161pecifik\u00e1<\/a><br \/>\n<a href=\"#sneh\">Pr\u00e1ca so snehom a kontrastom<\/a><br \/>\n<a href=\"#technika\">Technick\u00e9 nastavenia a ochrana zariadenia<\/a><br \/>\n<a href=\"#portrety\">Portr\u00e9ty v zime<\/a><br \/>\n<a href=\"#krajina\">Krajin\u00e1rska fotografia<\/a><br \/>\n<a href=\"#galeria\">Gal\u00e9ria<\/a><br \/>\n<a href=\"#postproces\">Postproces<\/a><br \/>\n<a href=\"#marketing\">Marketing a vyu\u017eitie<\/a><br \/>\n<a href=\"#faq\">FAQ<\/a><br \/>\n<a href=\"#zaver\">Z\u00e1ver<\/a><br \/>\n<\/nav>\n<section id=\"svetlo\">\n<h2>Svetlo v zime a jeho \u0161pecifik\u00e1<\/h2>\n<p>Zimn\u00e9 slnko je n\u00edzko nad horizontom po cel\u00fd de\u0148. To znamen\u00e1, \u017ee m\u00e4kk\u00e9, zlatist\u00e9 svetlo m\u00e1te k dispoz\u00edcii ove\u013ea dlh\u0161ie ne\u017e v in\u00fdch ro\u010dn\u00fdch obdobiach. Dobr\u00e1 spr\u00e1va je, \u017ee nemus\u00edte \u010daka\u0165 na zlat\u00fa hodinu \u2013 aj poludnie pon\u00faka pr\u00edjemne dif\u00fazne svetlo, ktor\u00e9 nevrh\u00e1 tvrd\u00e9 tiene. Je v\u0161ak chladnej\u0161ie, s n\u00e1dychom modrej, \u010do m\u00f4\u017ee fotografie posun\u00fa\u0165 do inej n\u00e1lady. Ak fotografujete portr\u00e9ty, tento odtie\u0148 m\u00f4\u017ee p\u00f4sobi\u0165 na poko\u017eku studenej\u0161ie, preto je vhodn\u00e9 pou\u017ei\u0165 odrazn\u00fa dosku s tepl\u00fdm filtrom alebo jemn\u00e9 dodato\u010dn\u00e9 osvetlenie. Pri krajin\u00e1rskej fotografii v\u0161ak modr\u00e1 tonalita dop\u013a\u0148a zasne\u017een\u00e9 v\u00fdh\u013eady a vytv\u00e1ra atmosf\u00e9ru zimn\u00e9ho pokoja.<\/p>\n<\/section>\n<section id=\"sneh\">\n<h2>Pr\u00e1ca so snehom a kontrastom<\/h2>\n<p>Sneh je n\u00e1dhern\u00fd element, ale z\u00e1rove\u0148 technick\u00e1 v\u00fdzva. Ak ho fotografujete, fotoapar\u00e1t m\u00e1 tendenciu automaticky podexponova\u0165 sc\u00e9nu, \u010do vedie k sivast\u00e9mu a mdl\u00e9mu snehu. Rie\u0161en\u00edm je kompenz\u00e1cia expoz\u00edcie o +0,3 a\u017e +1 EV, aby biela bola skuto\u010dne biela. Sneh odr\u00e1\u017ea svetlo, tak\u017ee portr\u00e9ty v zasne\u017eenej krajine maj\u00fa prirodzene osvetlen\u00e9 tv\u00e1re \u2013 vyu\u017eite to. Navy\u0161e, kontrast medzi tmav\u00fdm oble\u010den\u00edm a bielym pozad\u00edm je vizu\u00e1lne ve\u013emi siln\u00fd. Kreat\u00edvne m\u00f4\u017eete tie\u017e zachyti\u0165 detaily \u2013 \u0161trukt\u00faru snehu, stopy, zamrznut\u00e9 kvapky na rastlin\u00e1ch.<\/p>\n<\/section>\n<section id=\"technika\">\n<h2>Technick\u00e9 nastavenia a ochrana zariadenia<\/h2>\n<p>Fotografovanie v zime kladie n\u00e1roky na va\u0161u techniku aj v\u00e1s. Bat\u00e9rie sa v chlade vyb\u00edjaj\u00fa r\u00fdchlej\u0161ie \u2013 majte n\u00e1hradn\u00e9 a uchov\u00e1vajte ich v teple, ide\u00e1lne vo vrecku pod bundou. Kondenz\u00e1cia je \u010fal\u0161\u00edm rizikom \u2013 ke\u010f vst\u00fapite zo zimy do tepla, nechajte fotoapar\u00e1t v uzavretej ta\u0161ke, aby sa zahrieval pomaly a neza\u010dala sa tvori\u0165 vlhkos\u0165 na optike. Rozm\u00fd\u0161\u013eajte tie\u017e nad ochranou pred snehom \u2013 aj ten najjemnej\u0161\u00ed vie po\u0161kodi\u0165 mechaniku objekt\u00edvu, ak sa dostane dnu. Nastavenia fotoapar\u00e1tu prisp\u00f4sobte svetlu: ISO dr\u017ete n\u00edzko (100\u2013400), clonu pou\u017eite pod\u013ea z\u00e1meru (f\/2.8\u2013f\/4 pre portr\u00e9t, f\/8\u2013f\/11 pre krajinu), \u010das uz\u00e1vierky v z\u00e1vislosti od pohybu \u2013 ak chcete zmrazi\u0165 padaj\u00face vlo\u010dky, pou\u017eite aspo\u0148 1\/250s.<\/p>\n<\/section>\n<section id=\"portrety\">\n<h2>Portr\u00e9ty v zime<\/h2>\n<p>Zimn\u00e9 portr\u00e9ty maj\u00fa svoje \u010daro \u2013 tv\u00e1re or\u00e1movan\u00e9 \u010diapkami, \u0161\u00e1lmi, dych vidite\u013en\u00fd v mrazivom vzduchu. Pri fotografovan\u00ed dbajte na pohodlie modelu \u2013 kr\u00e1tke intervaly fotenia, aby neprechladli, a zauj\u00edmav\u00fd styling, ktor\u00fd lad\u00ed s prostred\u00edm. Ak chcete zachyti\u0165 aj interakciu, sk\u00faste p\u00e1ry alebo rodiny v hre \u2013 stavanie snehuliaka, gu\u013eova\u010dku. Vyu\u017eite okolit\u00e9 svetlo snehu a zabr\u00e1\u0148te ostr\u00e9mu protisvetlu, ktor\u00e9 m\u00f4\u017ee sp\u00f4sobova\u0165 prep\u00e1len\u00e9 oblasti.<\/p>\n<\/section>\n<section id=\"krajina\">\n<h2>Krajin\u00e1rska fotografia<\/h2>\n<p>Zima odha\u013euje tvary krajiny, ktor\u00e9 v lete zakr\u00fdva veget\u00e1cia. Hory p\u00f4sobia majest\u00e1tnej\u0161ie s vrcholmi zasne\u017een\u00fdmi, mestsk\u00e9 scen\u00e9rie z\u00edskavaj\u00fa jemnos\u0165 v\u010faka bielym strech\u00e1m a chodn\u00edkom. Zamrznut\u00e9 vodn\u00e9 plochy, n\u00e1mraza na stromoch \u2013 to v\u0161etko s\u00fa prvky, ktor\u00e9 spravia z\u00e1ber unik\u00e1tnym. V krajin\u00e1rskej fotografii sa nebojte minimalizmu \u2013 fotografia jedn\u00e9ho stromu na bielej pl\u00e1ni m\u00f4\u017ee poveda\u0165 viac ne\u017e preplnen\u00e1 kompoz\u00edcia.<\/p>\n<\/section>\n<section id=\"galeria\">\n<h2>Gal\u00e9ria zimn\u00fdch fotografi\u00ed<\/h2>\n<div class=\"gallery\">\n<a href=\"https:\/\/fotografovanie.eu\/wp-content\/uploads\/2026\/02\/3a83387ab7e18fb5e6aec8187223284fad56cb7c1a4e94a8489ba32bb56e6b8d.webp\" data-lightbox=\"zima\" data-title=\"Zimn\u00e9 rodinn\u00e9 fotenie v snehu\"><br \/>\n<img decoding=\"async\" src=\"https:\/\/fotografovanie.eu\/wp-content\/uploads\/2026\/02\/3a83387ab7e18fb5e6aec8187223284fad56cb7c1a4e94a8489ba32bb56e6b8d.webp\" alt=\"Zimn\u00e9 rodinn\u00e9 fotenie v snehu\"><\/a><br \/>\n<a href=\"https:\/\/fotografovanie.eu\/wp-content\/uploads\/2026\/01\/22519f32b69e668a61f7042aacc7e0bf9262a53d82f7abb9bbef9dfcc1a45bc6.webp\" data-lightbox=\"zima\" data-title=\"Zimn\u00e1 panor\u00e1ma Bratislavy\"><br \/>\n<img decoding=\"async\" src=\"https:\/\/fotografovanie.eu\/wp-content\/uploads\/2026\/01\/22519f32b69e668a61f7042aacc7e0bf9262a53d82f7abb9bbef9dfcc1a45bc6.webp\" alt=\"Zimn\u00e1 panor\u00e1ma Bratislavy\"><\/a><br \/>\n<a href=\"https:\/\/fotografovanie.eu\/wp-content\/uploads\/2026\/01\/5c34ced6a5e5fcc5034d650c20d0d750f92752aec79cd203bbcb35ebbb4546bb.webp\" data-lightbox=\"zima\" data-title=\"Historick\u00e9 centrum Ko\u0161\u00edc v zime\"><br \/>\n<img decoding=\"async\" src=\"https:\/\/fotografovanie.eu\/wp-content\/uploads\/2026\/01\/5c34ced6a5e5fcc5034d650c20d0d750f92752aec79cd203bbcb35ebbb4546bb.webp\" alt=\"Historick\u00e9 centrum Ko\u0161\u00edc v zime\"><\/a>\n<\/div>\n<\/section>\n<section id=\"postproces\">\n<h2>Postproces<\/h2>\n<p>Pri \u00faprav\u00e1ch zimn\u00fdch fotografi\u00ed dbajte na zachovanie prirodzenosti snehu. Prehnan\u00e1 satur\u00e1cia modrej m\u00f4\u017ee p\u00f4sobi\u0165 ru\u0161ivo. Jemn\u00e9 \u00fapravy kontrastu a clarity pom\u00f4\u017eu zv\u00fdrazni\u0165 \u0161trukt\u00faru snehu. Experimentujte so zv\u00fd\u0161en\u00edm tepl\u00fdch t\u00f3nov pri portr\u00e9toch, aby ste vyv\u00e1\u017eili chladn\u00fd n\u00e1dych svetla.<\/p>\n<\/section>\n<section id=\"marketing\">\n<h2>Marketing a vyu\u017eitie<\/h2>\n<p>Zimn\u00e9 fotografie s\u00fa v\u00fdborn\u00fdm materi\u00e1lom pre turistick\u00e9, reklamn\u00e9 a rodinn\u00e9 portf\u00f3li\u00e1. Maj\u00fa vysok\u00fa estetick\u00fa hodnotu a dobre sa kombinuj\u00fa so sez\u00f3nnymi kampaniami \u2013 od zimn\u00fdch festivalov po viano\u010dn\u00e9 reklamy.<\/p>\n<div class=\"cta-block\">\n<h2>Presk\u00famajte s\u00favisiace t\u00e9my<\/h2>\n<p><a href=\"https:\/\/fotografovanie.eu\/fotografovanie-v-dazdi-tipy-na-odrazy-svetlo-a-atmosferu\/\">Fotografovanie v da\u017edi<\/a><\/p>\n<p><a href=\"https:\/\/fotografovanie.eu\/nocna-fotografia-tipy-na-vecerne-portrety-svetlo-a-atmosferu\/\">No\u010dn\u00e1 fotografia<\/a><\/p>\n<\/div>\n<\/section>\n<section id=\"faq\" class=\"faq\">\n<h2>FAQ<\/h2>\n<details>\n<summary>\u010co robi\u0165, ak sa objekt\u00edv zahmlieva?<\/summary>\n<p>Nechajte fotoapar\u00e1t aklimatizova\u0165, vlo\u017een\u00fd v ta\u0161ke, aby prechod z chladu do tepla bol pozvo\u013en\u00fd.<\/p>\n<\/details>\n<details>\n<summary>Ak\u00e9 oble\u010denie zvoli\u0165 na zimn\u00e9 fotenie?<\/summary>\n<p>Vrstva tepl\u00e9ho a nepremokav\u00e9ho oble\u010denia, rukavice, \u010diapka \u2013 komfort je k\u013e\u00fa\u010dom k dobr\u00fdm fotk\u00e1m.<\/p>\n<\/details>\n<details>\n<summary>Je bezpe\u010dn\u00e9 foti\u0165 pri m\u00ednusov\u00fdch teplot\u00e1ch?<\/summary>\n<p>\u00c1no, ak chr\u00e1nite techniku pred vlhkos\u0165ou, bat\u00e9rie pred vyb\u00edjan\u00edm a seba pred prechladnut\u00edm.<\/p>\n<\/details>\n<\/section>\n<section id=\"zaver\">\n<h2>Z\u00e1ver<\/h2>\n<p>Zimn\u00e9 fotografovanie je umeleck\u00e1 aj technick\u00e1 sk\u00fa\u0161ka. M\u00e4kk\u00e9 svetlo, kontrast snehu, modr\u00fd n\u00e1dych oblohy \u2013 to v\u0161etko vytv\u00e1ra v\u00fdnimo\u010dn\u00e9 vizu\u00e1lne pr\u00edbehy. S pr\u00edpravou, vhodn\u00fdmi nastaveniami a kreat\u00edvnym pr\u00edstupom sa zima m\u00f4\u017ee sta\u0165 jedn\u00fdm z va\u0161ich najob\u013e\u00fabenej\u0161\u00edch fotografick\u00fdch obdob\u00ed.<\/p>\n<\/section>\n<p><\/main><br \/>\n<\/body><br \/>\n<\/html><\/p>\n","protected":false},"excerpt":{"rendered":"<p>Fotografovanie v zime \u2013 pr\u00e1ca s chladn\u00fdm svetlom, snehom a zimnou atmosf\u00e9rou | Fotografovanie.eu Fotografovanie v zime \u2013 pr\u00e1ca s chladn\u00fdm svetlom, snehom a zimnou atmosf\u00e9rou Zima je fascinuj\u00face obdobie pre fotografa. Pr\u00edroda dost\u00e1va nov\u00fd charakter, mest\u00e1 zaha\u013euje sneh, svetlo sa st\u00e1va m\u00e4k\u0161\u00edm a atmosf\u00e9ra m\u00e1 svoj jedine\u010dn\u00fd pokoj. Zimn\u00e9 fotografie dok\u00e1\u017eu sprostredkova\u0165 nielen vizu\u00e1l, [&#8230;]\n","protected":false},"author":4,"featured_media":13098,"comment_status":"closed","ping_status":"closed","sticky":false,"template":"","format":"standard","meta":{"footnotes":""},"categories":[5],"tags":[93],"class_list":["post-13452","post","type-post","status-publish","format-standard","has-post-thumbnail","hentry","category-fotografovanie","tag-fotografovanie"],"yoast_head":"<!-- This site is optimized with the Yoast SEO plugin v27.4 - https:\/\/yoast.com\/product\/yoast-seo-wordpress\/ -->\n<title>Fotografovanie v zime \u2013 pr\u00e1ca s chladn\u00fdm svetlom, snehom a zimnou atmosf\u00e9rou \u2013 Fotografovanie.eu<\/title>\n<meta name=\"description\" content=\"Fotografovanie v zime \u2013 pr\u00e1ca s chladn\u00fdm svetlom, snehom a zimnou atmosf\u00e9rou | Fotografovanie.eu Fotografovanie v zime \u2013 pr\u00e1ca s chladn\u00fdm svetlom, snehom Praktick\u00e9 tipy, n\u00e1vody a trendy zo sveta fotografie. Objavte kompletn\u00fd n\u00e1vod na fotografovanie v zime \u2013 tipy na pr\u00e1cu s chladn\u00fdm svetlom, snehom a zachytenie zimnej atmosf\u00e9ry. Nastavenia, ochrana techniky, portr\u00e9ty aj krajina.\" \/>\n<meta name=\"robots\" content=\"index, follow, max-snippet:-1, max-image-preview:large, max-video-preview:-1\" \/>\n<link rel=\"canonical\" href=\"https:\/\/fotografovanie.eu\/en\/fotografovanie-v-zime-praca-s-chladnym-svetlom-snehom-a-zimnou-atmosferou\/\" \/>\n<meta property=\"og:locale\" content=\"en_GB\" \/>\n<meta property=\"og:type\" content=\"article\" \/>\n<meta property=\"og:title\" content=\"Fotografovanie v zime \u2013 pr\u00e1ca s chladn\u00fdm svetlom, snehom a zimnou atmosf\u00e9rou \u2013 Fotografovanie.eu\" \/>\n<meta property=\"og:description\" content=\"Fotografovanie v zime \u2013 pr\u00e1ca s chladn\u00fdm svetlom, snehom a zimnou atmosf\u00e9rou | Fotografovanie.eu Fotografovanie v zime \u2013 pr\u00e1ca s chladn\u00fdm svetlom, snehom Praktick\u00e9 tipy, n\u00e1vody a trendy zo sveta fotografie. Objavte kompletn\u00fd n\u00e1vod na fotografovanie v zime \u2013 tipy na pr\u00e1cu s chladn\u00fdm svetlom, snehom a zachytenie zimnej atmosf\u00e9ry. Nastavenia, ochrana techniky, portr\u00e9ty aj krajina.\" \/>\n<meta property=\"og:url\" content=\"https:\/\/fotografovanie.eu\/en\/fotografovanie-v-zime-praca-s-chladnym-svetlom-snehom-a-zimnou-atmosferou\/\" \/>\n<meta property=\"og:site_name\" content=\"Modern\u00fd magaz\u00edn o fotografii\" \/>\n<meta property=\"article:published_time\" content=\"2026-02-19T00:07:22+00:00\" \/>\n<meta property=\"article:modified_time\" content=\"2026-02-19T00:08:05+00:00\" \/>\n<meta property=\"og:image\" content=\"https:\/\/fotografovanie.eu\/wp-content\/uploads\/2026\/02\/0be4454a6e45493afed4143386a663fb988d9c686fa496f25ca18d607f5e808f.jpg\" \/>\n\t<meta property=\"og:image:width\" content=\"1536\" \/>\n\t<meta property=\"og:image:height\" content=\"1024\" \/>\n\t<meta property=\"og:image:type\" content=\"image\/jpeg\" \/>\n<meta name=\"author\" content=\"fotograf\" \/>\n<meta name=\"twitter:card\" content=\"summary_large_image\" \/>\n<meta name=\"twitter:label1\" content=\"Written by\" \/>\n\t<meta name=\"twitter:data1\" content=\"fotograf\" \/>\n\t<meta name=\"twitter:label2\" content=\"Estimated reading time\" \/>\n\t<meta name=\"twitter:data2\" content=\"5 minutes\" \/>\n<script type=\"application\/ld+json\" class=\"yoast-schema-graph\">{\"@context\":\"https:\\\/\\\/schema.org\",\"@graph\":[{\"@type\":\"Article\",\"@id\":\"https:\\\/\\\/fotografovanie.eu\\\/fotografovanie-v-zime-praca-s-chladnym-svetlom-snehom-a-zimnou-atmosferou\\\/#article\",\"isPartOf\":{\"@id\":\"https:\\\/\\\/fotografovanie.eu\\\/fotografovanie-v-zime-praca-s-chladnym-svetlom-snehom-a-zimnou-atmosferou\\\/\"},\"author\":{\"name\":\"fotograf\",\"@id\":\"https:\\\/\\\/fotografovanie.eu\\\/#\\\/schema\\\/person\\\/b61f1c3bde5c2b19f8d96cf591b65d4b\"},\"headline\":\"Fotografovanie v zime \u2013 pr\u00e1ca s chladn\u00fdm svetlom, snehom a zimnou atmosf\u00e9rou\",\"datePublished\":\"2026-02-19T00:07:22+00:00\",\"dateModified\":\"2026-02-19T00:08:05+00:00\",\"mainEntityOfPage\":{\"@id\":\"https:\\\/\\\/fotografovanie.eu\\\/fotografovanie-v-zime-praca-s-chladnym-svetlom-snehom-a-zimnou-atmosferou\\\/\"},\"wordCount\":960,\"publisher\":{\"@id\":\"https:\\\/\\\/fotografovanie.eu\\\/#organization\"},\"image\":{\"@id\":\"https:\\\/\\\/fotografovanie.eu\\\/fotografovanie-v-zime-praca-s-chladnym-svetlom-snehom-a-zimnou-atmosferou\\\/#primaryimage\"},\"thumbnailUrl\":\"https:\\\/\\\/fotografovanie.eu\\\/wp-content\\\/uploads\\\/2026\\\/02\\\/0be4454a6e45493afed4143386a663fb988d9c686fa496f25ca18d607f5e808f.webp\",\"keywords\":[\"fotografovanie\"],\"articleSection\":[\"Fotografovanie\"],\"inLanguage\":\"en-GB\"},{\"@type\":\"WebPage\",\"@id\":\"https:\\\/\\\/fotografovanie.eu\\\/fotografovanie-v-zime-praca-s-chladnym-svetlom-snehom-a-zimnou-atmosferou\\\/\",\"url\":\"https:\\\/\\\/fotografovanie.eu\\\/fotografovanie-v-zime-praca-s-chladnym-svetlom-snehom-a-zimnou-atmosferou\\\/\",\"name\":\"Fotografovanie v zime \u2013 pr\u00e1ca s chladn\u00fdm svetlom, snehom a zimnou atmosf\u00e9rou \u2013 Fotografovanie.eu\",\"isPartOf\":{\"@id\":\"https:\\\/\\\/fotografovanie.eu\\\/#website\"},\"primaryImageOfPage\":{\"@id\":\"https:\\\/\\\/fotografovanie.eu\\\/fotografovanie-v-zime-praca-s-chladnym-svetlom-snehom-a-zimnou-atmosferou\\\/#primaryimage\"},\"image\":{\"@id\":\"https:\\\/\\\/fotografovanie.eu\\\/fotografovanie-v-zime-praca-s-chladnym-svetlom-snehom-a-zimnou-atmosferou\\\/#primaryimage\"},\"thumbnailUrl\":\"https:\\\/\\\/fotografovanie.eu\\\/wp-content\\\/uploads\\\/2026\\\/02\\\/0be4454a6e45493afed4143386a663fb988d9c686fa496f25ca18d607f5e808f.webp\",\"datePublished\":\"2026-02-19T00:07:22+00:00\",\"dateModified\":\"2026-02-19T00:08:05+00:00\",\"description\":\"Fotografovanie v zime \u2013 pr\u00e1ca s chladn\u00fdm svetlom, snehom a zimnou atmosf\u00e9rou | Fotografovanie.eu Fotografovanie v zime \u2013 pr\u00e1ca s chladn\u00fdm svetlom, snehom Praktick\u00e9 tipy, n\u00e1vody a trendy zo sveta fotografie. Objavte kompletn\u00fd n\u00e1vod na fotografovanie v zime \u2013 tipy na pr\u00e1cu s chladn\u00fdm svetlom, snehom a zachytenie zimnej atmosf\u00e9ry. Nastavenia, ochrana techniky, portr\u00e9ty aj krajina.\",\"breadcrumb\":{\"@id\":\"https:\\\/\\\/fotografovanie.eu\\\/fotografovanie-v-zime-praca-s-chladnym-svetlom-snehom-a-zimnou-atmosferou\\\/#breadcrumb\"},\"inLanguage\":\"en-GB\",\"potentialAction\":[{\"@type\":\"ReadAction\",\"target\":[\"https:\\\/\\\/fotografovanie.eu\\\/fotografovanie-v-zime-praca-s-chladnym-svetlom-snehom-a-zimnou-atmosferou\\\/\"]}]},{\"@type\":\"ImageObject\",\"inLanguage\":\"en-GB\",\"@id\":\"https:\\\/\\\/fotografovanie.eu\\\/fotografovanie-v-zime-praca-s-chladnym-svetlom-snehom-a-zimnou-atmosferou\\\/#primaryimage\",\"url\":\"https:\\\/\\\/fotografovanie.eu\\\/wp-content\\\/uploads\\\/2026\\\/02\\\/0be4454a6e45493afed4143386a663fb988d9c686fa496f25ca18d607f5e808f.webp\",\"contentUrl\":\"https:\\\/\\\/fotografovanie.eu\\\/wp-content\\\/uploads\\\/2026\\\/02\\\/0be4454a6e45493afed4143386a663fb988d9c686fa496f25ca18d607f5e808f.webp\",\"width\":1536,\"height\":1024,\"caption\":\"Rodi\u010dia sleduj\u00fa deti po\u010das rodinn\u00e9ho fotenia na l\u00fake, prirodzen\u00e9 svetlo zv\u00fdraz\u0148uje em\u00f3cie a rados\u0165\"},{\"@type\":\"BreadcrumbList\",\"@id\":\"https:\\\/\\\/fotografovanie.eu\\\/fotografovanie-v-zime-praca-s-chladnym-svetlom-snehom-a-zimnou-atmosferou\\\/#breadcrumb\",\"itemListElement\":[{\"@type\":\"ListItem\",\"position\":1,\"name\":\"Domov\",\"item\":\"https:\\\/\\\/fotografovanie.eu\\\/\"},{\"@type\":\"ListItem\",\"position\":2,\"name\":\"Fotografovanie v zime \u2013 pr\u00e1ca s chladn\u00fdm svetlom, snehom a zimnou atmosf\u00e9rou\"}]},{\"@type\":\"WebSite\",\"@id\":\"https:\\\/\\\/fotografovanie.eu\\\/#website\",\"url\":\"https:\\\/\\\/fotografovanie.eu\\\/\",\"name\":\"Modern\u00fd magaz\u00edn o fotografii\",\"description\":\"\",\"publisher\":{\"@id\":\"https:\\\/\\\/fotografovanie.eu\\\/#organization\"},\"potentialAction\":[{\"@type\":\"SearchAction\",\"target\":{\"@type\":\"EntryPoint\",\"urlTemplate\":\"https:\\\/\\\/fotografovanie.eu\\\/?s={search_term_string}\"},\"query-input\":{\"@type\":\"PropertyValueSpecification\",\"valueRequired\":true,\"valueName\":\"search_term_string\"}}],\"inLanguage\":\"en-GB\"},{\"@type\":\"Organization\",\"@id\":\"https:\\\/\\\/fotografovanie.eu\\\/#organization\",\"name\":\"Fotografovanie.eu\",\"alternateName\":\"Blog o fotografovan\u00ed\",\"url\":\"https:\\\/\\\/fotografovanie.eu\\\/\",\"logo\":{\"@type\":\"ImageObject\",\"inLanguage\":\"en-GB\",\"@id\":\"https:\\\/\\\/fotografovanie.eu\\\/#\\\/schema\\\/logo\\\/image\\\/\",\"url\":\"https:\\\/\\\/fotografovanie.eu\\\/wp-content\\\/uploads\\\/2026\\\/01\\\/cropped-0aaf3e3322a519e411873510629b829197a60c1506f5632424da96c13ebeedf4-2.webp\",\"contentUrl\":\"https:\\\/\\\/fotografovanie.eu\\\/wp-content\\\/uploads\\\/2026\\\/01\\\/cropped-0aaf3e3322a519e411873510629b829197a60c1506f5632424da96c13ebeedf4-2.webp\",\"width\":85,\"height\":62,\"caption\":\"Fotografovanie.eu\"},\"image\":{\"@id\":\"https:\\\/\\\/fotografovanie.eu\\\/#\\\/schema\\\/logo\\\/image\\\/\"}},{\"@type\":\"Person\",\"@id\":\"https:\\\/\\\/fotografovanie.eu\\\/#\\\/schema\\\/person\\\/b61f1c3bde5c2b19f8d96cf591b65d4b\",\"name\":\"fotograf\",\"image\":{\"@type\":\"ImageObject\",\"inLanguage\":\"en-GB\",\"@id\":\"https:\\\/\\\/secure.gravatar.com\\\/avatar\\\/9d9b62d4ef8f95cbb50bd1d4f4d90625767e3c665eec5470448cf0917c71e5a3?s=96&d=mm&r=g\",\"url\":\"https:\\\/\\\/secure.gravatar.com\\\/avatar\\\/9d9b62d4ef8f95cbb50bd1d4f4d90625767e3c665eec5470448cf0917c71e5a3?s=96&d=mm&r=g\",\"contentUrl\":\"https:\\\/\\\/secure.gravatar.com\\\/avatar\\\/9d9b62d4ef8f95cbb50bd1d4f4d90625767e3c665eec5470448cf0917c71e5a3?s=96&d=mm&r=g\",\"caption\":\"fotograf\"},\"url\":\"https:\\\/\\\/fotografovanie.eu\\\/en\\\/author\\\/fotograf\\\/\"}]}<\/script>\n<!-- \/ Yoast SEO plugin. -->","yoast_head_json":{"title":"Fotografovanie v zime \u2013 pr\u00e1ca s chladn\u00fdm svetlom, snehom a zimnou atmosf\u00e9rou \u2013 Fotografovanie.eu","description":"Fotografovanie v zime \u2013 pr\u00e1ca s chladn\u00fdm svetlom, snehom a zimnou atmosf\u00e9rou | Fotografovanie.eu Fotografovanie v zime \u2013 pr\u00e1ca s chladn\u00fdm svetlom, snehom Praktick\u00e9 tipy, n\u00e1vody a trendy zo sveta fotografie. Objavte kompletn\u00fd n\u00e1vod na fotografovanie v zime \u2013 tipy na pr\u00e1cu s chladn\u00fdm svetlom, snehom a zachytenie zimnej atmosf\u00e9ry. Nastavenia, ochrana techniky, portr\u00e9ty aj krajina.","robots":{"index":"index","follow":"follow","max-snippet":"max-snippet:-1","max-image-preview":"max-image-preview:large","max-video-preview":"max-video-preview:-1"},"canonical":"https:\/\/fotografovanie.eu\/en\/fotografovanie-v-zime-praca-s-chladnym-svetlom-snehom-a-zimnou-atmosferou\/","og_locale":"en_GB","og_type":"article","og_title":"Fotografovanie v zime \u2013 pr\u00e1ca s chladn\u00fdm svetlom, snehom a zimnou atmosf\u00e9rou \u2013 Fotografovanie.eu","og_description":"Fotografovanie v zime \u2013 pr\u00e1ca s chladn\u00fdm svetlom, snehom a zimnou atmosf\u00e9rou | Fotografovanie.eu Fotografovanie v zime \u2013 pr\u00e1ca s chladn\u00fdm svetlom, snehom Praktick\u00e9 tipy, n\u00e1vody a trendy zo sveta fotografie. Objavte kompletn\u00fd n\u00e1vod na fotografovanie v zime \u2013 tipy na pr\u00e1cu s chladn\u00fdm svetlom, snehom a zachytenie zimnej atmosf\u00e9ry. Nastavenia, ochrana techniky, portr\u00e9ty aj krajina.","og_url":"https:\/\/fotografovanie.eu\/en\/fotografovanie-v-zime-praca-s-chladnym-svetlom-snehom-a-zimnou-atmosferou\/","og_site_name":"Modern\u00fd magaz\u00edn o fotografii","article_published_time":"2026-02-19T00:07:22+00:00","article_modified_time":"2026-02-19T00:08:05+00:00","og_image":[{"width":1536,"height":1024,"url":"https:\/\/fotografovanie.eu\/wp-content\/uploads\/2026\/02\/0be4454a6e45493afed4143386a663fb988d9c686fa496f25ca18d607f5e808f.jpg","type":"image\/jpeg"}],"author":"fotograf","twitter_card":"summary_large_image","twitter_misc":{"Written by":"fotograf","Estimated reading time":"5 minutes"},"schema":{"@context":"https:\/\/schema.org","@graph":[{"@type":"Article","@id":"https:\/\/fotografovanie.eu\/fotografovanie-v-zime-praca-s-chladnym-svetlom-snehom-a-zimnou-atmosferou\/#article","isPartOf":{"@id":"https:\/\/fotografovanie.eu\/fotografovanie-v-zime-praca-s-chladnym-svetlom-snehom-a-zimnou-atmosferou\/"},"author":{"name":"fotograf","@id":"https:\/\/fotografovanie.eu\/#\/schema\/person\/b61f1c3bde5c2b19f8d96cf591b65d4b"},"headline":"Fotografovanie v zime \u2013 pr\u00e1ca s chladn\u00fdm svetlom, snehom a zimnou atmosf\u00e9rou","datePublished":"2026-02-19T00:07:22+00:00","dateModified":"2026-02-19T00:08:05+00:00","mainEntityOfPage":{"@id":"https:\/\/fotografovanie.eu\/fotografovanie-v-zime-praca-s-chladnym-svetlom-snehom-a-zimnou-atmosferou\/"},"wordCount":960,"publisher":{"@id":"https:\/\/fotografovanie.eu\/#organization"},"image":{"@id":"https:\/\/fotografovanie.eu\/fotografovanie-v-zime-praca-s-chladnym-svetlom-snehom-a-zimnou-atmosferou\/#primaryimage"},"thumbnailUrl":"https:\/\/fotografovanie.eu\/wp-content\/uploads\/2026\/02\/0be4454a6e45493afed4143386a663fb988d9c686fa496f25ca18d607f5e808f.webp","keywords":["fotografovanie"],"articleSection":["Fotografovanie"],"inLanguage":"en-GB"},{"@type":"WebPage","@id":"https:\/\/fotografovanie.eu\/fotografovanie-v-zime-praca-s-chladnym-svetlom-snehom-a-zimnou-atmosferou\/","url":"https:\/\/fotografovanie.eu\/fotografovanie-v-zime-praca-s-chladnym-svetlom-snehom-a-zimnou-atmosferou\/","name":"Fotografovanie v zime \u2013 pr\u00e1ca s chladn\u00fdm svetlom, snehom a zimnou atmosf\u00e9rou \u2013 Fotografovanie.eu","isPartOf":{"@id":"https:\/\/fotografovanie.eu\/#website"},"primaryImageOfPage":{"@id":"https:\/\/fotografovanie.eu\/fotografovanie-v-zime-praca-s-chladnym-svetlom-snehom-a-zimnou-atmosferou\/#primaryimage"},"image":{"@id":"https:\/\/fotografovanie.eu\/fotografovanie-v-zime-praca-s-chladnym-svetlom-snehom-a-zimnou-atmosferou\/#primaryimage"},"thumbnailUrl":"https:\/\/fotografovanie.eu\/wp-content\/uploads\/2026\/02\/0be4454a6e45493afed4143386a663fb988d9c686fa496f25ca18d607f5e808f.webp","datePublished":"2026-02-19T00:07:22+00:00","dateModified":"2026-02-19T00:08:05+00:00","description":"Fotografovanie v zime \u2013 pr\u00e1ca s chladn\u00fdm svetlom, snehom a zimnou atmosf\u00e9rou | Fotografovanie.eu Fotografovanie v zime \u2013 pr\u00e1ca s chladn\u00fdm svetlom, snehom Praktick\u00e9 tipy, n\u00e1vody a trendy zo sveta fotografie. Objavte kompletn\u00fd n\u00e1vod na fotografovanie v zime \u2013 tipy na pr\u00e1cu s chladn\u00fdm svetlom, snehom a zachytenie zimnej atmosf\u00e9ry. Nastavenia, ochrana techniky, portr\u00e9ty aj krajina.","breadcrumb":{"@id":"https:\/\/fotografovanie.eu\/fotografovanie-v-zime-praca-s-chladnym-svetlom-snehom-a-zimnou-atmosferou\/#breadcrumb"},"inLanguage":"en-GB","potentialAction":[{"@type":"ReadAction","target":["https:\/\/fotografovanie.eu\/fotografovanie-v-zime-praca-s-chladnym-svetlom-snehom-a-zimnou-atmosferou\/"]}]},{"@type":"ImageObject","inLanguage":"en-GB","@id":"https:\/\/fotografovanie.eu\/fotografovanie-v-zime-praca-s-chladnym-svetlom-snehom-a-zimnou-atmosferou\/#primaryimage","url":"https:\/\/fotografovanie.eu\/wp-content\/uploads\/2026\/02\/0be4454a6e45493afed4143386a663fb988d9c686fa496f25ca18d607f5e808f.webp","contentUrl":"https:\/\/fotografovanie.eu\/wp-content\/uploads\/2026\/02\/0be4454a6e45493afed4143386a663fb988d9c686fa496f25ca18d607f5e808f.webp","width":1536,"height":1024,"caption":"Rodi\u010dia sleduj\u00fa deti po\u010das rodinn\u00e9ho fotenia na l\u00fake, prirodzen\u00e9 svetlo zv\u00fdraz\u0148uje em\u00f3cie a rados\u0165"},{"@type":"BreadcrumbList","@id":"https:\/\/fotografovanie.eu\/fotografovanie-v-zime-praca-s-chladnym-svetlom-snehom-a-zimnou-atmosferou\/#breadcrumb","itemListElement":[{"@type":"ListItem","position":1,"name":"Domov","item":"https:\/\/fotografovanie.eu\/"},{"@type":"ListItem","position":2,"name":"Fotografovanie v zime \u2013 pr\u00e1ca s chladn\u00fdm svetlom, snehom a zimnou atmosf\u00e9rou"}]},{"@type":"WebSite","@id":"https:\/\/fotografovanie.eu\/#website","url":"https:\/\/fotografovanie.eu\/","name":"Modern\u00fd magaz\u00edn o fotografii","description":"","publisher":{"@id":"https:\/\/fotografovanie.eu\/#organization"},"potentialAction":[{"@type":"SearchAction","target":{"@type":"EntryPoint","urlTemplate":"https:\/\/fotografovanie.eu\/?s={search_term_string}"},"query-input":{"@type":"PropertyValueSpecification","valueRequired":true,"valueName":"search_term_string"}}],"inLanguage":"en-GB"},{"@type":"Organization","@id":"https:\/\/fotografovanie.eu\/#organization","name":"Fotografovanie.eu","alternateName":"Blog o fotografovan\u00ed","url":"https:\/\/fotografovanie.eu\/","logo":{"@type":"ImageObject","inLanguage":"en-GB","@id":"https:\/\/fotografovanie.eu\/#\/schema\/logo\/image\/","url":"https:\/\/fotografovanie.eu\/wp-content\/uploads\/2026\/01\/cropped-0aaf3e3322a519e411873510629b829197a60c1506f5632424da96c13ebeedf4-2.webp","contentUrl":"https:\/\/fotografovanie.eu\/wp-content\/uploads\/2026\/01\/cropped-0aaf3e3322a519e411873510629b829197a60c1506f5632424da96c13ebeedf4-2.webp","width":85,"height":62,"caption":"Fotografovanie.eu"},"image":{"@id":"https:\/\/fotografovanie.eu\/#\/schema\/logo\/image\/"}},{"@type":"Person","@id":"https:\/\/fotografovanie.eu\/#\/schema\/person\/b61f1c3bde5c2b19f8d96cf591b65d4b","name":"fotograf","image":{"@type":"ImageObject","inLanguage":"en-GB","@id":"https:\/\/secure.gravatar.com\/avatar\/9d9b62d4ef8f95cbb50bd1d4f4d90625767e3c665eec5470448cf0917c71e5a3?s=96&d=mm&r=g","url":"https:\/\/secure.gravatar.com\/avatar\/9d9b62d4ef8f95cbb50bd1d4f4d90625767e3c665eec5470448cf0917c71e5a3?s=96&d=mm&r=g","contentUrl":"https:\/\/secure.gravatar.com\/avatar\/9d9b62d4ef8f95cbb50bd1d4f4d90625767e3c665eec5470448cf0917c71e5a3?s=96&d=mm&r=g","caption":"fotograf"},"url":"https:\/\/fotografovanie.eu\/en\/author\/fotograf\/"}]}},"_links":{"self":[{"href":"https:\/\/fotografovanie.eu\/en\/wp-json\/wp\/v2\/posts\/13452","targetHints":{"allow":["GET"]}}],"collection":[{"href":"https:\/\/fotografovanie.eu\/en\/wp-json\/wp\/v2\/posts"}],"about":[{"href":"https:\/\/fotografovanie.eu\/en\/wp-json\/wp\/v2\/types\/post"}],"author":[{"embeddable":true,"href":"https:\/\/fotografovanie.eu\/en\/wp-json\/wp\/v2\/users\/4"}],"replies":[{"embeddable":true,"href":"https:\/\/fotografovanie.eu\/en\/wp-json\/wp\/v2\/comments?post=13452"}],"version-history":[{"count":0,"href":"https:\/\/fotografovanie.eu\/en\/wp-json\/wp\/v2\/posts\/13452\/revisions"}],"wp:featuredmedia":[{"embeddable":true,"href":"https:\/\/fotografovanie.eu\/en\/wp-json\/wp\/v2\/media\/13098"}],"wp:attachment":[{"href":"https:\/\/fotografovanie.eu\/en\/wp-json\/wp\/v2\/media?parent=13452"}],"wp:term":[{"taxonomy":"category","embeddable":true,"href":"https:\/\/fotografovanie.eu\/en\/wp-json\/wp\/v2\/categories?post=13452"},{"taxonomy":"post_tag","embeddable":true,"href":"https:\/\/fotografovanie.eu\/en\/wp-json\/wp\/v2\/tags?post=13452"}],"curies":[{"name":"wp","href":"https:\/\/api.w.org\/{rel}","templated":true}]}}