{"id":13454,"date":"2026-02-19T01:10:34","date_gmt":"2026-02-19T00:10:34","guid":{"rendered":"https:\/\/fotografovanie.eu\/?p=13454"},"modified":"2026-02-19T01:11:19","modified_gmt":"2026-02-19T00:11:19","slug":"fotografovanie-na-jar-kvety-pastelove-farby-a-prirodna-atmosfera","status":"publish","type":"post","link":"https:\/\/fotografovanie.eu\/en\/fotografovanie-na-jar-kvety-pastelove-farby-a-prirodna-atmosfera\/","title":{"rendered":"Fotografovanie na jar \u2013 kvety, pastelov\u00e9 farby a pr\u00edrodn\u00e1 atmosf\u00e9ra"},"content":{"rendered":"<p><!DOCTYPE html><br \/>\n<html lang=\"sk\"><br \/>\n<head><br \/>\n<meta charset=\"UTF-8\"><br \/>\n<meta name=\"viewport\" content=\"width=device-width, initial-scale=1.0\"><br \/>\n<title>Fotografovanie na jar \u2013 kvety, pastelov\u00e9 farby a pr\u00edrodn\u00e1 atmosf\u00e9ra | Fotografovanie.eu<\/title><br \/>\n<meta name=\"description\" content=\"Kompletn\u00fd n\u00e1vod na fotografovanie na jar: tipy na pr\u00e1cu s kvetmi, pastelov\u00fdmi farbami a zachytenie pr\u00edrodnej atmosf\u00e9ry. Nastavenia, portr\u00e9ty aj krajina.\"><\/p>\n<p><meta property=\"og:title\" content=\"Fotografovanie na jar \u2013 kvety, pastelov\u00e9 farby a pr\u00edrodn\u00e1 atmosf\u00e9ra\"><br \/>\n<meta property=\"og:description\" content=\"Kompletn\u00fd n\u00e1vod na fotografovanie na jar: tipy na pr\u00e1cu s kvetmi, pastelov\u00fdmi farbami a zachytenie pr\u00edrodnej atmosf\u00e9ry. Nastavenia, portr\u00e9ty aj krajina.\"><br \/>\n<meta property=\"og:type\" content=\"article\"><br \/>\n<meta property=\"og:url\" content=\"https:\/\/fotografovanie.eu\/fotografovanie-na-jar-kvety-pastelove-farby-prirodna-atmosfera\"><br \/>\n<meta property=\"og:image\" content=\"https:\/\/fotografovanie.eu\/wp-content\/uploads\/2026\/02\/3d043ac1e3f93ed9782eedda00452c5b3e87e8fbbe4af949059a5ba199f26e90.webp\"><\/p>\n<style>\n.gallery {\n  display: grid;\n  grid-template-columns: repeat(auto-fill, minmax(250px, 1fr));\n  gap: 12px;\n}\n.gallery img {\n  width: 100%;\n  height: 180px;\n  object-fit: cover;\n  border-radius: 8px;\n  cursor: pointer;\n  transition: transform 0.3s ease;\n}\n.gallery img:hover { transform: scale(1.05); }\n.cta-block{background:#fff8e1;padding:35px;margin:50px 0;border-left:6px solid #fbc02d;border-radius:6px;}\n.cta-block a{background:#fbc02d;color:#fff;padding:16px 32px;font-size:1.2em;text-decoration:none;border-radius:6px;display:inline-block;}\n.cta-block a:hover{background:#f9a825;}\n.faq details{border:1px solid rgba(0,0,0,.12);border-radius:12px;padding:12px 14px;margin:10px 0;background:#fff;}\n.faq summary{cursor:pointer;font-weight:700;display:flex;align-items:center;justify-content:space-between;}\n.faq summary::-webkit-details-marker{display:none;}\n.faq summary::after{content:\"\u25be\";opacity:.7;transition:transform 0.2s ease;}\n.faq details[open] summary::after{transform:rotate(180deg);opacity:1;}\n<\/style>\n<p><\/head><br \/>\n<body><\/p>\n<p><main><\/p>\n<header>\n<h1>Fotografovanie na jar \u2013 kvety, pastelov\u00e9 farby a pr\u00edrodn\u00e1 atmosf\u00e9ra<\/h1>\n<p>Jar je obdob\u00edm, kedy sa pr\u00edroda preb\u00fadza k \u017eivotu a fotografom pon\u00faka nespo\u010detne ve\u013ea mo\u017enost\u00ed na zachytenie kr\u00e1snych sc\u00e9n. Kvety v plnom kvete, jemn\u00e9 pastelov\u00e9 farby, svie\u017ee zelen\u00e9 l\u00edstky, prenikaj\u00face rann\u00e9 svetlo cez koruny stromov a v\u00f4\u0148a \u010derstvej tr\u00e1vy \u2013 to v\u0161etko sa d\u00e1 prenies\u0165 do fotografi\u00ed, ak pozn\u00e1te spr\u00e1vne techniky a m\u00e1te oko pre detail. V tomto komplexnom n\u00e1vode si prejdeme, ako \u010do najlep\u0161ie vyu\u017ei\u0165 toto ro\u010dn\u00e9 obdobie pre portr\u00e9tnu, krajin\u00e1rsku aj detailn\u00fa fotografiu.<\/p>\n<\/header>\n<nav class=\"toc\">\n<strong>Obsah:<\/strong><br \/>\n<a href=\"#svetlo\">Svetlo na jar a jeho dynamika<\/a><br \/>\n<a href=\"#kvety\">Pr\u00e1ca s kvetmi a pastelov\u00fdmi odtie\u0148mi<\/a><br \/>\n<a href=\"#technika\">Technick\u00e9 nastavenia fotoapar\u00e1tu<\/a><br \/>\n<a href=\"#portraty\">Rodinn\u00e9 a portr\u00e9tne fotenie na jar<\/a><br \/>\n<a href=\"#krajina\">Krajin\u00e1rske fotenie na jar<\/a><br \/>\n<a href=\"#galeria\">Gal\u00e9ria jarnej fotografie<\/a><br \/>\n<a href=\"#postproces\">Postproces \u2013 zv\u00fdraznenie farieb<\/a><br \/>\n<a href=\"#marketing\">Marketing a vyu\u017eitie<\/a><br \/>\n<a href=\"#faq\">FAQ<\/a><br \/>\n<a href=\"#zaver\">Z\u00e1ver<\/a><br \/>\n<\/nav>\n<section id=\"svetlo\">\n<h2>Svetlo na jar a jeho dynamika<\/h2>\n<p>Jar prin\u00e1\u0161a r\u00fdchle zmeny po\u010dasia a t\u00fdm aj svetla. R\u00e1no b\u00fdva \u010dasto m\u00e4kk\u00e9, s chladn\u00fdm n\u00e1dychom, zatia\u013e \u010do popoludn\u00ed sa farby pos\u00favaj\u00fa do teplej\u0161\u00edch t\u00f3nov. Je to ide\u00e1lne obdobie na sk\u00fa\u0161anie r\u00f4znych \u0161t\u00fdlov fotografovania \u2013 od rann\u00fdch z\u00e1berov s jemnou rosou na rastlin\u00e1ch po tepl\u00e9 ve\u010dern\u00e9 portr\u00e9ty pri zapadaj\u00facom slnku. Vyu\u017e\u00edvajte r\u00f4zne n\u00e1lady, ktor\u00e9 svetlo pon\u00faka, a nebojte sa foti\u0165 aj pri mierne zamra\u010denej oblohe \u2013 rozpt\u00fdlen\u00e9 svetlo pom\u00e1ha eliminova\u0165 tvrd\u00e9 tiene a zv\u00fdraz\u0148uje detaily, ako s\u00fa okvetn\u00e9 l\u00edstky \u010di tv\u00e1re.<\/p>\n<\/section>\n<section id=\"kvety\">\n<h2>Pr\u00e1ca s kvetmi a pastelov\u00fdmi odtie\u0148mi<\/h2>\n<p>Jedn\u00fdm z hlavn\u00fdch symbolov jari s\u00fa kvety. Kvety a rastliny pon\u00fakaj\u00fa bohat\u00fa paletu pastelov\u00fdch farieb, ktor\u00e9 s\u00fa jemn\u00e9, ale z\u00e1rove\u0148 \u017eiv\u00e9. Pri foten\u00ed kvetov dbajte na kompoz\u00edciu \u2013 pou\u017eite pravidlo tret\u00edn alebo symetrick\u00e9 z\u00e1bery, ak chcete zd\u00f4razni\u0165 \u0161trukt\u00faru. Makro objekt\u00edvy v\u00e1m umo\u017enia zachyti\u0165 drobn\u00e9 detaily, ako s\u00fa text\u00fary l\u00edstkov, kvapky rosy \u010di jemn\u00e9 farebn\u00e9 prechody. Pastelov\u00e9 odtiene funguj\u00fa najlep\u0161ie pri m\u00e4kkom svetle, preto si napl\u00e1nujte fotenie na skor\u00e9 r\u00e1no alebo neskor\u00e9 popoludnie.<\/p>\n<\/section>\n<section id=\"technika\">\n<h2>Technick\u00e9 nastavenia fotoapar\u00e1tu<\/h2>\n<p>Pri jarnej fotografii je vhodn\u00e9 dr\u017ea\u0165 ISO n\u00edzke (100\u2013400), aby ste zachovali \u010dist\u00fd obraz bez \u0161umu, najm\u00e4 pri jasnom svetle. Clona z\u00e1vis\u00ed od typu z\u00e1beru \u2013 pre portr\u00e9ty pou\u017eite f\/1.8\u2013f\/4 a pre krajinu f\/8\u2013f\/11, aby ste zachytili h\u013abku sc\u00e9ny. \u010cas uz\u00e1vierky prisp\u00f4sobte pohybu \u2013 pri detailoch kvetov sta\u010d\u00ed 1\/125s, ale pri detskom behu \u010di pohybe zvierat potrebujete krat\u0161ie \u010dasy. Nezabudnite na spr\u00e1vne vyv\u00e1\u017eenie bielej \u2013 pri kvetoch je d\u00f4le\u017eit\u00e9 zachova\u0165 autentickos\u0165 farieb.<\/p>\n<\/section>\n<section id=\"portraty\">\n<h2>Rodinn\u00e9 a portr\u00e9tne fotenie na jar<\/h2>\n<p>Jar je ide\u00e1lnym obdob\u00edm na rodinn\u00e9 fotenie v pr\u00edrode. Zladen\u00e9 oble\u010denie v pastelov\u00fdch farb\u00e1ch, jemn\u00e9 doplnky, kvitn\u00face stromy v pozad\u00ed \u2013 to v\u0161etko sprav\u00ed fotografiu harmonickou. Pri portr\u00e9te vyu\u017eite prirodzen\u00e9 svetlo cez koruny stromov alebo cez kvety, aby ste dodali z\u00e1beru h\u013abku a zauj\u00edmav\u00e9 tiene. Dynamick\u00e9 fotky det\u00ed pri hre na l\u00fake alebo v parku p\u00f4sobia autenticky a pln\u00e9 energie. Styling by mal by\u0165 prirodzen\u00fd, aby sa fotografie nezdali inscenovan\u00e9.<\/p>\n<\/section>\n<section id=\"krajina\">\n<h2>Krajin\u00e1rske fotenie na jar<\/h2>\n<p>Pri krajin\u00e1rskej fotografii na jar vyu\u017e\u00edvajte kontrast medzi mlad\u00fdmi zelen\u00fdmi plochami a farebnou kvetinovou v\u00fdzdobou. Mestsk\u00e9 parky, botanick\u00e9 z\u00e1hrady alebo pr\u00edrodn\u00e9 rezerv\u00e1cie s\u00fa pln\u00e9 vizu\u00e1lnych pr\u00edle\u017eitost\u00ed. Nebojte sa experimentova\u0165 s r\u00f4znymi perspekt\u00edvami \u2013 wide angle objekt\u00edv na zachytenie celej sc\u00e9ny alebo teleobjekt\u00edv na izolovanie detailu. Hra tie\u0148ov a svetla v jarnom obdob\u00ed m\u00f4\u017ee doda\u0165 krajine dramatick\u00fd vzh\u013ead.<\/p>\n<\/section>\n<section id=\"galeria\">\n<h2>Gal\u00e9ria jarnej fotografie<\/h2>\n<div class=\"gallery\">\n<a href=\"https:\/\/fotografovanie.eu\/wp-content\/uploads\/2026\/02\/3d043ac1e3f93ed9782eedda00452c5b3e87e8fbbe4af949059a5ba199f26e90.webp\" data-lightbox=\"jar\" data-title=\"Rodinn\u00e9 fotenie v Bratislave na jar \u2013 park s kvitn\u00facimi stromami\"><br \/>\n<img decoding=\"async\" src=\"https:\/\/fotografovanie.eu\/wp-content\/uploads\/2026\/02\/3d043ac1e3f93ed9782eedda00452c5b3e87e8fbbe4af949059a5ba199f26e90.webp\" alt=\"Rodinn\u00e9 fotenie v Bratislave na jar \u2013 park s kvitn\u00facimi stromami\"><\/a><br \/>\n<a href=\"https:\/\/fotografovanie.eu\/wp-content\/uploads\/2026\/01\/d2465a5e26b5538de4be0b6d1f3484dde7d718f43da551481b9e8cf292fb4664.webp\" data-lightbox=\"jar\" data-title=\"Jarn\u00fd poh\u013ead na Bratislavu pri Dunaji\"><br \/>\n<img decoding=\"async\" src=\"https:\/\/fotografovanie.eu\/wp-content\/uploads\/2026\/01\/d2465a5e26b5538de4be0b6d1f3484dde7d718f43da551481b9e8cf292fb4664.webp\" alt=\"Jarn\u00fd poh\u013ead na Bratislavu pri Dunaji\"><\/a><br \/>\n<a href=\"https:\/\/fotografovanie.eu\/wp-content\/uploads\/2026\/02\/70a9fa6c92141f357a2bcbcbdbde9d58c30a27b58b6f82e5d6c6494e9f5007c5.webp\" data-lightbox=\"jar\" data-title=\"Rodinn\u00e9 fotenie v parku po\u010das jari \u2013 deti s ve\u013ekono\u010dn\u00fdmi vaj\u00ed\u010dkami\"><br \/>\n<img decoding=\"async\" src=\"https:\/\/fotografovanie.eu\/wp-content\/uploads\/2026\/02\/70a9fa6c92141f357a2bcbcbdbde9d58c30a27b58b6f82e5d6c6494e9f5007c5.webp\" alt=\"Rodinn\u00e9 fotenie v parku po\u010das jari \u2013 deti s ve\u013ekono\u010dn\u00fdmi vaj\u00ed\u010dkami\"><\/a>\n<\/div>\n<\/section>\n<section id=\"postproces\">\n<h2>Postproces \u2013 zv\u00fdraznenie farieb bez preexponovania<\/h2>\n<p>Pri \u00faprav\u00e1ch dbajte na jemn\u00fd kontrast a satur\u00e1ciu. Pastelov\u00e9 odtiene je vhodn\u00e9 jemne zv\u00fdrazni\u0165, no nie tak, aby sa stratila ich prirodzenos\u0165. Pou\u017eite lok\u00e1lne \u00fapravy, aby kvety vyzerali svie\u017eo a neboli prep\u00e1len\u00e9. Pri portr\u00e9toch m\u00f4\u017eete jemne aplikova\u0165 tepl\u00e9 t\u00f3novanie, aby ste vyv\u00e1\u017eili farebnos\u0165 pozadia.<\/p>\n<\/section>\n<section id=\"marketing\">\n<h2>Marketing a vyu\u017eitie<\/h2>\n<p>Jar je ide\u00e1lna na tvorbu obsahov\u00fdch kampan\u00ed \u2013 cestovn\u00e9 kancel\u00e1rie, m\u00f3dne zna\u010dky, svadobn\u00e9 agent\u00fary. Fotografie maj\u00fa vysok\u00fa estetick\u00fa hodnotu, a ak zachyt\u00edte em\u00f3ciu, dok\u00e1\u017eu oslovi\u0165 \u0161irok\u00e9 publikum. Prepojte ich s ostatn\u00fdmi sez\u00f3nnymi \u010dl\u00e1nkami.<\/p>\n<div class=\"cta-block\">\n<h2>S\u00favisiace \u010dl\u00e1nky<\/h2>\n<p><a href=\"https:\/\/fotografovanie.eu\/fotografovanie-v-zime-praca-s-chladnym-svetlom-snehom-a-zimnou-atmosferou\/\">Fotografovanie v zime<\/a><\/p>\n<p><a href=\"https:\/\/fotografovanie.eu\/fotografovanie-v-dazdi-tipy-na-odrazy-svetlo-a-atmosferu\/\">Fotografovanie v da\u017edi<\/a><\/p>\n<\/div>\n<\/section>\n<section id=\"faq\" class=\"faq\">\n<h2>FAQ<\/h2>\n<details>\n<summary>Kedy je najlep\u0161ie foti\u0165 kvety na jar?<\/summary>\n<p>Skor\u00e9 r\u00e1no, ke\u010f s\u00fa kvety \u010derstv\u00e9 a svetlo je m\u00e4kk\u00e9.<\/p>\n<\/details>\n<details>\n<summary>Ako z\u00edska\u0165 jemn\u00fd pastelov\u00fd efekt?<\/summary>\n<p>Fotografujte pri rozpt\u00fdlenom svetle a upravujte farby s n\u00edzkou satur\u00e1ciou.<\/p>\n<\/details>\n<details>\n<summary>Ak\u00e9 lokality s\u00fa najlep\u0161ie?<\/summary>\n<p>Botanick\u00e9 z\u00e1hrady, mestsk\u00e9 parky, l\u00faky a miesta s kvitn\u00facimi stromami.<\/p>\n<\/details>\n<\/section>\n<section id=\"zaver\">\n<h2>Z\u00e1ver<\/h2>\n<p>Fotografovanie na jar je pr\u00edle\u017eitos\u0165ou zachyti\u0165 energiu a kr\u00e1su pr\u00edrody. S pastelov\u00fdmi farbami, kvitn\u00facimi stromami a autentick\u00fdmi momentmi z\u00edskate z\u00e1bery, ktor\u00e9 p\u00f4sobia svie\u017eo, harmonicky a pozit\u00edvne. Nezabudnite na techniku, kompoz\u00edciu a najm\u00e4 na pr\u00edbeh, ktor\u00fd fotografia povie.<\/p>\n<\/section>\n<p><\/main><br \/>\n<\/body><br \/>\n<\/html><\/p>\n","protected":false},"excerpt":{"rendered":"<p>Fotografovanie na jar \u2013 kvety, pastelov\u00e9 farby a pr\u00edrodn\u00e1 atmosf\u00e9ra | Fotografovanie.eu Fotografovanie na jar \u2013 kvety, pastelov\u00e9 farby a pr\u00edrodn\u00e1 atmosf\u00e9ra Jar je obdob\u00edm, kedy sa pr\u00edroda preb\u00fadza k \u017eivotu a fotografom pon\u00faka nespo\u010detne ve\u013ea mo\u017enost\u00ed na zachytenie kr\u00e1snych sc\u00e9n. Kvety v plnom kvete, jemn\u00e9 pastelov\u00e9 farby, svie\u017ee zelen\u00e9 l\u00edstky, prenikaj\u00face rann\u00e9 svetlo cez [&#8230;]\n","protected":false},"author":4,"featured_media":13089,"comment_status":"closed","ping_status":"closed","sticky":false,"template":"","format":"standard","meta":{"footnotes":""},"categories":[5],"tags":[93],"class_list":["post-13454","post","type-post","status-publish","format-standard","has-post-thumbnail","hentry","category-fotografovanie","tag-fotografovanie"],"yoast_head":"<!-- This site is optimized with the Yoast SEO plugin v27.4 - https:\/\/yoast.com\/product\/yoast-seo-wordpress\/ -->\n<title>Fotografovanie na jar \u2013 kvety, pastelov\u00e9 farby a pr\u00edrodn\u00e1 atmosf\u00e9ra \u2013 Fotografovanie.eu<\/title>\n<meta name=\"description\" content=\"Fotografovanie na jar \u2013 kvety, pastelov\u00e9 farby a pr\u00edrodn\u00e1 atmosf\u00e9ra | Fotografovanie.eu Fotografovanie na jar \u2013 kvety, pastelov\u00e9 farby a pr\u00edrodn\u00e1 Praktick\u00e9 tipy, n\u00e1vody a trendy zo sveta fotografie. Kompletn\u00fd n\u00e1vod na fotografovanie na jar: tipy na pr\u00e1cu s kvetmi, pastelov\u00fdmi farbami a zachytenie pr\u00edrodnej atmosf\u00e9ry. Nastavenia, portr\u00e9ty aj krajina.\" \/>\n<meta name=\"robots\" content=\"index, follow, max-snippet:-1, max-image-preview:large, max-video-preview:-1\" \/>\n<link rel=\"canonical\" href=\"https:\/\/fotografovanie.eu\/en\/fotografovanie-na-jar-kvety-pastelove-farby-a-prirodna-atmosfera\/\" \/>\n<meta property=\"og:locale\" content=\"en_GB\" \/>\n<meta property=\"og:type\" content=\"article\" \/>\n<meta property=\"og:title\" content=\"Fotografovanie na jar \u2013 kvety, pastelov\u00e9 farby a pr\u00edrodn\u00e1 atmosf\u00e9ra \u2013 Fotografovanie.eu\" \/>\n<meta property=\"og:description\" content=\"Fotografovanie na jar \u2013 kvety, pastelov\u00e9 farby a pr\u00edrodn\u00e1 atmosf\u00e9ra | Fotografovanie.eu Fotografovanie na jar \u2013 kvety, pastelov\u00e9 farby a pr\u00edrodn\u00e1 Praktick\u00e9 tipy, n\u00e1vody a trendy zo sveta fotografie. Kompletn\u00fd n\u00e1vod na fotografovanie na jar: tipy na pr\u00e1cu s kvetmi, pastelov\u00fdmi farbami a zachytenie pr\u00edrodnej atmosf\u00e9ry. Nastavenia, portr\u00e9ty aj krajina.\" \/>\n<meta property=\"og:url\" content=\"https:\/\/fotografovanie.eu\/en\/fotografovanie-na-jar-kvety-pastelove-farby-a-prirodna-atmosfera\/\" \/>\n<meta property=\"og:site_name\" content=\"Modern\u00fd magaz\u00edn o fotografii\" \/>\n<meta property=\"article:published_time\" content=\"2026-02-19T00:10:34+00:00\" \/>\n<meta property=\"article:modified_time\" content=\"2026-02-19T00:11:19+00:00\" \/>\n<meta property=\"og:image\" content=\"https:\/\/fotografovanie.eu\/wp-content\/uploads\/2026\/02\/c64093a4c7c3219b84a49831bedc9e43bf09ecb2756dd45b47eed47ffbffa387.jpg\" \/>\n\t<meta property=\"og:image:width\" content=\"1536\" \/>\n\t<meta property=\"og:image:height\" content=\"1024\" \/>\n\t<meta property=\"og:image:type\" content=\"image\/jpeg\" \/>\n<meta name=\"author\" content=\"fotograf\" \/>\n<meta name=\"twitter:card\" content=\"summary_large_image\" \/>\n<meta name=\"twitter:label1\" content=\"Written by\" \/>\n\t<meta name=\"twitter:data1\" content=\"fotograf\" \/>\n\t<meta name=\"twitter:label2\" content=\"Estimated reading time\" \/>\n\t<meta name=\"twitter:data2\" content=\"5 minutes\" \/>\n<script type=\"application\/ld+json\" class=\"yoast-schema-graph\">{\"@context\":\"https:\\\/\\\/schema.org\",\"@graph\":[{\"@type\":\"Article\",\"@id\":\"https:\\\/\\\/fotografovanie.eu\\\/fotografovanie-na-jar-kvety-pastelove-farby-a-prirodna-atmosfera\\\/#article\",\"isPartOf\":{\"@id\":\"https:\\\/\\\/fotografovanie.eu\\\/fotografovanie-na-jar-kvety-pastelove-farby-a-prirodna-atmosfera\\\/\"},\"author\":{\"name\":\"fotograf\",\"@id\":\"https:\\\/\\\/fotografovanie.eu\\\/#\\\/schema\\\/person\\\/b61f1c3bde5c2b19f8d96cf591b65d4b\"},\"headline\":\"Fotografovanie na jar \u2013 kvety, pastelov\u00e9 farby a pr\u00edrodn\u00e1 atmosf\u00e9ra\",\"datePublished\":\"2026-02-19T00:10:34+00:00\",\"dateModified\":\"2026-02-19T00:11:19+00:00\",\"mainEntityOfPage\":{\"@id\":\"https:\\\/\\\/fotografovanie.eu\\\/fotografovanie-na-jar-kvety-pastelove-farby-a-prirodna-atmosfera\\\/\"},\"wordCount\":894,\"publisher\":{\"@id\":\"https:\\\/\\\/fotografovanie.eu\\\/#organization\"},\"image\":{\"@id\":\"https:\\\/\\\/fotografovanie.eu\\\/fotografovanie-na-jar-kvety-pastelove-farby-a-prirodna-atmosfera\\\/#primaryimage\"},\"thumbnailUrl\":\"https:\\\/\\\/fotografovanie.eu\\\/wp-content\\\/uploads\\\/2026\\\/02\\\/c64093a4c7c3219b84a49831bedc9e43bf09ecb2756dd45b47eed47ffbffa387.webp\",\"keywords\":[\"fotografovanie\"],\"articleSection\":[\"Fotografovanie\"],\"inLanguage\":\"en-GB\"},{\"@type\":\"WebPage\",\"@id\":\"https:\\\/\\\/fotografovanie.eu\\\/fotografovanie-na-jar-kvety-pastelove-farby-a-prirodna-atmosfera\\\/\",\"url\":\"https:\\\/\\\/fotografovanie.eu\\\/fotografovanie-na-jar-kvety-pastelove-farby-a-prirodna-atmosfera\\\/\",\"name\":\"Fotografovanie na jar \u2013 kvety, pastelov\u00e9 farby a pr\u00edrodn\u00e1 atmosf\u00e9ra \u2013 Fotografovanie.eu\",\"isPartOf\":{\"@id\":\"https:\\\/\\\/fotografovanie.eu\\\/#website\"},\"primaryImageOfPage\":{\"@id\":\"https:\\\/\\\/fotografovanie.eu\\\/fotografovanie-na-jar-kvety-pastelove-farby-a-prirodna-atmosfera\\\/#primaryimage\"},\"image\":{\"@id\":\"https:\\\/\\\/fotografovanie.eu\\\/fotografovanie-na-jar-kvety-pastelove-farby-a-prirodna-atmosfera\\\/#primaryimage\"},\"thumbnailUrl\":\"https:\\\/\\\/fotografovanie.eu\\\/wp-content\\\/uploads\\\/2026\\\/02\\\/c64093a4c7c3219b84a49831bedc9e43bf09ecb2756dd45b47eed47ffbffa387.webp\",\"datePublished\":\"2026-02-19T00:10:34+00:00\",\"dateModified\":\"2026-02-19T00:11:19+00:00\",\"description\":\"Fotografovanie na jar \u2013 kvety, pastelov\u00e9 farby a pr\u00edrodn\u00e1 atmosf\u00e9ra | Fotografovanie.eu Fotografovanie na jar \u2013 kvety, pastelov\u00e9 farby a pr\u00edrodn\u00e1 Praktick\u00e9 tipy, n\u00e1vody a trendy zo sveta fotografie. Kompletn\u00fd n\u00e1vod na fotografovanie na jar: tipy na pr\u00e1cu s kvetmi, pastelov\u00fdmi farbami a zachytenie pr\u00edrodnej atmosf\u00e9ry. Nastavenia, portr\u00e9ty aj krajina.\",\"breadcrumb\":{\"@id\":\"https:\\\/\\\/fotografovanie.eu\\\/fotografovanie-na-jar-kvety-pastelove-farby-a-prirodna-atmosfera\\\/#breadcrumb\"},\"inLanguage\":\"en-GB\",\"potentialAction\":[{\"@type\":\"ReadAction\",\"target\":[\"https:\\\/\\\/fotografovanie.eu\\\/fotografovanie-na-jar-kvety-pastelove-farby-a-prirodna-atmosfera\\\/\"]}]},{\"@type\":\"ImageObject\",\"inLanguage\":\"en-GB\",\"@id\":\"https:\\\/\\\/fotografovanie.eu\\\/fotografovanie-na-jar-kvety-pastelove-farby-a-prirodna-atmosfera\\\/#primaryimage\",\"url\":\"https:\\\/\\\/fotografovanie.eu\\\/wp-content\\\/uploads\\\/2026\\\/02\\\/c64093a4c7c3219b84a49831bedc9e43bf09ecb2756dd45b47eed47ffbffa387.webp\",\"contentUrl\":\"https:\\\/\\\/fotografovanie.eu\\\/wp-content\\\/uploads\\\/2026\\\/02\\\/c64093a4c7c3219b84a49831bedc9e43bf09ecb2756dd45b47eed47ffbffa387.webp\",\"width\":1536,\"height\":1024,\"caption\":\"Dve deti sa hraj\u00fa na l\u00fake, rodi\u010dia sleduj\u00fa z dia\u013eky, prirodzen\u00e9 svetlo zv\u00fdraz\u0148uje smiech a pohyb\"},{\"@type\":\"BreadcrumbList\",\"@id\":\"https:\\\/\\\/fotografovanie.eu\\\/fotografovanie-na-jar-kvety-pastelove-farby-a-prirodna-atmosfera\\\/#breadcrumb\",\"itemListElement\":[{\"@type\":\"ListItem\",\"position\":1,\"name\":\"Domov\",\"item\":\"https:\\\/\\\/fotografovanie.eu\\\/\"},{\"@type\":\"ListItem\",\"position\":2,\"name\":\"Fotografovanie na jar \u2013 kvety, pastelov\u00e9 farby a pr\u00edrodn\u00e1 atmosf\u00e9ra\"}]},{\"@type\":\"WebSite\",\"@id\":\"https:\\\/\\\/fotografovanie.eu\\\/#website\",\"url\":\"https:\\\/\\\/fotografovanie.eu\\\/\",\"name\":\"Modern\u00fd magaz\u00edn o fotografii\",\"description\":\"\",\"publisher\":{\"@id\":\"https:\\\/\\\/fotografovanie.eu\\\/#organization\"},\"potentialAction\":[{\"@type\":\"SearchAction\",\"target\":{\"@type\":\"EntryPoint\",\"urlTemplate\":\"https:\\\/\\\/fotografovanie.eu\\\/?s={search_term_string}\"},\"query-input\":{\"@type\":\"PropertyValueSpecification\",\"valueRequired\":true,\"valueName\":\"search_term_string\"}}],\"inLanguage\":\"en-GB\"},{\"@type\":\"Organization\",\"@id\":\"https:\\\/\\\/fotografovanie.eu\\\/#organization\",\"name\":\"Fotografovanie.eu\",\"alternateName\":\"Blog o fotografovan\u00ed\",\"url\":\"https:\\\/\\\/fotografovanie.eu\\\/\",\"logo\":{\"@type\":\"ImageObject\",\"inLanguage\":\"en-GB\",\"@id\":\"https:\\\/\\\/fotografovanie.eu\\\/#\\\/schema\\\/logo\\\/image\\\/\",\"url\":\"https:\\\/\\\/fotografovanie.eu\\\/wp-content\\\/uploads\\\/2026\\\/01\\\/cropped-0aaf3e3322a519e411873510629b829197a60c1506f5632424da96c13ebeedf4-2.webp\",\"contentUrl\":\"https:\\\/\\\/fotografovanie.eu\\\/wp-content\\\/uploads\\\/2026\\\/01\\\/cropped-0aaf3e3322a519e411873510629b829197a60c1506f5632424da96c13ebeedf4-2.webp\",\"width\":85,\"height\":62,\"caption\":\"Fotografovanie.eu\"},\"image\":{\"@id\":\"https:\\\/\\\/fotografovanie.eu\\\/#\\\/schema\\\/logo\\\/image\\\/\"}},{\"@type\":\"Person\",\"@id\":\"https:\\\/\\\/fotografovanie.eu\\\/#\\\/schema\\\/person\\\/b61f1c3bde5c2b19f8d96cf591b65d4b\",\"name\":\"fotograf\",\"image\":{\"@type\":\"ImageObject\",\"inLanguage\":\"en-GB\",\"@id\":\"https:\\\/\\\/secure.gravatar.com\\\/avatar\\\/9d9b62d4ef8f95cbb50bd1d4f4d90625767e3c665eec5470448cf0917c71e5a3?s=96&d=mm&r=g\",\"url\":\"https:\\\/\\\/secure.gravatar.com\\\/avatar\\\/9d9b62d4ef8f95cbb50bd1d4f4d90625767e3c665eec5470448cf0917c71e5a3?s=96&d=mm&r=g\",\"contentUrl\":\"https:\\\/\\\/secure.gravatar.com\\\/avatar\\\/9d9b62d4ef8f95cbb50bd1d4f4d90625767e3c665eec5470448cf0917c71e5a3?s=96&d=mm&r=g\",\"caption\":\"fotograf\"},\"url\":\"https:\\\/\\\/fotografovanie.eu\\\/en\\\/author\\\/fotograf\\\/\"}]}<\/script>\n<!-- \/ Yoast SEO plugin. -->","yoast_head_json":{"title":"Fotografovanie na jar \u2013 kvety, pastelov\u00e9 farby a pr\u00edrodn\u00e1 atmosf\u00e9ra \u2013 Fotografovanie.eu","description":"Fotografovanie na jar \u2013 kvety, pastelov\u00e9 farby a pr\u00edrodn\u00e1 atmosf\u00e9ra | Fotografovanie.eu Fotografovanie na jar \u2013 kvety, pastelov\u00e9 farby a pr\u00edrodn\u00e1 Praktick\u00e9 tipy, n\u00e1vody a trendy zo sveta fotografie. Kompletn\u00fd n\u00e1vod na fotografovanie na jar: tipy na pr\u00e1cu s kvetmi, pastelov\u00fdmi farbami a zachytenie pr\u00edrodnej atmosf\u00e9ry. Nastavenia, portr\u00e9ty aj krajina.","robots":{"index":"index","follow":"follow","max-snippet":"max-snippet:-1","max-image-preview":"max-image-preview:large","max-video-preview":"max-video-preview:-1"},"canonical":"https:\/\/fotografovanie.eu\/en\/fotografovanie-na-jar-kvety-pastelove-farby-a-prirodna-atmosfera\/","og_locale":"en_GB","og_type":"article","og_title":"Fotografovanie na jar \u2013 kvety, pastelov\u00e9 farby a pr\u00edrodn\u00e1 atmosf\u00e9ra \u2013 Fotografovanie.eu","og_description":"Fotografovanie na jar \u2013 kvety, pastelov\u00e9 farby a pr\u00edrodn\u00e1 atmosf\u00e9ra | Fotografovanie.eu Fotografovanie na jar \u2013 kvety, pastelov\u00e9 farby a pr\u00edrodn\u00e1 Praktick\u00e9 tipy, n\u00e1vody a trendy zo sveta fotografie. Kompletn\u00fd n\u00e1vod na fotografovanie na jar: tipy na pr\u00e1cu s kvetmi, pastelov\u00fdmi farbami a zachytenie pr\u00edrodnej atmosf\u00e9ry. Nastavenia, portr\u00e9ty aj krajina.","og_url":"https:\/\/fotografovanie.eu\/en\/fotografovanie-na-jar-kvety-pastelove-farby-a-prirodna-atmosfera\/","og_site_name":"Modern\u00fd magaz\u00edn o fotografii","article_published_time":"2026-02-19T00:10:34+00:00","article_modified_time":"2026-02-19T00:11:19+00:00","og_image":[{"width":1536,"height":1024,"url":"https:\/\/fotografovanie.eu\/wp-content\/uploads\/2026\/02\/c64093a4c7c3219b84a49831bedc9e43bf09ecb2756dd45b47eed47ffbffa387.jpg","type":"image\/jpeg"}],"author":"fotograf","twitter_card":"summary_large_image","twitter_misc":{"Written by":"fotograf","Estimated reading time":"5 minutes"},"schema":{"@context":"https:\/\/schema.org","@graph":[{"@type":"Article","@id":"https:\/\/fotografovanie.eu\/fotografovanie-na-jar-kvety-pastelove-farby-a-prirodna-atmosfera\/#article","isPartOf":{"@id":"https:\/\/fotografovanie.eu\/fotografovanie-na-jar-kvety-pastelove-farby-a-prirodna-atmosfera\/"},"author":{"name":"fotograf","@id":"https:\/\/fotografovanie.eu\/#\/schema\/person\/b61f1c3bde5c2b19f8d96cf591b65d4b"},"headline":"Fotografovanie na jar \u2013 kvety, pastelov\u00e9 farby a pr\u00edrodn\u00e1 atmosf\u00e9ra","datePublished":"2026-02-19T00:10:34+00:00","dateModified":"2026-02-19T00:11:19+00:00","mainEntityOfPage":{"@id":"https:\/\/fotografovanie.eu\/fotografovanie-na-jar-kvety-pastelove-farby-a-prirodna-atmosfera\/"},"wordCount":894,"publisher":{"@id":"https:\/\/fotografovanie.eu\/#organization"},"image":{"@id":"https:\/\/fotografovanie.eu\/fotografovanie-na-jar-kvety-pastelove-farby-a-prirodna-atmosfera\/#primaryimage"},"thumbnailUrl":"https:\/\/fotografovanie.eu\/wp-content\/uploads\/2026\/02\/c64093a4c7c3219b84a49831bedc9e43bf09ecb2756dd45b47eed47ffbffa387.webp","keywords":["fotografovanie"],"articleSection":["Fotografovanie"],"inLanguage":"en-GB"},{"@type":"WebPage","@id":"https:\/\/fotografovanie.eu\/fotografovanie-na-jar-kvety-pastelove-farby-a-prirodna-atmosfera\/","url":"https:\/\/fotografovanie.eu\/fotografovanie-na-jar-kvety-pastelove-farby-a-prirodna-atmosfera\/","name":"Fotografovanie na jar \u2013 kvety, pastelov\u00e9 farby a pr\u00edrodn\u00e1 atmosf\u00e9ra \u2013 Fotografovanie.eu","isPartOf":{"@id":"https:\/\/fotografovanie.eu\/#website"},"primaryImageOfPage":{"@id":"https:\/\/fotografovanie.eu\/fotografovanie-na-jar-kvety-pastelove-farby-a-prirodna-atmosfera\/#primaryimage"},"image":{"@id":"https:\/\/fotografovanie.eu\/fotografovanie-na-jar-kvety-pastelove-farby-a-prirodna-atmosfera\/#primaryimage"},"thumbnailUrl":"https:\/\/fotografovanie.eu\/wp-content\/uploads\/2026\/02\/c64093a4c7c3219b84a49831bedc9e43bf09ecb2756dd45b47eed47ffbffa387.webp","datePublished":"2026-02-19T00:10:34+00:00","dateModified":"2026-02-19T00:11:19+00:00","description":"Fotografovanie na jar \u2013 kvety, pastelov\u00e9 farby a pr\u00edrodn\u00e1 atmosf\u00e9ra | Fotografovanie.eu Fotografovanie na jar \u2013 kvety, pastelov\u00e9 farby a pr\u00edrodn\u00e1 Praktick\u00e9 tipy, n\u00e1vody a trendy zo sveta fotografie. Kompletn\u00fd n\u00e1vod na fotografovanie na jar: tipy na pr\u00e1cu s kvetmi, pastelov\u00fdmi farbami a zachytenie pr\u00edrodnej atmosf\u00e9ry. Nastavenia, portr\u00e9ty aj krajina.","breadcrumb":{"@id":"https:\/\/fotografovanie.eu\/fotografovanie-na-jar-kvety-pastelove-farby-a-prirodna-atmosfera\/#breadcrumb"},"inLanguage":"en-GB","potentialAction":[{"@type":"ReadAction","target":["https:\/\/fotografovanie.eu\/fotografovanie-na-jar-kvety-pastelove-farby-a-prirodna-atmosfera\/"]}]},{"@type":"ImageObject","inLanguage":"en-GB","@id":"https:\/\/fotografovanie.eu\/fotografovanie-na-jar-kvety-pastelove-farby-a-prirodna-atmosfera\/#primaryimage","url":"https:\/\/fotografovanie.eu\/wp-content\/uploads\/2026\/02\/c64093a4c7c3219b84a49831bedc9e43bf09ecb2756dd45b47eed47ffbffa387.webp","contentUrl":"https:\/\/fotografovanie.eu\/wp-content\/uploads\/2026\/02\/c64093a4c7c3219b84a49831bedc9e43bf09ecb2756dd45b47eed47ffbffa387.webp","width":1536,"height":1024,"caption":"Dve deti sa hraj\u00fa na l\u00fake, rodi\u010dia sleduj\u00fa z dia\u013eky, prirodzen\u00e9 svetlo zv\u00fdraz\u0148uje smiech a pohyb"},{"@type":"BreadcrumbList","@id":"https:\/\/fotografovanie.eu\/fotografovanie-na-jar-kvety-pastelove-farby-a-prirodna-atmosfera\/#breadcrumb","itemListElement":[{"@type":"ListItem","position":1,"name":"Domov","item":"https:\/\/fotografovanie.eu\/"},{"@type":"ListItem","position":2,"name":"Fotografovanie na jar \u2013 kvety, pastelov\u00e9 farby a pr\u00edrodn\u00e1 atmosf\u00e9ra"}]},{"@type":"WebSite","@id":"https:\/\/fotografovanie.eu\/#website","url":"https:\/\/fotografovanie.eu\/","name":"Modern\u00fd magaz\u00edn o fotografii","description":"","publisher":{"@id":"https:\/\/fotografovanie.eu\/#organization"},"potentialAction":[{"@type":"SearchAction","target":{"@type":"EntryPoint","urlTemplate":"https:\/\/fotografovanie.eu\/?s={search_term_string}"},"query-input":{"@type":"PropertyValueSpecification","valueRequired":true,"valueName":"search_term_string"}}],"inLanguage":"en-GB"},{"@type":"Organization","@id":"https:\/\/fotografovanie.eu\/#organization","name":"Fotografovanie.eu","alternateName":"Blog o fotografovan\u00ed","url":"https:\/\/fotografovanie.eu\/","logo":{"@type":"ImageObject","inLanguage":"en-GB","@id":"https:\/\/fotografovanie.eu\/#\/schema\/logo\/image\/","url":"https:\/\/fotografovanie.eu\/wp-content\/uploads\/2026\/01\/cropped-0aaf3e3322a519e411873510629b829197a60c1506f5632424da96c13ebeedf4-2.webp","contentUrl":"https:\/\/fotografovanie.eu\/wp-content\/uploads\/2026\/01\/cropped-0aaf3e3322a519e411873510629b829197a60c1506f5632424da96c13ebeedf4-2.webp","width":85,"height":62,"caption":"Fotografovanie.eu"},"image":{"@id":"https:\/\/fotografovanie.eu\/#\/schema\/logo\/image\/"}},{"@type":"Person","@id":"https:\/\/fotografovanie.eu\/#\/schema\/person\/b61f1c3bde5c2b19f8d96cf591b65d4b","name":"fotograf","image":{"@type":"ImageObject","inLanguage":"en-GB","@id":"https:\/\/secure.gravatar.com\/avatar\/9d9b62d4ef8f95cbb50bd1d4f4d90625767e3c665eec5470448cf0917c71e5a3?s=96&d=mm&r=g","url":"https:\/\/secure.gravatar.com\/avatar\/9d9b62d4ef8f95cbb50bd1d4f4d90625767e3c665eec5470448cf0917c71e5a3?s=96&d=mm&r=g","contentUrl":"https:\/\/secure.gravatar.com\/avatar\/9d9b62d4ef8f95cbb50bd1d4f4d90625767e3c665eec5470448cf0917c71e5a3?s=96&d=mm&r=g","caption":"fotograf"},"url":"https:\/\/fotografovanie.eu\/en\/author\/fotograf\/"}]}},"_links":{"self":[{"href":"https:\/\/fotografovanie.eu\/en\/wp-json\/wp\/v2\/posts\/13454","targetHints":{"allow":["GET"]}}],"collection":[{"href":"https:\/\/fotografovanie.eu\/en\/wp-json\/wp\/v2\/posts"}],"about":[{"href":"https:\/\/fotografovanie.eu\/en\/wp-json\/wp\/v2\/types\/post"}],"author":[{"embeddable":true,"href":"https:\/\/fotografovanie.eu\/en\/wp-json\/wp\/v2\/users\/4"}],"replies":[{"embeddable":true,"href":"https:\/\/fotografovanie.eu\/en\/wp-json\/wp\/v2\/comments?post=13454"}],"version-history":[{"count":0,"href":"https:\/\/fotografovanie.eu\/en\/wp-json\/wp\/v2\/posts\/13454\/revisions"}],"wp:featuredmedia":[{"embeddable":true,"href":"https:\/\/fotografovanie.eu\/en\/wp-json\/wp\/v2\/media\/13089"}],"wp:attachment":[{"href":"https:\/\/fotografovanie.eu\/en\/wp-json\/wp\/v2\/media?parent=13454"}],"wp:term":[{"taxonomy":"category","embeddable":true,"href":"https:\/\/fotografovanie.eu\/en\/wp-json\/wp\/v2\/categories?post=13454"},{"taxonomy":"post_tag","embeddable":true,"href":"https:\/\/fotografovanie.eu\/en\/wp-json\/wp\/v2\/tags?post=13454"}],"curies":[{"name":"wp","href":"https:\/\/api.w.org\/{rel}","templated":true}]}}