{"id":13464,"date":"2026-02-19T01:43:10","date_gmt":"2026-02-19T00:43:10","guid":{"rendered":"https:\/\/fotografovanie.eu\/?p=13464"},"modified":"2026-02-19T01:43:52","modified_gmt":"2026-02-19T00:43:52","slug":"fotografovanie-na-jesen-teple-farby-listie-a-jesenna-atmosfera","status":"publish","type":"post","link":"https:\/\/fotografovanie.eu\/en\/fotografovanie-na-jesen-teple-farby-listie-a-jesenna-atmosfera\/","title":{"rendered":"Fotografovanie na jese\u0148 \u2013 tepl\u00e9 farby, l\u00edstie a jesenn\u00e1 atmosf\u00e9ra"},"content":{"rendered":"<p><!DOCTYPE html><br \/>\n<html lang=\"sk\"><br \/>\n<head><br \/>\n<meta charset=\"UTF-8\"><br \/>\n<meta name=\"viewport\" content=\"width=device-width, initial-scale=1.0\"><br \/>\n<title>Fotografovanie na jese\u0148 \u2013 tepl\u00e9 farby, l\u00edstie a jesenn\u00e1 atmosf\u00e9ra | Fotografovanie.eu<\/title><br \/>\n<meta name=\"description\" content=\"Kompletn\u00fd n\u00e1vod na fotografovanie na jese\u0148: tipy na pr\u00e1cu s tepl\u00fdmi farbami, padaj\u00facim l\u00edst\u00edm a zachytenie jesennej atmosf\u00e9ry. Nastavenia, portr\u00e9ty aj krajina.\"><\/p>\n<p><!-- Open Graph --><br \/>\n<meta property=\"og:title\" content=\"Fotografovanie na jese\u0148 \u2013 tepl\u00e9 farby, l\u00edstie a jesenn\u00e1 atmosf\u00e9ra\"><br \/>\n<meta property=\"og:description\" content=\"Kompletn\u00fd n\u00e1vod na fotografovanie na jese\u0148: tipy na pr\u00e1cu s tepl\u00fdmi farbami, padaj\u00facim l\u00edst\u00edm a zachytenie jesennej atmosf\u00e9ry. Nastavenia, portr\u00e9ty aj krajina.\"><br \/>\n<meta property=\"og:type\" content=\"article\"><br \/>\n<meta property=\"og:url\" content=\"https:\/\/fotografovanie.eu\/fotografovanie-na-jesen-teple-farby-listie-a-jesenna-atmosfera\"><br \/>\n<meta property=\"og:image\" content=\"https:\/\/fotografovanie.eu\/wp-content\/uploads\/2026\/01\/f67e96a8c7e60689b3ea55af9cf9a20ee2a189442b903fe729f0333cf4d70489.webp\"><\/p>\n<p><!-- Lightbox CSS & JS -->\n<link href=\"https:\/\/cdnjs.cloudflare.com\/ajax\/libs\/lightbox2\/2.11.3\/css\/lightbox.min.css\" rel=\"stylesheet\">\n<script src=\"https:\/\/cdnjs.cloudflare.com\/ajax\/libs\/lightbox2\/2.11.3\/js\/lightbox.min.js\"><\/script><\/p>\n<style>\n.carousel {\n  display: flex;\n  gap: 12px;\n  overflow-x: auto;\n  scroll-snap-type: x mandatory;\n  padding: 10px 0;\n}\n.carousel a {\n  flex: 0 0 auto;\n  scroll-snap-align: center;\n}\n.carousel img {\n  max-height: 220px;\n  border-radius: 8px;\n  object-fit: cover;\n  cursor: pointer;\n  transition: transform 0.3s ease;\n}\n.carousel img:hover {\n  transform: scale(1.05);\n}\n.tech-info {\n  background: #f5f5f5;\n  border-left: 4px solid #2196f3;\n  padding: 10px 15px;\n  font-size: 0.95em;\n  border-radius: 6px;\n  margin: 15px 0;\n}\n.section-divider {\n  background: linear-gradient(90deg, #fb8c00, #f57c00);\n  color: #fff;\n  padding: 20px;\n  text-align: center;\n  font-size: 1.2em;\n  font-weight: 500;\n  margin: 40px 0;\n  border-radius: 6px;\n}\n.cta-download {\n  background: #fff3e0;\n  border: 1px solid #ffcc80;\n  border-radius: 8px;\n  padding: 20px;\n  text-align: center;\n  margin: 30px 0;\n}\n.cta-download h3 {\n  margin-top: 0;\n  color: #e65100;\n}\n.cta-download a {\n  background: #fb8c00;\n  color: #fff;\n  padding: 12px 24px;\n  display: inline-block;\n  margin-top: 10px;\n  border-radius: 6px;\n  text-decoration: none;\n  transition: background 0.3s ease;\n}\n.cta-download a:hover {\n  background: #ef6c00;\n}\n<\/style>\n<p><\/head><br \/>\n<body><\/p>\n<p><main><\/p>\n<header>\n<h1>Fotografovanie na jese\u0148 \u2013 tepl\u00e9 farby, l\u00edstie a jesenn\u00e1 atmosf\u00e9ra<\/h1>\n<p>Jese\u0148 je obdob\u00edm, ktor\u00e9 prin\u00e1\u0161a bohat\u00fa \u0161k\u00e1lu farieb a unik\u00e1tnu atmosf\u00e9ru. Oran\u017eov\u00e9, \u017elt\u00e9 a \u010derven\u00e9 odtiene listov, m\u00e4kk\u00e9 svetlo a chladiv\u00e9 r\u00e1na robia z jesene ide\u00e1lne obdobie pre portr\u00e9tnu aj krajin\u00e1rsku fotografiu. V tomto \u010dl\u00e1nku si uk\u00e1\u017eeme, ako \u010do najlep\u0161ie zachyti\u0165 jesenn\u00fa n\u00e1ladu a pracova\u0165 s farbami, svetlom a prostred\u00edm.<\/p>\n<\/header>\n<nav class=\"toc\">\n<strong>Obsah:<\/strong><br \/>\n<a href=\"#svetlo\">Jesenn\u00e9 svetlo a jeho vyu\u017eitie<\/a><br \/>\n<a href=\"#farby\">Pr\u00e1ca s farbami a l\u00edst\u00edm<\/a><br \/>\n<a href=\"#technika\">Technick\u00e9 nastavenia<\/a><br \/>\n<a href=\"#portraty\">Portr\u00e9ty v jeseni<\/a><br \/>\n<a href=\"#galeria\">Gal\u00e9ria<\/a><br \/>\n<a href=\"#checklist\">Jesenn\u00fd checklist<\/a><br \/>\n<a href=\"#postproces\">Postproces<\/a><br \/>\n<a href=\"#faq\">FAQ<\/a><br \/>\n<a href=\"#zaver\">Z\u00e1ver<\/a><br \/>\n<\/nav>\n<section id=\"svetlo\">\n<h2>Jesenn\u00e9 svetlo a jeho vyu\u017eitie<\/h2>\n<p>Jesenn\u00e9 mesiace prin\u00e1\u0161aj\u00fa m\u00e4kk\u00e9, zlat\u00e9 svetlo, ktor\u00e9 zv\u00fdraz\u0148uje tepl\u00e9 odtiene prostredia. Najlep\u0161ie v\u00fdsledky dosiahnete pri foten\u00ed po\u010das zlatej hodiny, ke\u010f slnko vrh\u00e1 dlh\u00e9 tiene a dod\u00e1va sc\u00e9nam hrejiv\u00fa atmosf\u00e9ru. Zamra\u010den\u00e9 dni s\u00fa ide\u00e1lne na zachytenie pln\u00fdch detailov bez pr\u00edli\u0161 tvrd\u00fdch tie\u0148ov.<\/p>\n<\/section>\n<section id=\"farby\">\n<h2>Pr\u00e1ca s farbami a l\u00edst\u00edm<\/h2>\n<p>Jesenn\u00e1 paleta je bohat\u00e1 a pestr\u00e1. Kombinujte r\u00f4zne odtiene l\u00edstia, dreva a oble\u010denia, aby ste vytvorili harmonick\u00e9 z\u00e1bery. Padaj\u00face l\u00edstie m\u00f4\u017ee by\u0165 kreat\u00edvnym prvkom \u2013 pou\u017eite ho ako popredie alebo ho nechajte vo\u013ene pada\u0165 po\u010das fotenia pre dynamick\u00fd efekt.<\/p>\n<\/section>\n<section id=\"technika\">\n<h2>Technick\u00e9 nastavenia<\/h2>\n<div class=\"tech-info\">\n  <strong>Fotoapar\u00e1t:<\/strong> Nikon Z6 II |<br \/>\n  <strong>Clona:<\/strong> f\/2.8 |<br \/>\n  <strong>ISO:<\/strong> 200 |<br \/>\n  <strong>\u010cas:<\/strong> 1\/250s |<br \/>\n  <strong>Objekt\u00edv:<\/strong> 85mm\n<\/div>\n<p>Na jesenn\u00e9 portr\u00e9ty pou\u017eite otvoren\u00fa clonu (f\/1.8 \u2013 f\/2.8) na oddelenie subjektu od pozadia. Pri krajin\u00e1rskych z\u00e1beroch odpor\u00fa\u010dame clonu f\/8 \u2013 f\/11 pre zachovanie ostrosti v celej sc\u00e9ne. ISO dr\u017ete n\u00edzke, aby ste zachovali \u010distotu obrazu.<\/p>\n<\/section>\n<section id=\"portraty\">\n<h2>Portr\u00e9ty v jeseni<\/h2>\n<div class=\"section-divider\">\ud83c\udf42 Tip: Fo\u0165te portr\u00e9ty proti svetlu, aby ste dodali vlasom a l\u00edstiu hrejiv\u00fd, priesvitn\u00fd efekt.<\/div>\n<p>Jesenn\u00e9 portr\u00e9ty s\u00fa ide\u00e1lne v parkoch alebo na lesn\u00fdch chodn\u00edkoch. Modelov nechajte interagova\u0165 s pr\u00edrodou \u2013 dr\u017eanie l\u00edstia, prech\u00e1dzka po chodn\u00edku, sedenie na lavi\u010dke. Prirodzen\u00e1 pr\u00e1ca so svetlom a tie\u0148mi dod\u00e1va z\u00e1berom autentickos\u0165.<\/p>\n<\/section>\n<section id=\"galeria\">\n<h2>Gal\u00e9ria jesenn\u00fdch fotografi\u00ed<\/h2>\n<div class=\"carousel\">\n<a href=\"https:\/\/fotografovanie.eu\/wp-content\/uploads\/2026\/01\/f67e96a8c7e60689b3ea55af9cf9a20ee2a189442b903fe729f0333cf4d70489.webp\" data-lightbox=\"jesen\" data-title=\"Jesenn\u00fd poh\u013ead na Bratislavu\"><br \/>\n<img decoding=\"async\" src=\"https:\/\/fotografovanie.eu\/wp-content\/uploads\/2026\/01\/f67e96a8c7e60689b3ea55af9cf9a20ee2a189442b903fe729f0333cf4d70489.webp\" alt=\"Jesenn\u00fd poh\u013ead na Bratislavu\"><\/a><\/p>\n<p><a href=\"https:\/\/fotografovanie.eu\/wp-content\/uploads\/2026\/01\/012987679abf0f82b2346f4ba672f7416b592e859c620504161c07db24a25afd.webp\" data-lightbox=\"jesen\" data-title=\"Jesenn\u00e1 sc\u00e9na v Ko\u0161iciach\"><br \/>\n<img decoding=\"async\" src=\"https:\/\/fotografovanie.eu\/wp-content\/uploads\/2026\/01\/012987679abf0f82b2346f4ba672f7416b592e859c620504161c07db24a25afd.webp\" alt=\"Jesenn\u00e1 sc\u00e9na v Ko\u0161iciach\"><\/a><\/p>\n<p><a href=\"https:\/\/fotografovanie.eu\/wp-content\/uploads\/2026\/02\/e17063fc7957122d9fd490e2d48dc6f2bac48820c3716f574f80d2d10d6f2294.webp\" data-lightbox=\"jesen\" data-title=\"Rodinn\u00e9 fotenie v l\u00edst\u00ed\"><br \/>\n<img decoding=\"async\" src=\"https:\/\/fotografovanie.eu\/wp-content\/uploads\/2026\/02\/e17063fc7957122d9fd490e2d48dc6f2bac48820c3716f574f80d2d10d6f2294.webp\" alt=\"Rodinn\u00e9 fotenie v l\u00edst\u00ed\"><\/a>\n<\/div>\n<\/section>\n<section id=\"checklist\">\n<h2>Jesenn\u00fd fotografick\u00fd checklist<\/h2>\n<div class=\"cta-download\">\n<h3>\ud83d\udce5 Stiahni si Checklist: Jesenn\u00e9 fotenie<\/h3>\n<p>Priprav sa na jese\u0148 s praktick\u00fdm zoznamom nastaven\u00ed a tipov pre tepl\u00e9 farby a l\u00edstie.<\/p>\n<p>  <a href=\"https:\/\/docs.google.com\/document\/d\/1KHMYQkQXHqpeCtqqeL0ExprbEF43TwPqGh06lOom0zQ\/edit?usp=sharing\" target=\"_blank\" rel=\"noopener\">Stiahnu\u0165 checklist<\/a>\n<\/div>\n<\/section>\n<section id=\"postproces\">\n<h2>Postproces<\/h2>\n<p>Pri \u00faprav\u00e1ch jesenn\u00fdch fotografi\u00ed sa s\u00fastre\u010fte na zv\u00fdraznenie tepl\u00fdch odtie\u0148ov bez toho, aby ste prehnali satur\u00e1ciu. Pou\u017eite lok\u00e1lne \u00fapravy na zv\u00fdraznenie l\u00edstia a kontrastu. Pri ve\u010dern\u00fdch z\u00e1beroch m\u00f4\u017eete aplikova\u0165 jemn\u00e9 oran\u017eovo-hned\u00e9 t\u00f3novanie.<\/p>\n<\/section>\n<section id=\"faq\" class=\"faq\">\n<h2>FAQ<\/h2>\n<details>\n<summary>Kedy je najlep\u0161ie foti\u0165 jesenn\u00fa krajinu?<\/summary>\n<p>Po\u010das zlatej hodiny, ke\u010f slnko dod\u00e1va farb\u00e1m hrejivos\u0165 a h\u013abku.<\/p>\n<\/details>\n<details>\n<summary>Ako vyu\u017ei\u0165 l\u00edstie pri portr\u00e9toch?<\/summary>\n<p>Pou\u017eite ho ako popredie, nechajte ho pada\u0165 alebo ho zapracujte do stylingu.<\/p>\n<\/details>\n<details>\n<summary>\u010co pri uprav\u00e1ch nepreh\u00e1\u0148a\u0165?<\/summary>\n<p>Intenzitu farieb \u2013 prehnan\u00e1 satur\u00e1cia m\u00f4\u017ee p\u00f4sobi\u0165 neprirodzene.<\/p>\n<\/details>\n<\/section>\n<section id=\"zaver\">\n<h2>Z\u00e1ver<\/h2>\n<p>Fotografovanie na jese\u0148 prin\u00e1\u0161a bohat\u00e9 vizu\u00e1lne mo\u017enosti. Pr\u00e1ca s tepl\u00fdmi farbami, l\u00edst\u00edm a m\u00e4kk\u00fdm svetlom v\u00e1m umo\u017en\u00ed vytvori\u0165 z\u00e1bery, ktor\u00e9 v sebe nes\u00fa hrejiv\u00fa atmosf\u00e9ru a pr\u00edbeh tohto obdobia.<\/p>\n<\/section>\n<p><\/main><br \/>\n<\/body><br \/>\n<\/html><\/p>","protected":false},"excerpt":{"rendered":"<p>Fotografovanie na jese\u0148 \u2013 tepl\u00e9 farby, l\u00edstie a jesenn\u00e1 atmosf\u00e9ra | Fotografovanie.eu Fotografovanie na jese\u0148 \u2013 tepl\u00e9 farby, l\u00edstie a jesenn\u00e1 atmosf\u00e9ra Jese\u0148 je obdob\u00edm, ktor\u00e9 prin\u00e1\u0161a bohat\u00fa \u0161k\u00e1lu farieb a unik\u00e1tnu atmosf\u00e9ru. Oran\u017eov\u00e9, \u017elt\u00e9 a \u010derven\u00e9 odtiene listov, m\u00e4kk\u00e9 svetlo a chladiv\u00e9 r\u00e1na robia z jesene ide\u00e1lne obdobie pre portr\u00e9tnu aj krajin\u00e1rsku fotografiu. V [&#8230;]\n","protected":false},"author":4,"featured_media":13011,"comment_status":"closed","ping_status":"closed","sticky":false,"template":"","format":"standard","meta":{"footnotes":""},"categories":[5],"tags":[93],"class_list":["post-13464","post","type-post","status-publish","format-standard","has-post-thumbnail","hentry","category-fotografovanie","tag-fotografovanie"],"yoast_head":"<!-- This site is optimized with the Yoast SEO plugin v27.4 - https:\/\/yoast.com\/product\/yoast-seo-wordpress\/ -->\n<title>Fotografovanie na jese\u0148 \u2013 tepl\u00e9 farby, l\u00edstie a jesenn\u00e1 atmosf\u00e9ra \u2013 Fotografovanie.eu<\/title>\n<meta name=\"description\" content=\"Fotografovanie na jese\u0148 \u2013 tepl\u00e9 farby, l\u00edstie a jesenn\u00e1 atmosf\u00e9ra | Fotografovanie.eu Fotografovanie na jese\u0148 \u2013 tepl\u00e9 farby, l\u00edstie a jesenn\u00e1 atmosf\u00e9ra Praktick\u00e9 tipy, n\u00e1vody a trendy zo sveta fotografie.Kompletn\u00fd n\u00e1vod na fotografovanie na jese\u0148: tipy na pr\u00e1cu s tepl\u00fdmi farbami, padaj\u00facim l\u00edst\u00edm a zachytenie jesennej atmosf\u00e9ry. Nastavenia, portr\u00e9ty aj krajina.\" \/>\n<meta name=\"robots\" content=\"index, follow, max-snippet:-1, max-image-preview:large, max-video-preview:-1\" \/>\n<link rel=\"canonical\" href=\"https:\/\/fotografovanie.eu\/en\/fotografovanie-na-jesen-teple-farby-listie-a-jesenna-atmosfera\/\" \/>\n<meta property=\"og:locale\" content=\"en_GB\" \/>\n<meta property=\"og:type\" content=\"article\" \/>\n<meta property=\"og:title\" content=\"Fotografovanie na jese\u0148 \u2013 tepl\u00e9 farby, l\u00edstie a jesenn\u00e1 atmosf\u00e9ra \u2013 Fotografovanie.eu\" \/>\n<meta property=\"og:description\" content=\"Fotografovanie na jese\u0148 \u2013 tepl\u00e9 farby, l\u00edstie a jesenn\u00e1 atmosf\u00e9ra | Fotografovanie.eu Fotografovanie na jese\u0148 \u2013 tepl\u00e9 farby, l\u00edstie a jesenn\u00e1 atmosf\u00e9ra Praktick\u00e9 tipy, n\u00e1vody a trendy zo sveta fotografie.Kompletn\u00fd n\u00e1vod na fotografovanie na jese\u0148: tipy na pr\u00e1cu s tepl\u00fdmi farbami, padaj\u00facim l\u00edst\u00edm a zachytenie jesennej atmosf\u00e9ry. Nastavenia, portr\u00e9ty aj krajina.\" \/>\n<meta property=\"og:url\" content=\"https:\/\/fotografovanie.eu\/en\/fotografovanie-na-jesen-teple-farby-listie-a-jesenna-atmosfera\/\" \/>\n<meta property=\"og:site_name\" content=\"Modern\u00fd magaz\u00edn o fotografii\" \/>\n<meta property=\"article:published_time\" content=\"2026-02-19T00:43:10+00:00\" \/>\n<meta property=\"article:modified_time\" content=\"2026-02-19T00:43:52+00:00\" \/>\n<meta property=\"og:image\" content=\"https:\/\/fotografovanie.eu\/wp-content\/uploads\/2026\/02\/79e3c1807b36ec68ea1564a34fb6dce1bbc46c9fe21ddfcfc7bbc2a156843ad7.jpg\" \/>\n\t<meta property=\"og:image:width\" content=\"1536\" \/>\n\t<meta property=\"og:image:height\" content=\"1024\" \/>\n\t<meta property=\"og:image:type\" content=\"image\/jpeg\" \/>\n<meta name=\"author\" content=\"fotograf\" \/>\n<meta name=\"twitter:card\" content=\"summary_large_image\" \/>\n<meta name=\"twitter:label1\" content=\"Written by\" \/>\n\t<meta name=\"twitter:data1\" content=\"fotograf\" \/>\n\t<meta name=\"twitter:label2\" content=\"Estimated reading time\" \/>\n\t<meta name=\"twitter:data2\" content=\"4 minutes\" \/>\n<script type=\"application\/ld+json\" class=\"yoast-schema-graph\">{\"@context\":\"https:\\\/\\\/schema.org\",\"@graph\":[{\"@type\":\"Article\",\"@id\":\"https:\\\/\\\/fotografovanie.eu\\\/fotografovanie-na-jesen-teple-farby-listie-a-jesenna-atmosfera\\\/#article\",\"isPartOf\":{\"@id\":\"https:\\\/\\\/fotografovanie.eu\\\/fotografovanie-na-jesen-teple-farby-listie-a-jesenna-atmosfera\\\/\"},\"author\":{\"name\":\"fotograf\",\"@id\":\"https:\\\/\\\/fotografovanie.eu\\\/#\\\/schema\\\/person\\\/b61f1c3bde5c2b19f8d96cf591b65d4b\"},\"headline\":\"Fotografovanie na jese\u0148 \u2013 tepl\u00e9 farby, l\u00edstie a jesenn\u00e1 atmosf\u00e9ra\",\"datePublished\":\"2026-02-19T00:43:10+00:00\",\"dateModified\":\"2026-02-19T00:43:52+00:00\",\"mainEntityOfPage\":{\"@id\":\"https:\\\/\\\/fotografovanie.eu\\\/fotografovanie-na-jesen-teple-farby-listie-a-jesenna-atmosfera\\\/\"},\"wordCount\":561,\"publisher\":{\"@id\":\"https:\\\/\\\/fotografovanie.eu\\\/#organization\"},\"image\":{\"@id\":\"https:\\\/\\\/fotografovanie.eu\\\/fotografovanie-na-jesen-teple-farby-listie-a-jesenna-atmosfera\\\/#primaryimage\"},\"thumbnailUrl\":\"https:\\\/\\\/fotografovanie.eu\\\/wp-content\\\/uploads\\\/2026\\\/02\\\/79e3c1807b36ec68ea1564a34fb6dce1bbc46c9fe21ddfcfc7bbc2a156843ad7.webp\",\"keywords\":[\"fotografovanie\"],\"articleSection\":[\"Fotografovanie\"],\"inLanguage\":\"en-GB\"},{\"@type\":\"WebPage\",\"@id\":\"https:\\\/\\\/fotografovanie.eu\\\/fotografovanie-na-jesen-teple-farby-listie-a-jesenna-atmosfera\\\/\",\"url\":\"https:\\\/\\\/fotografovanie.eu\\\/fotografovanie-na-jesen-teple-farby-listie-a-jesenna-atmosfera\\\/\",\"name\":\"Fotografovanie na jese\u0148 \u2013 tepl\u00e9 farby, l\u00edstie a jesenn\u00e1 atmosf\u00e9ra \u2013 Fotografovanie.eu\",\"isPartOf\":{\"@id\":\"https:\\\/\\\/fotografovanie.eu\\\/#website\"},\"primaryImageOfPage\":{\"@id\":\"https:\\\/\\\/fotografovanie.eu\\\/fotografovanie-na-jesen-teple-farby-listie-a-jesenna-atmosfera\\\/#primaryimage\"},\"image\":{\"@id\":\"https:\\\/\\\/fotografovanie.eu\\\/fotografovanie-na-jesen-teple-farby-listie-a-jesenna-atmosfera\\\/#primaryimage\"},\"thumbnailUrl\":\"https:\\\/\\\/fotografovanie.eu\\\/wp-content\\\/uploads\\\/2026\\\/02\\\/79e3c1807b36ec68ea1564a34fb6dce1bbc46c9fe21ddfcfc7bbc2a156843ad7.webp\",\"datePublished\":\"2026-02-19T00:43:10+00:00\",\"dateModified\":\"2026-02-19T00:43:52+00:00\",\"description\":\"Fotografovanie na jese\u0148 \u2013 tepl\u00e9 farby, l\u00edstie a jesenn\u00e1 atmosf\u00e9ra | Fotografovanie.eu Fotografovanie na jese\u0148 \u2013 tepl\u00e9 farby, l\u00edstie a jesenn\u00e1 atmosf\u00e9ra Praktick\u00e9 tipy, n\u00e1vody a trendy zo sveta fotografie.Kompletn\u00fd n\u00e1vod na fotografovanie na jese\u0148: tipy na pr\u00e1cu s tepl\u00fdmi farbami, padaj\u00facim l\u00edst\u00edm a zachytenie jesennej atmosf\u00e9ry. Nastavenia, portr\u00e9ty aj krajina.\",\"breadcrumb\":{\"@id\":\"https:\\\/\\\/fotografovanie.eu\\\/fotografovanie-na-jesen-teple-farby-listie-a-jesenna-atmosfera\\\/#breadcrumb\"},\"inLanguage\":\"en-GB\",\"potentialAction\":[{\"@type\":\"ReadAction\",\"target\":[\"https:\\\/\\\/fotografovanie.eu\\\/fotografovanie-na-jesen-teple-farby-listie-a-jesenna-atmosfera\\\/\"]}]},{\"@type\":\"ImageObject\",\"inLanguage\":\"en-GB\",\"@id\":\"https:\\\/\\\/fotografovanie.eu\\\/fotografovanie-na-jesen-teple-farby-listie-a-jesenna-atmosfera\\\/#primaryimage\",\"url\":\"https:\\\/\\\/fotografovanie.eu\\\/wp-content\\\/uploads\\\/2026\\\/02\\\/79e3c1807b36ec68ea1564a34fb6dce1bbc46c9fe21ddfcfc7bbc2a156843ad7.webp\",\"contentUrl\":\"https:\\\/\\\/fotografovanie.eu\\\/wp-content\\\/uploads\\\/2026\\\/02\\\/79e3c1807b36ec68ea1564a34fb6dce1bbc46c9fe21ddfcfc7bbc2a156843ad7.webp\",\"width\":1536,\"height\":1024,\"caption\":\"Street portr\u00e9t s dynamikou \u2013 deti alebo rodina v pohybe, zachyten\u00e9 pri rannom svetle\"},{\"@type\":\"BreadcrumbList\",\"@id\":\"https:\\\/\\\/fotografovanie.eu\\\/fotografovanie-na-jesen-teple-farby-listie-a-jesenna-atmosfera\\\/#breadcrumb\",\"itemListElement\":[{\"@type\":\"ListItem\",\"position\":1,\"name\":\"Domov\",\"item\":\"https:\\\/\\\/fotografovanie.eu\\\/\"},{\"@type\":\"ListItem\",\"position\":2,\"name\":\"Fotografovanie na jese\u0148 \u2013 tepl\u00e9 farby, l\u00edstie a jesenn\u00e1 atmosf\u00e9ra\"}]},{\"@type\":\"WebSite\",\"@id\":\"https:\\\/\\\/fotografovanie.eu\\\/#website\",\"url\":\"https:\\\/\\\/fotografovanie.eu\\\/\",\"name\":\"Modern\u00fd magaz\u00edn o fotografii\",\"description\":\"\",\"publisher\":{\"@id\":\"https:\\\/\\\/fotografovanie.eu\\\/#organization\"},\"potentialAction\":[{\"@type\":\"SearchAction\",\"target\":{\"@type\":\"EntryPoint\",\"urlTemplate\":\"https:\\\/\\\/fotografovanie.eu\\\/?s={search_term_string}\"},\"query-input\":{\"@type\":\"PropertyValueSpecification\",\"valueRequired\":true,\"valueName\":\"search_term_string\"}}],\"inLanguage\":\"en-GB\"},{\"@type\":\"Organization\",\"@id\":\"https:\\\/\\\/fotografovanie.eu\\\/#organization\",\"name\":\"Fotografovanie.eu\",\"alternateName\":\"Blog o fotografovan\u00ed\",\"url\":\"https:\\\/\\\/fotografovanie.eu\\\/\",\"logo\":{\"@type\":\"ImageObject\",\"inLanguage\":\"en-GB\",\"@id\":\"https:\\\/\\\/fotografovanie.eu\\\/#\\\/schema\\\/logo\\\/image\\\/\",\"url\":\"https:\\\/\\\/fotografovanie.eu\\\/wp-content\\\/uploads\\\/2026\\\/01\\\/cropped-0aaf3e3322a519e411873510629b829197a60c1506f5632424da96c13ebeedf4-2.webp\",\"contentUrl\":\"https:\\\/\\\/fotografovanie.eu\\\/wp-content\\\/uploads\\\/2026\\\/01\\\/cropped-0aaf3e3322a519e411873510629b829197a60c1506f5632424da96c13ebeedf4-2.webp\",\"width\":85,\"height\":62,\"caption\":\"Fotografovanie.eu\"},\"image\":{\"@id\":\"https:\\\/\\\/fotografovanie.eu\\\/#\\\/schema\\\/logo\\\/image\\\/\"}},{\"@type\":\"Person\",\"@id\":\"https:\\\/\\\/fotografovanie.eu\\\/#\\\/schema\\\/person\\\/b61f1c3bde5c2b19f8d96cf591b65d4b\",\"name\":\"fotograf\",\"image\":{\"@type\":\"ImageObject\",\"inLanguage\":\"en-GB\",\"@id\":\"https:\\\/\\\/secure.gravatar.com\\\/avatar\\\/9d9b62d4ef8f95cbb50bd1d4f4d90625767e3c665eec5470448cf0917c71e5a3?s=96&d=mm&r=g\",\"url\":\"https:\\\/\\\/secure.gravatar.com\\\/avatar\\\/9d9b62d4ef8f95cbb50bd1d4f4d90625767e3c665eec5470448cf0917c71e5a3?s=96&d=mm&r=g\",\"contentUrl\":\"https:\\\/\\\/secure.gravatar.com\\\/avatar\\\/9d9b62d4ef8f95cbb50bd1d4f4d90625767e3c665eec5470448cf0917c71e5a3?s=96&d=mm&r=g\",\"caption\":\"fotograf\"},\"url\":\"https:\\\/\\\/fotografovanie.eu\\\/en\\\/author\\\/fotograf\\\/\"}]}<\/script>\n<!-- \/ Yoast SEO plugin. -->","yoast_head_json":{"title":"Fotografovanie na jese\u0148 \u2013 tepl\u00e9 farby, l\u00edstie a jesenn\u00e1 atmosf\u00e9ra \u2013 Fotografovanie.eu","description":"Fotografovanie na jese\u0148 \u2013 tepl\u00e9 farby, l\u00edstie a jesenn\u00e1 atmosf\u00e9ra | Fotografovanie.eu Fotografovanie na jese\u0148 \u2013 tepl\u00e9 farby, l\u00edstie a jesenn\u00e1 atmosf\u00e9ra Praktick\u00e9 tipy, n\u00e1vody a trendy zo sveta fotografie.Kompletn\u00fd n\u00e1vod na fotografovanie na jese\u0148: tipy na pr\u00e1cu s tepl\u00fdmi farbami, padaj\u00facim l\u00edst\u00edm a zachytenie jesennej atmosf\u00e9ry. Nastavenia, portr\u00e9ty aj krajina.","robots":{"index":"index","follow":"follow","max-snippet":"max-snippet:-1","max-image-preview":"max-image-preview:large","max-video-preview":"max-video-preview:-1"},"canonical":"https:\/\/fotografovanie.eu\/en\/fotografovanie-na-jesen-teple-farby-listie-a-jesenna-atmosfera\/","og_locale":"en_GB","og_type":"article","og_title":"Fotografovanie na jese\u0148 \u2013 tepl\u00e9 farby, l\u00edstie a jesenn\u00e1 atmosf\u00e9ra \u2013 Fotografovanie.eu","og_description":"Fotografovanie na jese\u0148 \u2013 tepl\u00e9 farby, l\u00edstie a jesenn\u00e1 atmosf\u00e9ra | Fotografovanie.eu Fotografovanie na jese\u0148 \u2013 tepl\u00e9 farby, l\u00edstie a jesenn\u00e1 atmosf\u00e9ra Praktick\u00e9 tipy, n\u00e1vody a trendy zo sveta fotografie.Kompletn\u00fd n\u00e1vod na fotografovanie na jese\u0148: tipy na pr\u00e1cu s tepl\u00fdmi farbami, padaj\u00facim l\u00edst\u00edm a zachytenie jesennej atmosf\u00e9ry. Nastavenia, portr\u00e9ty aj krajina.","og_url":"https:\/\/fotografovanie.eu\/en\/fotografovanie-na-jesen-teple-farby-listie-a-jesenna-atmosfera\/","og_site_name":"Modern\u00fd magaz\u00edn o fotografii","article_published_time":"2026-02-19T00:43:10+00:00","article_modified_time":"2026-02-19T00:43:52+00:00","og_image":[{"width":1536,"height":1024,"url":"https:\/\/fotografovanie.eu\/wp-content\/uploads\/2026\/02\/79e3c1807b36ec68ea1564a34fb6dce1bbc46c9fe21ddfcfc7bbc2a156843ad7.jpg","type":"image\/jpeg"}],"author":"fotograf","twitter_card":"summary_large_image","twitter_misc":{"Written by":"fotograf","Estimated reading time":"4 minutes"},"schema":{"@context":"https:\/\/schema.org","@graph":[{"@type":"Article","@id":"https:\/\/fotografovanie.eu\/fotografovanie-na-jesen-teple-farby-listie-a-jesenna-atmosfera\/#article","isPartOf":{"@id":"https:\/\/fotografovanie.eu\/fotografovanie-na-jesen-teple-farby-listie-a-jesenna-atmosfera\/"},"author":{"name":"fotograf","@id":"https:\/\/fotografovanie.eu\/#\/schema\/person\/b61f1c3bde5c2b19f8d96cf591b65d4b"},"headline":"Fotografovanie na jese\u0148 \u2013 tepl\u00e9 farby, l\u00edstie a jesenn\u00e1 atmosf\u00e9ra","datePublished":"2026-02-19T00:43:10+00:00","dateModified":"2026-02-19T00:43:52+00:00","mainEntityOfPage":{"@id":"https:\/\/fotografovanie.eu\/fotografovanie-na-jesen-teple-farby-listie-a-jesenna-atmosfera\/"},"wordCount":561,"publisher":{"@id":"https:\/\/fotografovanie.eu\/#organization"},"image":{"@id":"https:\/\/fotografovanie.eu\/fotografovanie-na-jesen-teple-farby-listie-a-jesenna-atmosfera\/#primaryimage"},"thumbnailUrl":"https:\/\/fotografovanie.eu\/wp-content\/uploads\/2026\/02\/79e3c1807b36ec68ea1564a34fb6dce1bbc46c9fe21ddfcfc7bbc2a156843ad7.webp","keywords":["fotografovanie"],"articleSection":["Fotografovanie"],"inLanguage":"en-GB"},{"@type":"WebPage","@id":"https:\/\/fotografovanie.eu\/fotografovanie-na-jesen-teple-farby-listie-a-jesenna-atmosfera\/","url":"https:\/\/fotografovanie.eu\/fotografovanie-na-jesen-teple-farby-listie-a-jesenna-atmosfera\/","name":"Fotografovanie na jese\u0148 \u2013 tepl\u00e9 farby, l\u00edstie a jesenn\u00e1 atmosf\u00e9ra \u2013 Fotografovanie.eu","isPartOf":{"@id":"https:\/\/fotografovanie.eu\/#website"},"primaryImageOfPage":{"@id":"https:\/\/fotografovanie.eu\/fotografovanie-na-jesen-teple-farby-listie-a-jesenna-atmosfera\/#primaryimage"},"image":{"@id":"https:\/\/fotografovanie.eu\/fotografovanie-na-jesen-teple-farby-listie-a-jesenna-atmosfera\/#primaryimage"},"thumbnailUrl":"https:\/\/fotografovanie.eu\/wp-content\/uploads\/2026\/02\/79e3c1807b36ec68ea1564a34fb6dce1bbc46c9fe21ddfcfc7bbc2a156843ad7.webp","datePublished":"2026-02-19T00:43:10+00:00","dateModified":"2026-02-19T00:43:52+00:00","description":"Fotografovanie na jese\u0148 \u2013 tepl\u00e9 farby, l\u00edstie a jesenn\u00e1 atmosf\u00e9ra | Fotografovanie.eu Fotografovanie na jese\u0148 \u2013 tepl\u00e9 farby, l\u00edstie a jesenn\u00e1 atmosf\u00e9ra Praktick\u00e9 tipy, n\u00e1vody a trendy zo sveta fotografie.Kompletn\u00fd n\u00e1vod na fotografovanie na jese\u0148: tipy na pr\u00e1cu s tepl\u00fdmi farbami, padaj\u00facim l\u00edst\u00edm a zachytenie jesennej atmosf\u00e9ry. Nastavenia, portr\u00e9ty aj krajina.","breadcrumb":{"@id":"https:\/\/fotografovanie.eu\/fotografovanie-na-jesen-teple-farby-listie-a-jesenna-atmosfera\/#breadcrumb"},"inLanguage":"en-GB","potentialAction":[{"@type":"ReadAction","target":["https:\/\/fotografovanie.eu\/fotografovanie-na-jesen-teple-farby-listie-a-jesenna-atmosfera\/"]}]},{"@type":"ImageObject","inLanguage":"en-GB","@id":"https:\/\/fotografovanie.eu\/fotografovanie-na-jesen-teple-farby-listie-a-jesenna-atmosfera\/#primaryimage","url":"https:\/\/fotografovanie.eu\/wp-content\/uploads\/2026\/02\/79e3c1807b36ec68ea1564a34fb6dce1bbc46c9fe21ddfcfc7bbc2a156843ad7.webp","contentUrl":"https:\/\/fotografovanie.eu\/wp-content\/uploads\/2026\/02\/79e3c1807b36ec68ea1564a34fb6dce1bbc46c9fe21ddfcfc7bbc2a156843ad7.webp","width":1536,"height":1024,"caption":"Street portr\u00e9t s dynamikou \u2013 deti alebo rodina v pohybe, zachyten\u00e9 pri rannom svetle"},{"@type":"BreadcrumbList","@id":"https:\/\/fotografovanie.eu\/fotografovanie-na-jesen-teple-farby-listie-a-jesenna-atmosfera\/#breadcrumb","itemListElement":[{"@type":"ListItem","position":1,"name":"Domov","item":"https:\/\/fotografovanie.eu\/"},{"@type":"ListItem","position":2,"name":"Fotografovanie na jese\u0148 \u2013 tepl\u00e9 farby, l\u00edstie a jesenn\u00e1 atmosf\u00e9ra"}]},{"@type":"WebSite","@id":"https:\/\/fotografovanie.eu\/#website","url":"https:\/\/fotografovanie.eu\/","name":"Modern\u00fd magaz\u00edn o fotografii","description":"","publisher":{"@id":"https:\/\/fotografovanie.eu\/#organization"},"potentialAction":[{"@type":"SearchAction","target":{"@type":"EntryPoint","urlTemplate":"https:\/\/fotografovanie.eu\/?s={search_term_string}"},"query-input":{"@type":"PropertyValueSpecification","valueRequired":true,"valueName":"search_term_string"}}],"inLanguage":"en-GB"},{"@type":"Organization","@id":"https:\/\/fotografovanie.eu\/#organization","name":"Fotografovanie.eu","alternateName":"Blog o fotografovan\u00ed","url":"https:\/\/fotografovanie.eu\/","logo":{"@type":"ImageObject","inLanguage":"en-GB","@id":"https:\/\/fotografovanie.eu\/#\/schema\/logo\/image\/","url":"https:\/\/fotografovanie.eu\/wp-content\/uploads\/2026\/01\/cropped-0aaf3e3322a519e411873510629b829197a60c1506f5632424da96c13ebeedf4-2.webp","contentUrl":"https:\/\/fotografovanie.eu\/wp-content\/uploads\/2026\/01\/cropped-0aaf3e3322a519e411873510629b829197a60c1506f5632424da96c13ebeedf4-2.webp","width":85,"height":62,"caption":"Fotografovanie.eu"},"image":{"@id":"https:\/\/fotografovanie.eu\/#\/schema\/logo\/image\/"}},{"@type":"Person","@id":"https:\/\/fotografovanie.eu\/#\/schema\/person\/b61f1c3bde5c2b19f8d96cf591b65d4b","name":"fotograf","image":{"@type":"ImageObject","inLanguage":"en-GB","@id":"https:\/\/secure.gravatar.com\/avatar\/9d9b62d4ef8f95cbb50bd1d4f4d90625767e3c665eec5470448cf0917c71e5a3?s=96&d=mm&r=g","url":"https:\/\/secure.gravatar.com\/avatar\/9d9b62d4ef8f95cbb50bd1d4f4d90625767e3c665eec5470448cf0917c71e5a3?s=96&d=mm&r=g","contentUrl":"https:\/\/secure.gravatar.com\/avatar\/9d9b62d4ef8f95cbb50bd1d4f4d90625767e3c665eec5470448cf0917c71e5a3?s=96&d=mm&r=g","caption":"fotograf"},"url":"https:\/\/fotografovanie.eu\/en\/author\/fotograf\/"}]}},"_links":{"self":[{"href":"https:\/\/fotografovanie.eu\/en\/wp-json\/wp\/v2\/posts\/13464","targetHints":{"allow":["GET"]}}],"collection":[{"href":"https:\/\/fotografovanie.eu\/en\/wp-json\/wp\/v2\/posts"}],"about":[{"href":"https:\/\/fotografovanie.eu\/en\/wp-json\/wp\/v2\/types\/post"}],"author":[{"embeddable":true,"href":"https:\/\/fotografovanie.eu\/en\/wp-json\/wp\/v2\/users\/4"}],"replies":[{"embeddable":true,"href":"https:\/\/fotografovanie.eu\/en\/wp-json\/wp\/v2\/comments?post=13464"}],"version-history":[{"count":0,"href":"https:\/\/fotografovanie.eu\/en\/wp-json\/wp\/v2\/posts\/13464\/revisions"}],"wp:featuredmedia":[{"embeddable":true,"href":"https:\/\/fotografovanie.eu\/en\/wp-json\/wp\/v2\/media\/13011"}],"wp:attachment":[{"href":"https:\/\/fotografovanie.eu\/en\/wp-json\/wp\/v2\/media?parent=13464"}],"wp:term":[{"taxonomy":"category","embeddable":true,"href":"https:\/\/fotografovanie.eu\/en\/wp-json\/wp\/v2\/categories?post=13464"},{"taxonomy":"post_tag","embeddable":true,"href":"https:\/\/fotografovanie.eu\/en\/wp-json\/wp\/v2\/tags?post=13464"}],"curies":[{"name":"wp","href":"https:\/\/api.w.org\/{rel}","templated":true}]}}