{"id":13821,"date":"2026-02-28T16:40:10","date_gmt":"2026-02-28T15:40:10","guid":{"rendered":"https:\/\/fotografovanie.eu\/?p=13821"},"modified":"2026-02-28T16:42:11","modified_gmt":"2026-02-28T15:42:11","slug":"teleobjektivy-a-detske-fotenie-kedy-ich-pouzit-a-preco-menia-cely-pribeh","status":"publish","type":"post","link":"https:\/\/fotografovanie.eu\/en\/teleobjektivy-a-detske-fotenie-kedy-ich-pouzit-a-preco-menia-cely-pribeh\/","title":{"rendered":"Teleobjekt\u00edvy a detsk\u00e9 fotenie: Kedy ich pou\u017ei\u0165 a pre\u010do menia cel\u00fd pr\u00edbeh"},"content":{"rendered":"<p><body><\/p>\n<link href=\"https:\/\/cdnjs.cloudflare.com\/ajax\/libs\/lightbox2\/2.11.3\/css\/lightbox.min.css\" rel=\"stylesheet\">\n<script src=\"https:\/\/cdnjs.cloudflare.com\/ajax\/libs\/lightbox2\/2.11.3\/js\/lightbox.min.js\"><\/script><\/p>\n<style>\n.content-wrapper{max-width:800px;margin:0 auto;}\n.story-intro{font-size:1.15em;margin:25px 0;}\n.toc{background:#f5f5f5;padding:22px;border-radius:14px;margin:30px 0;}\n.mistake-box{background:#fff3e0;border-left:6px solid #ff9800;padding:22px;border-radius:14px;margin:30px 0;}\n.solution-box{background:#e8f5e9;border-left:6px solid #4caf50;padding:22px;border-radius:14px;margin:30px 0;}\n.explanation-box{background:#e3f2fd;border-left:6px solid #2196f3;padding:22px;border-radius:14px;margin:30px 0;}\n.warning-box{background:#ffebee;border-left:6px solid #f44336;padding:22px;border-radius:14px;margin:30px 0;}\n.pro-tip{background:#ede7f6;color:#4a148c;padding:22px;border-radius:14px;margin:30px 0;}\n.carousel{display:flex;gap:16px;overflow-x:auto;scroll-snap-type:x mandatory;margin:30px 0;}\n.carousel figure{min-width:260px;scroll-snap-align:start;margin:0;}\n.carousel img{width:100%;border-radius:16px;}\n.cta-box{background:#f0f4ff;padding:42px 26px;text-align:center;border-radius:18px;margin:60px 0;}\n.btn{display:inline-block;background:#ff9800;color:#fff !important;padding:12px 22px;border-radius:999px;text-decoration:none;font-weight:800;margin-top:14px;}\n<\/style>\n<p><main class=\"content-wrapper\"><\/p>\n<h1>Teleobjekt\u00edvy a detsk\u00e9 fotenie: Kedy ich pou\u017ei\u0165 a pre\u010do menia pr\u00edbeh<\/h1>\n<div class=\"story-intro\">\nV\u00e4\u010d\u0161ina rodi\u010dov aj za\u010d\u00ednaj\u00facich fotografov siaha po 35 mm alebo 50 mm. Teleobjekt\u00edv zost\u00e1va doma. A pritom pr\u00e1ve dlh\u0161ie ohnisko m\u00f4\u017ee vytvori\u0165 jedny z najsilnej\u0161\u00edch detsk\u00fdch portr\u00e9tov \u2013 bez stresu, bez vyru\u0161ovania a s n\u00e1dhernou kompresiou pozadia.\n<\/div>\n<div class=\"toc\">\n<ul>\n<li>\u010co je teleobjekt\u00edv a pre\u010do je in\u00fd<\/li>\n<li>Portr\u00e9ty det\u00ed z dia\u013eky<\/li>\n<li>Teleobjekt\u00edv pri pohybe<\/li>\n<li>Kompresia a izol\u00e1cia<\/li>\n<li>V\u00fdhody a nev\u00fdhody<\/li>\n<li>Re\u00e1lne scen\u00e1re z praxe<\/li>\n<li>FAQ<\/li>\n<\/ul>\n<\/div>\n<h2>\u010co je teleobjekt\u00edv?<\/h2>\n<p>\nZa teleobjekt\u00edv pova\u017eujeme ohnisk\u00e1 pribli\u017ene od 85 mm vy\u0161\u0161ie. Naj\u010dastej\u0161ie pou\u017e\u00edvan\u00e9 pri detskom foten\u00ed s\u00fa 85 mm, 105 mm alebo 70-200 mm zoom.\n<\/p>\n<div class=\"solution-box\">\nTeleobjekt\u00edv:<\/p>\n<ul>\n<li>komprimuje priestor<\/li>\n<li>izoluje subjekt<\/li>\n<li>umo\u017e\u0148uje fotografova\u0165 z v\u00e4\u010d\u0161ej vzdialenosti<\/li>\n<\/ul>\n<\/div>\n<h2>Portr\u00e9ty det\u00ed bez vyru\u0161ovania<\/h2>\n<p>\nKe\u010f stoj\u00ed\u0161 \u010falej, deti zabudn\u00fa na fotoapar\u00e1t. A pr\u00e1ve vtedy vznikaj\u00fa najprirodzenej\u0161ie momenty.\n<\/p>\n<div class=\"carousel\">\n<figure>\n<a href=\"https:\/\/fotografovanie.eu\/wp-content\/uploads\/2026\/02\/5df36548e2af48ddc9942c9bce0541ba8bcedb7c69899a22ac69fbfe6bc674e3.webp\" data-lightbox=\"galeria\"><br \/>\n<img decoding=\"async\" src=\"https:\/\/fotografovanie.eu\/wp-content\/uploads\/2026\/02\/5df36548e2af48ddc9942c9bce0541ba8bcedb7c69899a22ac69fbfe6bc674e3.webp\" alt=\"Portr\u00e9t die\u0165a\u0165a fotografovan\u00fd teleobjekt\u00edvom s v\u00fdrazn\u00fdm rozostren\u00edm pozadia\"><br \/>\n<\/a><figcaption>Teleobjekt\u00edv umo\u017e\u0148uje prirodzen\u00fd portr\u00e9t bez zasahovania do priestoru.<\/figcaption><\/figure>\n<\/div>\n<h2>Teleobjekt\u00edv pri pohybe det\u00ed<\/h2>\n<p>\nNa ihrisku alebo pri \u0161porte je dlh\u0161ie ohnisko extr\u00e9mne u\u017eito\u010dn\u00e9.\n<\/p>\n<div class=\"solution-box\">\nPou\u017e\u00edvaj:<\/p>\n<ul>\n<li>AF-C<\/li>\n<li>1\/800s a viac<\/li>\n<li>S\u00e9riov\u00e9 sn\u00edmanie<\/li>\n<\/ul>\n<\/div>\n<div class=\"carousel\">\n<figure>\n<a href=\"https:\/\/fotografovanie.eu\/wp-content\/uploads\/2026\/02\/91bb4da0fd9f9decefa55db560fcdd2ac7cb7bff732e55cda99fad9e3a092b07.webp\" data-lightbox=\"galeria\"><br \/>\n<img decoding=\"async\" src=\"https:\/\/fotografovanie.eu\/wp-content\/uploads\/2026\/02\/91bb4da0fd9f9decefa55db560fcdd2ac7cb7bff732e55cda99fad9e3a092b07.webp\" alt=\"Die\u0165a v pohybe fotografovan\u00e9 teleobjekt\u00edvom\"><br \/>\n<\/a><figcaption>Teleobjekt\u00edv zachyt\u00ed akciu bez vstupovania do sc\u00e9ny.<\/figcaption><\/figure>\n<\/div>\n<h2>Kompresia priestoru<\/h2>\n<p>\nTeleobjekt\u00edv opticky \u201cstla\u010d\u00ed\u201d pozadie bli\u017e\u0161ie k subjektu. Stromy, budovy \u010di svetl\u00e1 p\u00f4sobia v\u00e4\u010d\u0161ie a dramatickej\u0161ie.\n<\/p>\n<div class=\"carousel\">\n<figure>\n<a href=\"https:\/\/fotografovanie.eu\/wp-content\/uploads\/2026\/02\/3795d080a5f53b0a07cf6b94b3a8feda4763f8d3057d4f178deaa9f5107c4d6b.webp\" data-lightbox=\"galeria\"><br \/>\n<img decoding=\"async\" src=\"https:\/\/fotografovanie.eu\/wp-content\/uploads\/2026\/02\/3795d080a5f53b0a07cf6b94b3a8feda4763f8d3057d4f178deaa9f5107c4d6b.webp\" alt=\"Rodinn\u00fd portr\u00e9t s kompresiou priestoru teleobjekt\u00edvom\"><br \/>\n<\/a><figcaption>Kompresia vytv\u00e1ra profesion\u00e1lny vzh\u013ead.<\/figcaption><\/figure>\n<\/div>\n<h2>V\u00fdhody a nev\u00fdhody<\/h2>\n<div class=\"solution-box\">\n<strong>V\u00fdhody:<\/strong><\/p>\n<ul>\n<li>n\u00e1dhern\u00fd bokeh<\/li>\n<li>int\u00edmny portr\u00e9t<\/li>\n<li>prirodzen\u00e9 spr\u00e1vanie det\u00ed<\/li>\n<\/ul>\n<\/div>\n<div class=\"warning-box\">\n<strong>Nev\u00fdhody:<\/strong><\/p>\n<ul>\n<li>potreba v\u00e4\u010d\u0161ieho priestoru<\/li>\n<li>vy\u0161\u0161ia hmotnos\u0165 objekt\u00edvu<\/li>\n<li>\u0165a\u017e\u0161ie pou\u017eitie v malom interi\u00e9ri<\/li>\n<\/ul>\n<\/div>\n<h2>Re\u00e1lne scen\u00e1re z praxe<\/h2>\n<p>\nPri rodinnom foten\u00ed za\u010d\u00ednam 50 mm, prech\u00e1dzam na 85 mm a ke\u010f chcem dramatick\u00fd portr\u00e9t bez vyru\u0161ovania, siaham po 135 mm.\n<\/p>\n<div class=\"pro-tip\">\nAk e\u0161te v\u00e1ha\u0161 medzi 85 mm a 50 mm, pre\u010d\u00edtaj si:<br \/>\n<a href=\"https:\/\/fotografovanie.eu\/en\/85-mm-vs-50-mm-ktory-objektiv-je-lepsi-pre-portretnu-hlbku-a-rodinne-fotenie\/\">85 mm vs 50 mm<\/a>.\n<\/div>\n<h2>FAQ<\/h2>\n<details>\n<summary>Je teleobjekt\u00edv vhodn\u00fd do bytu?<\/summary>\n<p>Vo v\u00e4\u010d\u0161ine pr\u00edpadov nie, potrebuje\u0161 viac priestoru.<\/p>\n<\/details>\n<details>\n<summary>Je 70-200 mm lep\u0161\u00ed ne\u017e pevn\u00e1 85 mm?<\/summary>\n<p>Je univerz\u00e1lnej\u0161\u00ed, ale pevn\u00e9 skl\u00e1 b\u00fdvaj\u00fa svetelnej\u0161ie.<\/p>\n<\/details>\n<details>\n<summary>Je teleobjekt\u00edv vhodn\u00fd pre za\u010diato\u010dn\u00edkov?<\/summary>\n<p>\u00c1no, ak pochopia vzdialenos\u0165 a kompresiu priestoru.<\/p>\n<\/details>\n<div class=\"cta-box\">\n<h2>Chce\u0161 zvl\u00e1dnu\u0165 v\u00fdber objekt\u00edvu raz a nav\u017edy?<\/h2>\n<p>Prejdi si kompletn\u00fd objekt\u00edvov\u00fd sprievodca a vyber spr\u00e1vne ohnisko pre ka\u017ed\u00fa situ\u00e1ciu.<\/p>\n<p><a class=\"btn\" href=\"https:\/\/fotografovanie.eu\/en\/35-mm-alebo-50-mm-ktory-objektiv-je-lepsi-na-portret-street-a-kazdodenne-fotenie\/\">Prejs\u0165 na hlavn\u00fd objekt\u00edvov\u00fd hub<\/a>\n<\/div>\n<p><\/main><\/p>\n<p><\/body><\/p>","protected":false},"excerpt":{"rendered":"<p>Teleobjekt\u00edvy a detsk\u00e9 fotenie: Kedy ich pou\u017ei\u0165 a pre\u010do menia pr\u00edbeh V\u00e4\u010d\u0161ina rodi\u010dov aj za\u010d\u00ednaj\u00facich fotografov siaha po 35 mm alebo 50 mm. Teleobjekt\u00edv zost\u00e1va doma. A pritom pr\u00e1ve dlh\u0161ie ohnisko m\u00f4\u017ee vytvori\u0165 jedny z najsilnej\u0161\u00edch detsk\u00fdch portr\u00e9tov \u2013 bez stresu, bez vyru\u0161ovania a s n\u00e1dhernou kompresiou pozadia. \u010co je teleobjekt\u00edv a pre\u010do je in\u00fd [&#8230;]\n","protected":false},"author":4,"featured_media":12698,"comment_status":"closed","ping_status":"closed","sticky":false,"template":"","format":"standard","meta":{"footnotes":""},"categories":[5],"tags":[93],"class_list":["post-13821","post","type-post","status-publish","format-standard","has-post-thumbnail","hentry","category-fotografovanie","tag-fotografovanie"],"yoast_head":"<!-- This site is optimized with the Yoast SEO plugin v27.4 - https:\/\/yoast.com\/product\/yoast-seo-wordpress\/ -->\n<title>Teleobjekt\u00edvy a detsk\u00e9 fotenie: Kedy ich pou\u017ei\u0165 a pre\u010do menia cel\u00fd pr\u00edbeh \u2013 Fotografovanie.eu<\/title>\n<meta name=\"description\" content=\"Teleobjekt\u00edvy a detsk\u00e9 fotenie: Kedy ich pou\u017ei\u0165 a pre\u010do menia pr\u00edbeh V\u00e4\u010d\u0161ina rodi\u010dov aj za\u010d\u00ednaj\u00facich fotografov siaha po 35 mm alebo 50 mm. Teleobjekt\u00edv Praktick\u00e9 tipy, n\u00e1vody a trendy zo sveta fotografie. Ako pou\u017ei\u0165 teleobjekt\u00edv pri foten\u00ed det\u00ed? V\u00fdhody, nev\u00fdhody, kompresia priestoru, portr\u00e9ty aj pohybov\u00e9 sc\u00e9ny z re\u00e1lnej praxe.\" \/>\n<meta name=\"robots\" content=\"index, follow, max-snippet:-1, max-image-preview:large, max-video-preview:-1\" \/>\n<link rel=\"canonical\" href=\"https:\/\/fotografovanie.eu\/en\/teleobjektivy-a-detske-fotenie-kedy-ich-pouzit-a-preco-menia-cely-pribeh\/\" \/>\n<meta property=\"og:locale\" content=\"en_GB\" \/>\n<meta property=\"og:type\" content=\"article\" \/>\n<meta property=\"og:title\" content=\"Teleobjekt\u00edvy a detsk\u00e9 fotenie: Kedy ich pou\u017ei\u0165 a pre\u010do menia cel\u00fd pr\u00edbeh \u2013 Fotografovanie.eu\" \/>\n<meta property=\"og:description\" content=\"Teleobjekt\u00edvy a detsk\u00e9 fotenie: Kedy ich pou\u017ei\u0165 a pre\u010do menia pr\u00edbeh V\u00e4\u010d\u0161ina rodi\u010dov aj za\u010d\u00ednaj\u00facich fotografov siaha po 35 mm alebo 50 mm. Teleobjekt\u00edv Praktick\u00e9 tipy, n\u00e1vody a trendy zo sveta fotografie. Ako pou\u017ei\u0165 teleobjekt\u00edv pri foten\u00ed det\u00ed? V\u00fdhody, nev\u00fdhody, kompresia priestoru, portr\u00e9ty aj pohybov\u00e9 sc\u00e9ny z re\u00e1lnej praxe.\" \/>\n<meta property=\"og:url\" content=\"https:\/\/fotografovanie.eu\/en\/teleobjektivy-a-detske-fotenie-kedy-ich-pouzit-a-preco-menia-cely-pribeh\/\" \/>\n<meta property=\"og:site_name\" content=\"Modern\u00fd magaz\u00edn o fotografii\" \/>\n<meta property=\"article:published_time\" content=\"2026-02-28T15:40:10+00:00\" \/>\n<meta property=\"article:modified_time\" content=\"2026-02-28T15:42:11+00:00\" \/>\n<meta property=\"og:image\" content=\"https:\/\/fotografovanie.eu\/wp-content\/uploads\/2026\/02\/8be2a44e18176a5f937152eaef19af99d40f0cdf5d68b98385898f725086e0a1.jpg\" \/>\n\t<meta property=\"og:image:width\" content=\"1024\" \/>\n\t<meta property=\"og:image:height\" content=\"1536\" \/>\n\t<meta property=\"og:image:type\" content=\"image\/jpeg\" \/>\n<meta name=\"author\" content=\"fotograf\" \/>\n<meta name=\"twitter:card\" content=\"summary_large_image\" \/>\n<meta name=\"twitter:label1\" content=\"Written by\" \/>\n\t<meta name=\"twitter:data1\" content=\"fotograf\" \/>\n\t<meta name=\"twitter:label2\" content=\"Estimated reading time\" \/>\n\t<meta name=\"twitter:data2\" content=\"3 minutes\" \/>\n<script type=\"application\/ld+json\" class=\"yoast-schema-graph\">{\"@context\":\"https:\\\/\\\/schema.org\",\"@graph\":[{\"@type\":\"Article\",\"@id\":\"https:\\\/\\\/fotografovanie.eu\\\/teleobjektivy-a-detske-fotenie-kedy-ich-pouzit-a-preco-menia-cely-pribeh\\\/#article\",\"isPartOf\":{\"@id\":\"https:\\\/\\\/fotografovanie.eu\\\/teleobjektivy-a-detske-fotenie-kedy-ich-pouzit-a-preco-menia-cely-pribeh\\\/\"},\"author\":{\"name\":\"fotograf\",\"@id\":\"https:\\\/\\\/fotografovanie.eu\\\/#\\\/schema\\\/person\\\/b61f1c3bde5c2b19f8d96cf591b65d4b\"},\"headline\":\"Teleobjekt\u00edvy a detsk\u00e9 fotenie: Kedy ich pou\u017ei\u0165 a pre\u010do menia cel\u00fd pr\u00edbeh\",\"datePublished\":\"2026-02-28T15:40:10+00:00\",\"dateModified\":\"2026-02-28T15:42:11+00:00\",\"mainEntityOfPage\":{\"@id\":\"https:\\\/\\\/fotografovanie.eu\\\/teleobjektivy-a-detske-fotenie-kedy-ich-pouzit-a-preco-menia-cely-pribeh\\\/\"},\"wordCount\":420,\"publisher\":{\"@id\":\"https:\\\/\\\/fotografovanie.eu\\\/#organization\"},\"image\":{\"@id\":\"https:\\\/\\\/fotografovanie.eu\\\/teleobjektivy-a-detske-fotenie-kedy-ich-pouzit-a-preco-menia-cely-pribeh\\\/#primaryimage\"},\"thumbnailUrl\":\"https:\\\/\\\/fotografovanie.eu\\\/wp-content\\\/uploads\\\/2026\\\/02\\\/8be2a44e18176a5f937152eaef19af99d40f0cdf5d68b98385898f725086e0a1.webp\",\"keywords\":[\"fotografovanie\"],\"articleSection\":[\"Fotografovanie\"],\"inLanguage\":\"en-GB\"},{\"@type\":\"WebPage\",\"@id\":\"https:\\\/\\\/fotografovanie.eu\\\/teleobjektivy-a-detske-fotenie-kedy-ich-pouzit-a-preco-menia-cely-pribeh\\\/\",\"url\":\"https:\\\/\\\/fotografovanie.eu\\\/teleobjektivy-a-detske-fotenie-kedy-ich-pouzit-a-preco-menia-cely-pribeh\\\/\",\"name\":\"Teleobjekt\u00edvy a detsk\u00e9 fotenie: Kedy ich pou\u017ei\u0165 a pre\u010do menia cel\u00fd pr\u00edbeh \u2013 Fotografovanie.eu\",\"isPartOf\":{\"@id\":\"https:\\\/\\\/fotografovanie.eu\\\/#website\"},\"primaryImageOfPage\":{\"@id\":\"https:\\\/\\\/fotografovanie.eu\\\/teleobjektivy-a-detske-fotenie-kedy-ich-pouzit-a-preco-menia-cely-pribeh\\\/#primaryimage\"},\"image\":{\"@id\":\"https:\\\/\\\/fotografovanie.eu\\\/teleobjektivy-a-detske-fotenie-kedy-ich-pouzit-a-preco-menia-cely-pribeh\\\/#primaryimage\"},\"thumbnailUrl\":\"https:\\\/\\\/fotografovanie.eu\\\/wp-content\\\/uploads\\\/2026\\\/02\\\/8be2a44e18176a5f937152eaef19af99d40f0cdf5d68b98385898f725086e0a1.webp\",\"datePublished\":\"2026-02-28T15:40:10+00:00\",\"dateModified\":\"2026-02-28T15:42:11+00:00\",\"description\":\"Teleobjekt\u00edvy a detsk\u00e9 fotenie: Kedy ich pou\u017ei\u0165 a pre\u010do menia pr\u00edbeh V\u00e4\u010d\u0161ina rodi\u010dov aj za\u010d\u00ednaj\u00facich fotografov siaha po 35 mm alebo 50 mm. Teleobjekt\u00edv Praktick\u00e9 tipy, n\u00e1vody a trendy zo sveta fotografie. Ako pou\u017ei\u0165 teleobjekt\u00edv pri foten\u00ed det\u00ed? V\u00fdhody, nev\u00fdhody, kompresia priestoru, portr\u00e9ty aj pohybov\u00e9 sc\u00e9ny z re\u00e1lnej praxe.\",\"breadcrumb\":{\"@id\":\"https:\\\/\\\/fotografovanie.eu\\\/teleobjektivy-a-detske-fotenie-kedy-ich-pouzit-a-preco-menia-cely-pribeh\\\/#breadcrumb\"},\"inLanguage\":\"en-GB\",\"potentialAction\":[{\"@type\":\"ReadAction\",\"target\":[\"https:\\\/\\\/fotografovanie.eu\\\/teleobjektivy-a-detske-fotenie-kedy-ich-pouzit-a-preco-menia-cely-pribeh\\\/\"]}]},{\"@type\":\"ImageObject\",\"inLanguage\":\"en-GB\",\"@id\":\"https:\\\/\\\/fotografovanie.eu\\\/teleobjektivy-a-detske-fotenie-kedy-ich-pouzit-a-preco-menia-cely-pribeh\\\/#primaryimage\",\"url\":\"https:\\\/\\\/fotografovanie.eu\\\/wp-content\\\/uploads\\\/2026\\\/02\\\/8be2a44e18176a5f937152eaef19af99d40f0cdf5d68b98385898f725086e0a1.webp\",\"contentUrl\":\"https:\\\/\\\/fotografovanie.eu\\\/wp-content\\\/uploads\\\/2026\\\/02\\\/8be2a44e18176a5f937152eaef19af99d40f0cdf5d68b98385898f725086e0a1.webp\",\"width\":1024,\"height\":1536,\"caption\":\"Fotograf zachyt\u00e1va dve deti, ktor\u00e9 sa hraj\u00fa vonku pri foten\u00ed v pohybe, deti sa usmievaj\u00fa a te\u0161ia, prirodzen\u00e9 svetlo, farebn\u00e9 oble\u010denie, dynamick\u00e1 a \u017eiv\u00e1 sc\u00e9na s rodi\u010dmi v pozad\u00ed.\"},{\"@type\":\"BreadcrumbList\",\"@id\":\"https:\\\/\\\/fotografovanie.eu\\\/teleobjektivy-a-detske-fotenie-kedy-ich-pouzit-a-preco-menia-cely-pribeh\\\/#breadcrumb\",\"itemListElement\":[{\"@type\":\"ListItem\",\"position\":1,\"name\":\"Domov\",\"item\":\"https:\\\/\\\/fotografovanie.eu\\\/\"},{\"@type\":\"ListItem\",\"position\":2,\"name\":\"Teleobjekt\u00edvy a detsk\u00e9 fotenie: Kedy ich pou\u017ei\u0165 a pre\u010do menia cel\u00fd pr\u00edbeh\"}]},{\"@type\":\"WebSite\",\"@id\":\"https:\\\/\\\/fotografovanie.eu\\\/#website\",\"url\":\"https:\\\/\\\/fotografovanie.eu\\\/\",\"name\":\"Modern\u00fd magaz\u00edn o fotografii\",\"description\":\"\",\"publisher\":{\"@id\":\"https:\\\/\\\/fotografovanie.eu\\\/#organization\"},\"potentialAction\":[{\"@type\":\"SearchAction\",\"target\":{\"@type\":\"EntryPoint\",\"urlTemplate\":\"https:\\\/\\\/fotografovanie.eu\\\/?s={search_term_string}\"},\"query-input\":{\"@type\":\"PropertyValueSpecification\",\"valueRequired\":true,\"valueName\":\"search_term_string\"}}],\"inLanguage\":\"en-GB\"},{\"@type\":\"Organization\",\"@id\":\"https:\\\/\\\/fotografovanie.eu\\\/#organization\",\"name\":\"Fotografovanie.eu\",\"alternateName\":\"Blog o fotografovan\u00ed\",\"url\":\"https:\\\/\\\/fotografovanie.eu\\\/\",\"logo\":{\"@type\":\"ImageObject\",\"inLanguage\":\"en-GB\",\"@id\":\"https:\\\/\\\/fotografovanie.eu\\\/#\\\/schema\\\/logo\\\/image\\\/\",\"url\":\"https:\\\/\\\/fotografovanie.eu\\\/wp-content\\\/uploads\\\/2026\\\/01\\\/cropped-0aaf3e3322a519e411873510629b829197a60c1506f5632424da96c13ebeedf4-2.webp\",\"contentUrl\":\"https:\\\/\\\/fotografovanie.eu\\\/wp-content\\\/uploads\\\/2026\\\/01\\\/cropped-0aaf3e3322a519e411873510629b829197a60c1506f5632424da96c13ebeedf4-2.webp\",\"width\":85,\"height\":62,\"caption\":\"Fotografovanie.eu\"},\"image\":{\"@id\":\"https:\\\/\\\/fotografovanie.eu\\\/#\\\/schema\\\/logo\\\/image\\\/\"}},{\"@type\":\"Person\",\"@id\":\"https:\\\/\\\/fotografovanie.eu\\\/#\\\/schema\\\/person\\\/b61f1c3bde5c2b19f8d96cf591b65d4b\",\"name\":\"fotograf\",\"image\":{\"@type\":\"ImageObject\",\"inLanguage\":\"en-GB\",\"@id\":\"https:\\\/\\\/secure.gravatar.com\\\/avatar\\\/9d9b62d4ef8f95cbb50bd1d4f4d90625767e3c665eec5470448cf0917c71e5a3?s=96&d=mm&r=g\",\"url\":\"https:\\\/\\\/secure.gravatar.com\\\/avatar\\\/9d9b62d4ef8f95cbb50bd1d4f4d90625767e3c665eec5470448cf0917c71e5a3?s=96&d=mm&r=g\",\"contentUrl\":\"https:\\\/\\\/secure.gravatar.com\\\/avatar\\\/9d9b62d4ef8f95cbb50bd1d4f4d90625767e3c665eec5470448cf0917c71e5a3?s=96&d=mm&r=g\",\"caption\":\"fotograf\"},\"url\":\"https:\\\/\\\/fotografovanie.eu\\\/en\\\/author\\\/fotograf\\\/\"}]}<\/script>\n<!-- \/ Yoast SEO plugin. -->","yoast_head_json":{"title":"Teleobjekt\u00edvy a detsk\u00e9 fotenie: Kedy ich pou\u017ei\u0165 a pre\u010do menia cel\u00fd pr\u00edbeh \u2013 Fotografovanie.eu","description":"Teleobjekt\u00edvy a detsk\u00e9 fotenie: Kedy ich pou\u017ei\u0165 a pre\u010do menia pr\u00edbeh V\u00e4\u010d\u0161ina rodi\u010dov aj za\u010d\u00ednaj\u00facich fotografov siaha po 35 mm alebo 50 mm. Teleobjekt\u00edv Praktick\u00e9 tipy, n\u00e1vody a trendy zo sveta fotografie. Ako pou\u017ei\u0165 teleobjekt\u00edv pri foten\u00ed det\u00ed? V\u00fdhody, nev\u00fdhody, kompresia priestoru, portr\u00e9ty aj pohybov\u00e9 sc\u00e9ny z re\u00e1lnej praxe.","robots":{"index":"index","follow":"follow","max-snippet":"max-snippet:-1","max-image-preview":"max-image-preview:large","max-video-preview":"max-video-preview:-1"},"canonical":"https:\/\/fotografovanie.eu\/en\/teleobjektivy-a-detske-fotenie-kedy-ich-pouzit-a-preco-menia-cely-pribeh\/","og_locale":"en_GB","og_type":"article","og_title":"Teleobjekt\u00edvy a detsk\u00e9 fotenie: Kedy ich pou\u017ei\u0165 a pre\u010do menia cel\u00fd pr\u00edbeh \u2013 Fotografovanie.eu","og_description":"Teleobjekt\u00edvy a detsk\u00e9 fotenie: Kedy ich pou\u017ei\u0165 a pre\u010do menia pr\u00edbeh V\u00e4\u010d\u0161ina rodi\u010dov aj za\u010d\u00ednaj\u00facich fotografov siaha po 35 mm alebo 50 mm. Teleobjekt\u00edv Praktick\u00e9 tipy, n\u00e1vody a trendy zo sveta fotografie. Ako pou\u017ei\u0165 teleobjekt\u00edv pri foten\u00ed det\u00ed? V\u00fdhody, nev\u00fdhody, kompresia priestoru, portr\u00e9ty aj pohybov\u00e9 sc\u00e9ny z re\u00e1lnej praxe.","og_url":"https:\/\/fotografovanie.eu\/en\/teleobjektivy-a-detske-fotenie-kedy-ich-pouzit-a-preco-menia-cely-pribeh\/","og_site_name":"Modern\u00fd magaz\u00edn o fotografii","article_published_time":"2026-02-28T15:40:10+00:00","article_modified_time":"2026-02-28T15:42:11+00:00","og_image":[{"width":1024,"height":1536,"url":"https:\/\/fotografovanie.eu\/wp-content\/uploads\/2026\/02\/8be2a44e18176a5f937152eaef19af99d40f0cdf5d68b98385898f725086e0a1.jpg","type":"image\/jpeg"}],"author":"fotograf","twitter_card":"summary_large_image","twitter_misc":{"Written by":"fotograf","Estimated reading time":"3 minutes"},"schema":{"@context":"https:\/\/schema.org","@graph":[{"@type":"Article","@id":"https:\/\/fotografovanie.eu\/teleobjektivy-a-detske-fotenie-kedy-ich-pouzit-a-preco-menia-cely-pribeh\/#article","isPartOf":{"@id":"https:\/\/fotografovanie.eu\/teleobjektivy-a-detske-fotenie-kedy-ich-pouzit-a-preco-menia-cely-pribeh\/"},"author":{"name":"fotograf","@id":"https:\/\/fotografovanie.eu\/#\/schema\/person\/b61f1c3bde5c2b19f8d96cf591b65d4b"},"headline":"Teleobjekt\u00edvy a detsk\u00e9 fotenie: Kedy ich pou\u017ei\u0165 a pre\u010do menia cel\u00fd pr\u00edbeh","datePublished":"2026-02-28T15:40:10+00:00","dateModified":"2026-02-28T15:42:11+00:00","mainEntityOfPage":{"@id":"https:\/\/fotografovanie.eu\/teleobjektivy-a-detske-fotenie-kedy-ich-pouzit-a-preco-menia-cely-pribeh\/"},"wordCount":420,"publisher":{"@id":"https:\/\/fotografovanie.eu\/#organization"},"image":{"@id":"https:\/\/fotografovanie.eu\/teleobjektivy-a-detske-fotenie-kedy-ich-pouzit-a-preco-menia-cely-pribeh\/#primaryimage"},"thumbnailUrl":"https:\/\/fotografovanie.eu\/wp-content\/uploads\/2026\/02\/8be2a44e18176a5f937152eaef19af99d40f0cdf5d68b98385898f725086e0a1.webp","keywords":["fotografovanie"],"articleSection":["Fotografovanie"],"inLanguage":"en-GB"},{"@type":"WebPage","@id":"https:\/\/fotografovanie.eu\/teleobjektivy-a-detske-fotenie-kedy-ich-pouzit-a-preco-menia-cely-pribeh\/","url":"https:\/\/fotografovanie.eu\/teleobjektivy-a-detske-fotenie-kedy-ich-pouzit-a-preco-menia-cely-pribeh\/","name":"Teleobjekt\u00edvy a detsk\u00e9 fotenie: Kedy ich pou\u017ei\u0165 a pre\u010do menia cel\u00fd pr\u00edbeh \u2013 Fotografovanie.eu","isPartOf":{"@id":"https:\/\/fotografovanie.eu\/#website"},"primaryImageOfPage":{"@id":"https:\/\/fotografovanie.eu\/teleobjektivy-a-detske-fotenie-kedy-ich-pouzit-a-preco-menia-cely-pribeh\/#primaryimage"},"image":{"@id":"https:\/\/fotografovanie.eu\/teleobjektivy-a-detske-fotenie-kedy-ich-pouzit-a-preco-menia-cely-pribeh\/#primaryimage"},"thumbnailUrl":"https:\/\/fotografovanie.eu\/wp-content\/uploads\/2026\/02\/8be2a44e18176a5f937152eaef19af99d40f0cdf5d68b98385898f725086e0a1.webp","datePublished":"2026-02-28T15:40:10+00:00","dateModified":"2026-02-28T15:42:11+00:00","description":"Teleobjekt\u00edvy a detsk\u00e9 fotenie: Kedy ich pou\u017ei\u0165 a pre\u010do menia pr\u00edbeh V\u00e4\u010d\u0161ina rodi\u010dov aj za\u010d\u00ednaj\u00facich fotografov siaha po 35 mm alebo 50 mm. Teleobjekt\u00edv Praktick\u00e9 tipy, n\u00e1vody a trendy zo sveta fotografie. Ako pou\u017ei\u0165 teleobjekt\u00edv pri foten\u00ed det\u00ed? V\u00fdhody, nev\u00fdhody, kompresia priestoru, portr\u00e9ty aj pohybov\u00e9 sc\u00e9ny z re\u00e1lnej praxe.","breadcrumb":{"@id":"https:\/\/fotografovanie.eu\/teleobjektivy-a-detske-fotenie-kedy-ich-pouzit-a-preco-menia-cely-pribeh\/#breadcrumb"},"inLanguage":"en-GB","potentialAction":[{"@type":"ReadAction","target":["https:\/\/fotografovanie.eu\/teleobjektivy-a-detske-fotenie-kedy-ich-pouzit-a-preco-menia-cely-pribeh\/"]}]},{"@type":"ImageObject","inLanguage":"en-GB","@id":"https:\/\/fotografovanie.eu\/teleobjektivy-a-detske-fotenie-kedy-ich-pouzit-a-preco-menia-cely-pribeh\/#primaryimage","url":"https:\/\/fotografovanie.eu\/wp-content\/uploads\/2026\/02\/8be2a44e18176a5f937152eaef19af99d40f0cdf5d68b98385898f725086e0a1.webp","contentUrl":"https:\/\/fotografovanie.eu\/wp-content\/uploads\/2026\/02\/8be2a44e18176a5f937152eaef19af99d40f0cdf5d68b98385898f725086e0a1.webp","width":1024,"height":1536,"caption":"Fotograf zachyt\u00e1va dve deti, ktor\u00e9 sa hraj\u00fa vonku pri foten\u00ed v pohybe, deti sa usmievaj\u00fa a te\u0161ia, prirodzen\u00e9 svetlo, farebn\u00e9 oble\u010denie, dynamick\u00e1 a \u017eiv\u00e1 sc\u00e9na s rodi\u010dmi v pozad\u00ed."},{"@type":"BreadcrumbList","@id":"https:\/\/fotografovanie.eu\/teleobjektivy-a-detske-fotenie-kedy-ich-pouzit-a-preco-menia-cely-pribeh\/#breadcrumb","itemListElement":[{"@type":"ListItem","position":1,"name":"Domov","item":"https:\/\/fotografovanie.eu\/"},{"@type":"ListItem","position":2,"name":"Teleobjekt\u00edvy a detsk\u00e9 fotenie: Kedy ich pou\u017ei\u0165 a pre\u010do menia cel\u00fd pr\u00edbeh"}]},{"@type":"WebSite","@id":"https:\/\/fotografovanie.eu\/#website","url":"https:\/\/fotografovanie.eu\/","name":"Modern\u00fd magaz\u00edn o fotografii","description":"","publisher":{"@id":"https:\/\/fotografovanie.eu\/#organization"},"potentialAction":[{"@type":"SearchAction","target":{"@type":"EntryPoint","urlTemplate":"https:\/\/fotografovanie.eu\/?s={search_term_string}"},"query-input":{"@type":"PropertyValueSpecification","valueRequired":true,"valueName":"search_term_string"}}],"inLanguage":"en-GB"},{"@type":"Organization","@id":"https:\/\/fotografovanie.eu\/#organization","name":"Fotografovanie.eu","alternateName":"Blog o fotografovan\u00ed","url":"https:\/\/fotografovanie.eu\/","logo":{"@type":"ImageObject","inLanguage":"en-GB","@id":"https:\/\/fotografovanie.eu\/#\/schema\/logo\/image\/","url":"https:\/\/fotografovanie.eu\/wp-content\/uploads\/2026\/01\/cropped-0aaf3e3322a519e411873510629b829197a60c1506f5632424da96c13ebeedf4-2.webp","contentUrl":"https:\/\/fotografovanie.eu\/wp-content\/uploads\/2026\/01\/cropped-0aaf3e3322a519e411873510629b829197a60c1506f5632424da96c13ebeedf4-2.webp","width":85,"height":62,"caption":"Fotografovanie.eu"},"image":{"@id":"https:\/\/fotografovanie.eu\/#\/schema\/logo\/image\/"}},{"@type":"Person","@id":"https:\/\/fotografovanie.eu\/#\/schema\/person\/b61f1c3bde5c2b19f8d96cf591b65d4b","name":"fotograf","image":{"@type":"ImageObject","inLanguage":"en-GB","@id":"https:\/\/secure.gravatar.com\/avatar\/9d9b62d4ef8f95cbb50bd1d4f4d90625767e3c665eec5470448cf0917c71e5a3?s=96&d=mm&r=g","url":"https:\/\/secure.gravatar.com\/avatar\/9d9b62d4ef8f95cbb50bd1d4f4d90625767e3c665eec5470448cf0917c71e5a3?s=96&d=mm&r=g","contentUrl":"https:\/\/secure.gravatar.com\/avatar\/9d9b62d4ef8f95cbb50bd1d4f4d90625767e3c665eec5470448cf0917c71e5a3?s=96&d=mm&r=g","caption":"fotograf"},"url":"https:\/\/fotografovanie.eu\/en\/author\/fotograf\/"}]}},"_links":{"self":[{"href":"https:\/\/fotografovanie.eu\/en\/wp-json\/wp\/v2\/posts\/13821","targetHints":{"allow":["GET"]}}],"collection":[{"href":"https:\/\/fotografovanie.eu\/en\/wp-json\/wp\/v2\/posts"}],"about":[{"href":"https:\/\/fotografovanie.eu\/en\/wp-json\/wp\/v2\/types\/post"}],"author":[{"embeddable":true,"href":"https:\/\/fotografovanie.eu\/en\/wp-json\/wp\/v2\/users\/4"}],"replies":[{"embeddable":true,"href":"https:\/\/fotografovanie.eu\/en\/wp-json\/wp\/v2\/comments?post=13821"}],"version-history":[{"count":0,"href":"https:\/\/fotografovanie.eu\/en\/wp-json\/wp\/v2\/posts\/13821\/revisions"}],"wp:featuredmedia":[{"embeddable":true,"href":"https:\/\/fotografovanie.eu\/en\/wp-json\/wp\/v2\/media\/12698"}],"wp:attachment":[{"href":"https:\/\/fotografovanie.eu\/en\/wp-json\/wp\/v2\/media?parent=13821"}],"wp:term":[{"taxonomy":"category","embeddable":true,"href":"https:\/\/fotografovanie.eu\/en\/wp-json\/wp\/v2\/categories?post=13821"},{"taxonomy":"post_tag","embeddable":true,"href":"https:\/\/fotografovanie.eu\/en\/wp-json\/wp\/v2\/tags?post=13821"}],"curies":[{"name":"wp","href":"https:\/\/api.w.org\/{rel}","templated":true}]}}