{"id":14164,"date":"2026-03-11T17:45:38","date_gmt":"2026-03-11T16:45:38","guid":{"rendered":"https:\/\/fotografovanie.eu\/?p=14164"},"modified":"2026-03-11T17:45:39","modified_gmt":"2026-03-11T16:45:39","slug":"ako-rozmysla-fotograf-pri-kompozicii","status":"publish","type":"post","link":"https:\/\/fotografovanie.eu\/en\/ako-rozmysla-fotograf-pri-kompozicii\/","title":{"rendered":"Ako rozm\u00fd\u0161\u013ea fotograf pri kompoz\u00edcii \u2013 tajomstvo siln\u00fdch fotografi\u00ed"},"content":{"rendered":"<div class=\"fc-article\">\n<div class=\"fc-hero\">\n<h1>Ako rozm\u00fd\u0161\u013ea fotograf pri kompoz\u00edcii \u2013 tajomstvo siln\u00fdch fotografi\u00ed<\/h1>\n<div class=\"fc-meta\">Kompoz\u00edcia fotografie \u2022 Fotografick\u00e1 prax \u2022 \u010cas \u010d\u00edtania: 12 min\u00fat<\/div>\n<\/div>\n<div class=\"fc-intro\">\nMnoho za\u010d\u00ednaj\u00facich fotografov sa sna\u017e\u00ed zlep\u0161i\u0165 svoje fotografie t\u00fdm, \u017ee kupuj\u00fa lep\u0161\u00ed fotoapar\u00e1t alebo drah\u0161\u00ed objekt\u00edv. Po \u010dase v\u0161ak zistia jednu vec \u2013 technika s\u00edce pom\u00e1ha, ale samotn\u00e1 kvalita fotografie \u010dasto z\u00e1vis\u00ed od nie\u010doho \u00faplne in\u00e9ho.<\/p>\n<p>Od sp\u00f4sobu, ak\u00fdm fotograf prem\u00fd\u0161\u013ea o sc\u00e9ne.<\/p>\n<p>Kompoz\u00edcia nie je len pravidlo tret\u00edn alebo rozmiestnenie objektov v z\u00e1bere. Je to sp\u00f4sob vn\u00edmania priestoru, svetla a momentu. Sk\u00fasen\u00fd fotograf toti\u017e pri poh\u013eade na sc\u00e9nu vid\u00ed veci inak ne\u017e be\u017en\u00fd \u010dlovek. V\u0161\u00edma si l\u00ednie, kontrasty, vrstvy priestoru a mal\u00e9 detaily, ktor\u00e9 dok\u00e1\u017eu zmeni\u0165 oby\u010dajn\u00fa fotografiu na vizu\u00e1lne siln\u00fd obraz.\n<\/p><\/div>\n<div class=\"fc-image\">\n<img decoding=\"async\" src=\"https:\/\/fotografovanie.eu\/wp-content\/uploads\/2026\/02\/moderna-mobilna-fotografia-detailny-portret-zeny-pri-1.jpg\" alt=\"Mobiln\u00e1 fotografia \u2013 \u0161irokouhl\u00e1 sc\u00e9na s dramatick\u00fdm oblakom a siluetou pri z\u00e1pade slnka\">\n<\/div>\n<p>\nPam\u00e4t\u00e1m si moment, ke\u010f som si prv\u00fdkr\u00e1t uvedomil, \u010do vlastne kompoz\u00edcia znamen\u00e1. St\u00e1l som na kopci nad mestom a sledoval z\u00e1pad slnka. Sc\u00e9na bola n\u00e1dhern\u00e1 \u2013 oran\u017eov\u00e1 obloha, dlh\u00e9 tiene a jemn\u00e1 hmla nad mestom. Urobil som fotografiu, ale v\u00fdsledok bol prekvapivo oby\u010dajn\u00fd. Fotografia jednoducho nevyzerala tak, ako to videlo moje oko.\n<\/p>\n<p>\nA\u017e o p\u00e1r min\u00fat nesk\u00f4r som si v\u0161imol cestu, ktor\u00e1 viedla z doliny a\u017e k horizontu. Sk\u00fasil som ju zakomponova\u0165 do z\u00e1beru. Zrazu fotografia za\u010dala fungova\u0165. Cesta vytvorila prirodzen\u00fa l\u00edniu, ktor\u00e1 viedla poh\u013ead div\u00e1ka cez cel\u00fd obraz a\u017e k zapadaj\u00facemu slnku.\n<\/p>\n<p>\nPr\u00e1ve vtedy som pochopil, \u017ee kompoz\u00edcia nie je n\u00e1hoda. Je to sp\u00f4sob prem\u00fd\u0161\u013eania.\n<\/p>\n<h2>Fotograf najprv h\u013ead\u00e1 svetlo<\/h2>\n<p>\nKe\u010f fotograf pr\u00edde na nov\u00e9 miesto, v\u00e4\u010d\u0161inou nerob\u00ed fotografie okam\u017eite. Najsk\u00f4r pozoruje svetlo. Sleduje, odkia\u013e prich\u00e1dza, ako dopad\u00e1 na objekty a ak\u00e9 tiene vytv\u00e1ra. Svetlo toti\u017e dok\u00e1\u017ee \u00faplne zmeni\u0165 atmosf\u00e9ru fotografie.\n<\/p>\n<p>\nRann\u00e9 svetlo je jemn\u00e9 a m\u00e4kk\u00e9. Tiene s\u00fa dlh\u00e9 a fotografia p\u00f4sob\u00ed pokojne. Ve\u010dern\u00e9 svetlo m\u00e1 zase tepl\u00e9 farby a dok\u00e1\u017ee vytvori\u0165 dramatick\u00fa atmosf\u00e9ru. Naopak, ostr\u00e9 polud\u0148aj\u0161ie svetlo \u010dasto vytv\u00e1ra tvrd\u00e9 kontrasty, ktor\u00e9 m\u00f4\u017eu fotografiu pokazi\u0165.\n<\/p>\n<p>\nPr\u00e1ve preto mnoho fotografov pl\u00e1nuje fotenie pod\u013ea polohy slnka. Ak v\u00e1s t\u00e1to t\u00e9ma zauj\u00edma, odpor\u00fa\u010dam pre\u010d\u00edta\u0165 aj \u010dl\u00e1nok <a href=\"https:\/\/fotografovanie.eu\/en\/ako-planovat-fotenie-podla-polohy-slnka-mapa-svetla-aplikacie-a-prakticke-scenare-z-miest\/\">ako pl\u00e1nova\u0165 fotenie pod\u013ea polohy slnka<\/a>.\n<\/p>\n<h2>Potom prich\u00e1dza kompoz\u00edcia<\/h2>\n<p>\nKe\u010f fotograf n\u00e1jde spr\u00e1vne svetlo, za\u010dne h\u013eada\u0165 kompoz\u00edciu. V tej chv\u00edli si v\u0161\u00edma tri z\u00e1kladn\u00e9 veci \u2013 popredie, hlavn\u00fd objekt a pozadie. Tieto tri vrstvy vytv\u00e1raj\u00fa priestor a d\u00e1vaj\u00fa fotografii h\u013abku.\n<\/p>\n<div class=\"fc-grid two\">\n<div class=\"fc-card\">popredie \u2013 vytv\u00e1ra vstup do fotografie<\/div>\n<div class=\"fc-card\">hlavn\u00fd objekt \u2013 centrum pozornosti<\/div>\n<div class=\"fc-card\">pozadie \u2013 dop\u013a\u0148a atmosf\u00e9ru<\/div>\n<div class=\"fc-card\">svetlo \u2013 sp\u00e1ja v\u0161etky prvky<\/div>\n<\/div>\n<p>\nAk fotografia obsahuje tieto vrstvy, div\u00e1k m\u00e1 pocit, \u017ee sa do sc\u00e9ny m\u00f4\u017ee \u201eponori\u0165\u201c. Bez nich m\u00f4\u017ee fotografia p\u00f4sobi\u0165 ploch\u00fdm dojmom.\n<\/p>\n<h2>L\u00ednie, ktor\u00e9 ved\u00fa poh\u013ead<\/h2>\n<p>\nJedn\u00fdm z najd\u00f4le\u017eitej\u0161\u00edch prvkov kompoz\u00edcie s\u00fa l\u00ednie. M\u00f4\u017eu to by\u0165 cesty, rieky, ploty alebo architekt\u00fara. Tieto l\u00ednie prirodzene ved\u00fa poh\u013ead div\u00e1ka cez fotografiu.\n<\/p>\n<p>\nSk\u00fasen\u00ed fotografi \u010dasto pou\u017e\u00edvaj\u00fa l\u00ednie na to, aby nasmerovali poh\u013ead k hlavn\u00e9mu objektu. Div\u00e1k si to v\u00e4\u010d\u0161inou ani neuvedom\u00ed, ale jeho poh\u013ead automaticky sleduje cestu, ktor\u00e1 vedie do dia\u013eky, alebo rieku, ktor\u00e1 sa k\u013eukat\u00ed krajinou.\n<\/p>\n<div class=\"fc-image\">\n<img decoding=\"async\" src=\"https:\/\/fotografovanie.eu\/wp-content\/uploads\/2026\/02\/85865ea26340d4e127117f5979a16f7c1685dcb26ee1ed756f3757feabb9fbcc.jpg\" alt=\"Dve deti sa hraj\u00fa na mestskom n\u00e1mest\u00ed, rodi\u010dia sleduj\u00fa z dia\u013eky, prirodzen\u00e9 svetlo zv\u00fdraz\u0148uje smiech a pohyb\">\n<\/div>\n<h2>Minimalizmus vo fotografii<\/h2>\n<p>\nZa\u010diato\u010dn\u00edci \u010dasto robia jednu chybu \u2013 sna\u017eia sa do fotografie dosta\u0165 pr\u00edli\u0161 ve\u013ea vec\u00ed. V\u00fdsledkom je chaotick\u00fd obraz bez jasn\u00e9ho centra pozornosti.\n<\/p>\n<p>\nSk\u00fasen\u00ed fotografi robia presn\u00fd opak. Odstra\u0148uj\u00fa z kompoz\u00edcie v\u0161etko, \u010do nie je d\u00f4le\u017eit\u00e9. Niekedy sta\u010d\u00ed posun\u00fa\u0165 sa o p\u00e1r krokov do\u013eava alebo doprava a fotografia za\u010dne fungova\u0165 \u00faplne inak.\n<\/p>\n<div class=\"fc-highlight\">\nDobr\u00e1 kompoz\u00edcia nie je o tom, \u010do do fotografie prid\u00e1te. Je o tom, \u010do z nej dok\u00e1\u017eete odstr\u00e1ni\u0165.\n<\/div>\n<h2>Trpezlivos\u0165 je s\u00fa\u010das\u0165ou kompoz\u00edcie<\/h2>\n<p>\nJedna z najv\u00e4\u010d\u0161\u00edch lekci\u00ed fotografie je trpezlivos\u0165. Niekedy fotograf \u010dak\u00e1 na spr\u00e1vny moment nieko\u013eko min\u00fat, niekedy hodiny. Svetlo sa men\u00ed, \u013eudia sa pohybuj\u00fa a sc\u00e9na sa postupne vyv\u00edja.\n<\/p>\n<p>\nPr\u00e1ve vtedy vznikaj\u00fa najlep\u0161ie fotografie \u2013 ke\u010f sa v\u0161etky prvky sc\u00e9ny stretn\u00fa v jednom okamihu.\n<\/p>\n<div class=\"fc-quote\">\nDobr\u00e1 fotografia vznik\u00e1 vtedy, ke\u010f sa svetlo, kompoz\u00edcia a moment stretn\u00fa v spr\u00e1vnej chv\u00edli.\n<\/div>\n<div class=\"fc-faq\">\n<h2>\u010cast\u00e9 ot\u00e1zky<\/h2>\n<details>\n<summary>\u010co je kompoz\u00edcia vo fotografii?<\/summary>\n<p>Kompoz\u00edcia je sp\u00f4sob usporiadania prvkov v obraze tak, aby fotografia p\u00f4sobila vyv\u00e1\u017eene a vizu\u00e1lne silno.<\/p>\n<\/details>\n<details>\n<summary>Pre\u010do je kompoz\u00edcia d\u00f4le\u017eit\u00e1?<\/summary>\n<p>Kompoz\u00edcia ur\u010duje, kam sa div\u00e1k pozer\u00e1 a ak\u00fd pocit fotografia vyvol\u00e1va.<\/p>\n<\/details>\n<details>\n<summary>D\u00e1 sa kompoz\u00edcia nau\u010di\u0165?<\/summary>\n<p>\u00c1no. Najlep\u0161\u00ed sp\u00f4sob je pozorovanie, anal\u00fdza fotografi\u00ed a pravideln\u00e1 prax.<\/p>\n<\/details>\n<\/div>\n<div class=\"fc-cta\">\n<h3>Chcete robi\u0165 silnej\u0161ie fotografie?<\/h3>\n<p>Pre\u010d\u00edtajte si aj \u010fal\u0161ie fotografick\u00e9 n\u00e1vody a postupne zlep\u0161\u00edte svoju techniku aj kompoz\u00edciu.<\/p>\n<p><a href=\"https:\/\/fotografovanie.eu\/en\/100-tipov-ako-fotit-lepsie\/\" class=\"fc-button\"><br \/>\nPozrie\u0165 fotografick\u00e9 tipy<br \/>\n<\/a><\/p>\n<\/div>\n<\/div>\n<p><script type=\"application\/ld+json\">\n{\n \"@context\":\"https:\/\/schema.org\",\n \"@type\":\"Article\",\n \"headline\":\"Ako rozm\u00fd\u0161\u013ea fotograf pri kompoz\u00edcii \u2013 tajomstvo siln\u00fdch fotografi\u00ed\",\n \"mainEntityOfPage\":{\n \"@type\":\"WebPage\",\n \"@id\":\"https:\/\/fotografovanie.eu\/ako-rozmysla-fotograf-pri-kompozicii\/\"\n },\n \"author\":{\n \"@type\":\"Organization\",\n \"name\":\"Fotografovanie.eu\"\n },\n \"publisher\":{\n \"@type\":\"Organization\",\n \"name\":\"Fotografovanie.eu\",\n \"logo\":{\n \"@type\":\"ImageObject\",\n \"url\":\"https:\/\/fotografovanie.eu\/wp-content\/uploads\/2026\/01\/cropped-0aaf3e3322a519e411873510629b829197a60c1506f5632424da96c13ebeedf4-2.png\"\n }\n },\n \"datePublished\":\"2026-03-11\",\n \"dateModified\":\"2026-03-11\",\n \"inLanguage\":\"sk-SK\"\n}\n<\/script><\/p>","protected":false},"excerpt":{"rendered":"<p>Ako rozm\u00fd\u0161\u013ea fotograf pri kompoz\u00edcii \u2013 tajomstvo siln\u00fdch fotografi\u00ed Kompoz\u00edcia fotografie \u2022 Fotografick\u00e1 prax \u2022 \u010cas \u010d\u00edtania: 12 min\u00fat Mnoho za\u010d\u00ednaj\u00facich fotografov sa sna\u017e\u00ed zlep\u0161i\u0165 svoje fotografie t\u00fdm, \u017ee kupuj\u00fa lep\u0161\u00ed fotoapar\u00e1t alebo drah\u0161\u00ed objekt\u00edv. Po \u010dase v\u0161ak zistia jednu vec \u2013 technika s\u00edce pom\u00e1ha, ale samotn\u00e1 kvalita fotografie \u010dasto z\u00e1vis\u00ed od nie\u010doho \u00faplne in\u00e9ho. [&#8230;]\n","protected":false},"author":4,"featured_media":13136,"comment_status":"closed","ping_status":"closed","sticky":false,"template":"","format":"standard","meta":{"footnotes":""},"categories":[128],"tags":[129],"class_list":["post-14164","post","type-post","status-publish","format-standard","has-post-thumbnail","hentry","category-pre-zaciiatocnikov","tag-pre-zaciiatocnikov"],"yoast_head":"<!-- This site is optimized with the Yoast SEO plugin v27.4 - https:\/\/yoast.com\/product\/yoast-seo-wordpress\/ -->\n<title>Ako rozm\u00fd\u0161\u013ea fotograf pri kompoz\u00edcii \u2013 tajomstvo siln\u00fdch fotografi\u00ed \u2013 Fotografovanie.eu<\/title>\n<meta name=\"description\" content=\"Ako rozm\u00fd\u0161\u013ea fotograf pri kompoz\u00edcii \u2013 tajomstvo siln\u00fdch fotografi\u00ed Kompoz\u00edcia fotografie \u2022 Fotografick\u00e1 prax \u2022 \u010cas \u010d\u00edtania: 12 min\u00fat Mnoho za\u010d\u00ednaj\u00facich Praktick\u00e9 tipy, n\u00e1vody a trendy zo sveta fotografie. Ako rozm\u00fd\u0161\u013ea fotograf pri tvorbe kompoz\u00edcie? Nau\u010dte sa vn\u00edma\u0165 svetlo, priestor a moment ako sk\u00fasen\u00fd fotograf a vytv\u00e1ra\u0165 silnej\u0161ie fotografie.\" \/>\n<meta name=\"robots\" content=\"index, follow, max-snippet:-1, max-image-preview:large, max-video-preview:-1\" \/>\n<link rel=\"canonical\" href=\"https:\/\/fotografovanie.eu\/en\/ako-rozmysla-fotograf-pri-kompozicii\/\" \/>\n<meta property=\"og:locale\" content=\"en_GB\" \/>\n<meta property=\"og:type\" content=\"article\" \/>\n<meta property=\"og:title\" content=\"Ako rozm\u00fd\u0161\u013ea fotograf pri kompoz\u00edcii \u2013 tajomstvo siln\u00fdch fotografi\u00ed \u2013 Fotografovanie.eu\" \/>\n<meta property=\"og:description\" content=\"Ako rozm\u00fd\u0161\u013ea fotograf pri kompoz\u00edcii \u2013 tajomstvo siln\u00fdch fotografi\u00ed Kompoz\u00edcia fotografie \u2022 Fotografick\u00e1 prax \u2022 \u010cas \u010d\u00edtania: 12 min\u00fat Mnoho za\u010d\u00ednaj\u00facich Praktick\u00e9 tipy, n\u00e1vody a trendy zo sveta fotografie. Ako rozm\u00fd\u0161\u013ea fotograf pri tvorbe kompoz\u00edcie? Nau\u010dte sa vn\u00edma\u0165 svetlo, priestor a moment ako sk\u00fasen\u00fd fotograf a vytv\u00e1ra\u0165 silnej\u0161ie fotografie.\" \/>\n<meta property=\"og:url\" content=\"https:\/\/fotografovanie.eu\/en\/ako-rozmysla-fotograf-pri-kompozicii\/\" \/>\n<meta property=\"og:site_name\" content=\"Modern\u00fd magaz\u00edn o fotografii\" \/>\n<meta property=\"article:published_time\" content=\"2026-03-11T16:45:38+00:00\" \/>\n<meta property=\"article:modified_time\" content=\"2026-03-11T16:45:39+00:00\" \/>\n<meta property=\"og:image\" content=\"https:\/\/fotografovanie.eu\/wp-content\/uploads\/2026\/02\/7ed9aa6fa60cbf494798169bc2b270dd6bb48e85f45363cd8fb76bb0704b2259.webp\" \/>\n\t<meta property=\"og:image:width\" content=\"1024\" \/>\n\t<meta property=\"og:image:height\" content=\"1536\" \/>\n\t<meta property=\"og:image:type\" content=\"image\/webp\" \/>\n<meta name=\"author\" content=\"fotograf\" \/>\n<meta name=\"twitter:card\" content=\"summary_large_image\" \/>\n<meta name=\"twitter:label1\" content=\"Written by\" \/>\n\t<meta name=\"twitter:data1\" content=\"fotograf\" \/>\n\t<meta name=\"twitter:label2\" content=\"Estimated reading time\" \/>\n\t<meta name=\"twitter:data2\" content=\"5 minutes\" \/>\n<script type=\"application\/ld+json\" class=\"yoast-schema-graph\">{\"@context\":\"https:\\\/\\\/schema.org\",\"@graph\":[{\"@type\":\"Article\",\"@id\":\"https:\\\/\\\/fotografovanie.eu\\\/ako-rozmysla-fotograf-pri-kompozicii\\\/#article\",\"isPartOf\":{\"@id\":\"https:\\\/\\\/fotografovanie.eu\\\/ako-rozmysla-fotograf-pri-kompozicii\\\/\"},\"author\":{\"name\":\"fotograf\",\"@id\":\"https:\\\/\\\/fotografovanie.eu\\\/#\\\/schema\\\/person\\\/b61f1c3bde5c2b19f8d96cf591b65d4b\"},\"headline\":\"Ako rozm\u00fd\u0161\u013ea fotograf pri kompoz\u00edcii \u2013 tajomstvo siln\u00fdch fotografi\u00ed\",\"datePublished\":\"2026-03-11T16:45:38+00:00\",\"dateModified\":\"2026-03-11T16:45:39+00:00\",\"mainEntityOfPage\":{\"@id\":\"https:\\\/\\\/fotografovanie.eu\\\/ako-rozmysla-fotograf-pri-kompozicii\\\/\"},\"wordCount\":854,\"publisher\":{\"@id\":\"https:\\\/\\\/fotografovanie.eu\\\/#organization\"},\"image\":{\"@id\":\"https:\\\/\\\/fotografovanie.eu\\\/ako-rozmysla-fotograf-pri-kompozicii\\\/#primaryimage\"},\"thumbnailUrl\":\"https:\\\/\\\/fotografovanie.eu\\\/wp-content\\\/uploads\\\/2026\\\/02\\\/7ed9aa6fa60cbf494798169bc2b270dd6bb48e85f45363cd8fb76bb0704b2259.webp\",\"keywords\":[\"Pre za\u010diiato\u010dn\u00edkov\"],\"articleSection\":[\"Pre za\u010diiato\u010dn\u00edkov\"],\"inLanguage\":\"en-GB\"},{\"@type\":\"WebPage\",\"@id\":\"https:\\\/\\\/fotografovanie.eu\\\/ako-rozmysla-fotograf-pri-kompozicii\\\/\",\"url\":\"https:\\\/\\\/fotografovanie.eu\\\/ako-rozmysla-fotograf-pri-kompozicii\\\/\",\"name\":\"Ako rozm\u00fd\u0161\u013ea fotograf pri kompoz\u00edcii \u2013 tajomstvo siln\u00fdch fotografi\u00ed \u2013 Fotografovanie.eu\",\"isPartOf\":{\"@id\":\"https:\\\/\\\/fotografovanie.eu\\\/#website\"},\"primaryImageOfPage\":{\"@id\":\"https:\\\/\\\/fotografovanie.eu\\\/ako-rozmysla-fotograf-pri-kompozicii\\\/#primaryimage\"},\"image\":{\"@id\":\"https:\\\/\\\/fotografovanie.eu\\\/ako-rozmysla-fotograf-pri-kompozicii\\\/#primaryimage\"},\"thumbnailUrl\":\"https:\\\/\\\/fotografovanie.eu\\\/wp-content\\\/uploads\\\/2026\\\/02\\\/7ed9aa6fa60cbf494798169bc2b270dd6bb48e85f45363cd8fb76bb0704b2259.webp\",\"datePublished\":\"2026-03-11T16:45:38+00:00\",\"dateModified\":\"2026-03-11T16:45:39+00:00\",\"description\":\"Ako rozm\u00fd\u0161\u013ea fotograf pri kompoz\u00edcii \u2013 tajomstvo siln\u00fdch fotografi\u00ed Kompoz\u00edcia fotografie \u2022 Fotografick\u00e1 prax \u2022 \u010cas \u010d\u00edtania: 12 min\u00fat Mnoho za\u010d\u00ednaj\u00facich Praktick\u00e9 tipy, n\u00e1vody a trendy zo sveta fotografie. Ako rozm\u00fd\u0161\u013ea fotograf pri tvorbe kompoz\u00edcie? Nau\u010dte sa vn\u00edma\u0165 svetlo, priestor a moment ako sk\u00fasen\u00fd fotograf a vytv\u00e1ra\u0165 silnej\u0161ie fotografie.\",\"breadcrumb\":{\"@id\":\"https:\\\/\\\/fotografovanie.eu\\\/ako-rozmysla-fotograf-pri-kompozicii\\\/#breadcrumb\"},\"inLanguage\":\"en-GB\",\"potentialAction\":[{\"@type\":\"ReadAction\",\"target\":[\"https:\\\/\\\/fotografovanie.eu\\\/ako-rozmysla-fotograf-pri-kompozicii\\\/\"]}]},{\"@type\":\"ImageObject\",\"inLanguage\":\"en-GB\",\"@id\":\"https:\\\/\\\/fotografovanie.eu\\\/ako-rozmysla-fotograf-pri-kompozicii\\\/#primaryimage\",\"url\":\"https:\\\/\\\/fotografovanie.eu\\\/wp-content\\\/uploads\\\/2026\\\/02\\\/7ed9aa6fa60cbf494798169bc2b270dd6bb48e85f45363cd8fb76bb0704b2259.webp\",\"contentUrl\":\"https:\\\/\\\/fotografovanie.eu\\\/wp-content\\\/uploads\\\/2026\\\/02\\\/7ed9aa6fa60cbf494798169bc2b270dd6bb48e85f45363cd8fb76bb0704b2259.webp\",\"width\":1024,\"height\":1536,\"caption\":\"Dve deti sa hraj\u00fa na l\u00fake, rodi\u010dia sleduj\u00fa z dia\u013eky, prirodzen\u00e9 svetlo zv\u00fdraz\u0148uje smiech a pohyb\"},{\"@type\":\"BreadcrumbList\",\"@id\":\"https:\\\/\\\/fotografovanie.eu\\\/ako-rozmysla-fotograf-pri-kompozicii\\\/#breadcrumb\",\"itemListElement\":[{\"@type\":\"ListItem\",\"position\":1,\"name\":\"Domov\",\"item\":\"https:\\\/\\\/fotografovanie.eu\\\/\"},{\"@type\":\"ListItem\",\"position\":2,\"name\":\"Ako rozm\u00fd\u0161\u013ea fotograf pri kompoz\u00edcii \u2013 tajomstvo siln\u00fdch fotografi\u00ed\"}]},{\"@type\":\"WebSite\",\"@id\":\"https:\\\/\\\/fotografovanie.eu\\\/#website\",\"url\":\"https:\\\/\\\/fotografovanie.eu\\\/\",\"name\":\"Modern\u00fd magaz\u00edn o fotografii\",\"description\":\"\",\"publisher\":{\"@id\":\"https:\\\/\\\/fotografovanie.eu\\\/#organization\"},\"potentialAction\":[{\"@type\":\"SearchAction\",\"target\":{\"@type\":\"EntryPoint\",\"urlTemplate\":\"https:\\\/\\\/fotografovanie.eu\\\/?s={search_term_string}\"},\"query-input\":{\"@type\":\"PropertyValueSpecification\",\"valueRequired\":true,\"valueName\":\"search_term_string\"}}],\"inLanguage\":\"en-GB\"},{\"@type\":\"Organization\",\"@id\":\"https:\\\/\\\/fotografovanie.eu\\\/#organization\",\"name\":\"Fotografovanie.eu\",\"alternateName\":\"Blog o fotografovan\u00ed\",\"url\":\"https:\\\/\\\/fotografovanie.eu\\\/\",\"logo\":{\"@type\":\"ImageObject\",\"inLanguage\":\"en-GB\",\"@id\":\"https:\\\/\\\/fotografovanie.eu\\\/#\\\/schema\\\/logo\\\/image\\\/\",\"url\":\"https:\\\/\\\/fotografovanie.eu\\\/wp-content\\\/uploads\\\/2026\\\/01\\\/cropped-0aaf3e3322a519e411873510629b829197a60c1506f5632424da96c13ebeedf4-2.webp\",\"contentUrl\":\"https:\\\/\\\/fotografovanie.eu\\\/wp-content\\\/uploads\\\/2026\\\/01\\\/cropped-0aaf3e3322a519e411873510629b829197a60c1506f5632424da96c13ebeedf4-2.webp\",\"width\":85,\"height\":62,\"caption\":\"Fotografovanie.eu\"},\"image\":{\"@id\":\"https:\\\/\\\/fotografovanie.eu\\\/#\\\/schema\\\/logo\\\/image\\\/\"}},{\"@type\":\"Person\",\"@id\":\"https:\\\/\\\/fotografovanie.eu\\\/#\\\/schema\\\/person\\\/b61f1c3bde5c2b19f8d96cf591b65d4b\",\"name\":\"fotograf\",\"image\":{\"@type\":\"ImageObject\",\"inLanguage\":\"en-GB\",\"@id\":\"https:\\\/\\\/secure.gravatar.com\\\/avatar\\\/9d9b62d4ef8f95cbb50bd1d4f4d90625767e3c665eec5470448cf0917c71e5a3?s=96&d=mm&r=g\",\"url\":\"https:\\\/\\\/secure.gravatar.com\\\/avatar\\\/9d9b62d4ef8f95cbb50bd1d4f4d90625767e3c665eec5470448cf0917c71e5a3?s=96&d=mm&r=g\",\"contentUrl\":\"https:\\\/\\\/secure.gravatar.com\\\/avatar\\\/9d9b62d4ef8f95cbb50bd1d4f4d90625767e3c665eec5470448cf0917c71e5a3?s=96&d=mm&r=g\",\"caption\":\"fotograf\"},\"url\":\"https:\\\/\\\/fotografovanie.eu\\\/en\\\/author\\\/fotograf\\\/\"}]}<\/script>\n<!-- \/ Yoast SEO plugin. -->","yoast_head_json":{"title":"Ako rozm\u00fd\u0161\u013ea fotograf pri kompoz\u00edcii \u2013 tajomstvo siln\u00fdch fotografi\u00ed \u2013 Fotografovanie.eu","description":"Ako rozm\u00fd\u0161\u013ea fotograf pri kompoz\u00edcii \u2013 tajomstvo siln\u00fdch fotografi\u00ed Kompoz\u00edcia fotografie \u2022 Fotografick\u00e1 prax \u2022 \u010cas \u010d\u00edtania: 12 min\u00fat Mnoho za\u010d\u00ednaj\u00facich Praktick\u00e9 tipy, n\u00e1vody a trendy zo sveta fotografie. Ako rozm\u00fd\u0161\u013ea fotograf pri tvorbe kompoz\u00edcie? Nau\u010dte sa vn\u00edma\u0165 svetlo, priestor a moment ako sk\u00fasen\u00fd fotograf a vytv\u00e1ra\u0165 silnej\u0161ie fotografie.","robots":{"index":"index","follow":"follow","max-snippet":"max-snippet:-1","max-image-preview":"max-image-preview:large","max-video-preview":"max-video-preview:-1"},"canonical":"https:\/\/fotografovanie.eu\/en\/ako-rozmysla-fotograf-pri-kompozicii\/","og_locale":"en_GB","og_type":"article","og_title":"Ako rozm\u00fd\u0161\u013ea fotograf pri kompoz\u00edcii \u2013 tajomstvo siln\u00fdch fotografi\u00ed \u2013 Fotografovanie.eu","og_description":"Ako rozm\u00fd\u0161\u013ea fotograf pri kompoz\u00edcii \u2013 tajomstvo siln\u00fdch fotografi\u00ed Kompoz\u00edcia fotografie \u2022 Fotografick\u00e1 prax \u2022 \u010cas \u010d\u00edtania: 12 min\u00fat Mnoho za\u010d\u00ednaj\u00facich Praktick\u00e9 tipy, n\u00e1vody a trendy zo sveta fotografie. Ako rozm\u00fd\u0161\u013ea fotograf pri tvorbe kompoz\u00edcie? Nau\u010dte sa vn\u00edma\u0165 svetlo, priestor a moment ako sk\u00fasen\u00fd fotograf a vytv\u00e1ra\u0165 silnej\u0161ie fotografie.","og_url":"https:\/\/fotografovanie.eu\/en\/ako-rozmysla-fotograf-pri-kompozicii\/","og_site_name":"Modern\u00fd magaz\u00edn o fotografii","article_published_time":"2026-03-11T16:45:38+00:00","article_modified_time":"2026-03-11T16:45:39+00:00","og_image":[{"width":1024,"height":1536,"url":"https:\/\/fotografovanie.eu\/wp-content\/uploads\/2026\/02\/7ed9aa6fa60cbf494798169bc2b270dd6bb48e85f45363cd8fb76bb0704b2259.webp","type":"image\/webp"}],"author":"fotograf","twitter_card":"summary_large_image","twitter_misc":{"Written by":"fotograf","Estimated reading time":"5 minutes"},"schema":{"@context":"https:\/\/schema.org","@graph":[{"@type":"Article","@id":"https:\/\/fotografovanie.eu\/ako-rozmysla-fotograf-pri-kompozicii\/#article","isPartOf":{"@id":"https:\/\/fotografovanie.eu\/ako-rozmysla-fotograf-pri-kompozicii\/"},"author":{"name":"fotograf","@id":"https:\/\/fotografovanie.eu\/#\/schema\/person\/b61f1c3bde5c2b19f8d96cf591b65d4b"},"headline":"Ako rozm\u00fd\u0161\u013ea fotograf pri kompoz\u00edcii \u2013 tajomstvo siln\u00fdch fotografi\u00ed","datePublished":"2026-03-11T16:45:38+00:00","dateModified":"2026-03-11T16:45:39+00:00","mainEntityOfPage":{"@id":"https:\/\/fotografovanie.eu\/ako-rozmysla-fotograf-pri-kompozicii\/"},"wordCount":854,"publisher":{"@id":"https:\/\/fotografovanie.eu\/#organization"},"image":{"@id":"https:\/\/fotografovanie.eu\/ako-rozmysla-fotograf-pri-kompozicii\/#primaryimage"},"thumbnailUrl":"https:\/\/fotografovanie.eu\/wp-content\/uploads\/2026\/02\/7ed9aa6fa60cbf494798169bc2b270dd6bb48e85f45363cd8fb76bb0704b2259.webp","keywords":["Pre za\u010diiato\u010dn\u00edkov"],"articleSection":["Pre za\u010diiato\u010dn\u00edkov"],"inLanguage":"en-GB"},{"@type":"WebPage","@id":"https:\/\/fotografovanie.eu\/ako-rozmysla-fotograf-pri-kompozicii\/","url":"https:\/\/fotografovanie.eu\/ako-rozmysla-fotograf-pri-kompozicii\/","name":"Ako rozm\u00fd\u0161\u013ea fotograf pri kompoz\u00edcii \u2013 tajomstvo siln\u00fdch fotografi\u00ed \u2013 Fotografovanie.eu","isPartOf":{"@id":"https:\/\/fotografovanie.eu\/#website"},"primaryImageOfPage":{"@id":"https:\/\/fotografovanie.eu\/ako-rozmysla-fotograf-pri-kompozicii\/#primaryimage"},"image":{"@id":"https:\/\/fotografovanie.eu\/ako-rozmysla-fotograf-pri-kompozicii\/#primaryimage"},"thumbnailUrl":"https:\/\/fotografovanie.eu\/wp-content\/uploads\/2026\/02\/7ed9aa6fa60cbf494798169bc2b270dd6bb48e85f45363cd8fb76bb0704b2259.webp","datePublished":"2026-03-11T16:45:38+00:00","dateModified":"2026-03-11T16:45:39+00:00","description":"Ako rozm\u00fd\u0161\u013ea fotograf pri kompoz\u00edcii \u2013 tajomstvo siln\u00fdch fotografi\u00ed Kompoz\u00edcia fotografie \u2022 Fotografick\u00e1 prax \u2022 \u010cas \u010d\u00edtania: 12 min\u00fat Mnoho za\u010d\u00ednaj\u00facich Praktick\u00e9 tipy, n\u00e1vody a trendy zo sveta fotografie. Ako rozm\u00fd\u0161\u013ea fotograf pri tvorbe kompoz\u00edcie? Nau\u010dte sa vn\u00edma\u0165 svetlo, priestor a moment ako sk\u00fasen\u00fd fotograf a vytv\u00e1ra\u0165 silnej\u0161ie fotografie.","breadcrumb":{"@id":"https:\/\/fotografovanie.eu\/ako-rozmysla-fotograf-pri-kompozicii\/#breadcrumb"},"inLanguage":"en-GB","potentialAction":[{"@type":"ReadAction","target":["https:\/\/fotografovanie.eu\/ako-rozmysla-fotograf-pri-kompozicii\/"]}]},{"@type":"ImageObject","inLanguage":"en-GB","@id":"https:\/\/fotografovanie.eu\/ako-rozmysla-fotograf-pri-kompozicii\/#primaryimage","url":"https:\/\/fotografovanie.eu\/wp-content\/uploads\/2026\/02\/7ed9aa6fa60cbf494798169bc2b270dd6bb48e85f45363cd8fb76bb0704b2259.webp","contentUrl":"https:\/\/fotografovanie.eu\/wp-content\/uploads\/2026\/02\/7ed9aa6fa60cbf494798169bc2b270dd6bb48e85f45363cd8fb76bb0704b2259.webp","width":1024,"height":1536,"caption":"Dve deti sa hraj\u00fa na l\u00fake, rodi\u010dia sleduj\u00fa z dia\u013eky, prirodzen\u00e9 svetlo zv\u00fdraz\u0148uje smiech a pohyb"},{"@type":"BreadcrumbList","@id":"https:\/\/fotografovanie.eu\/ako-rozmysla-fotograf-pri-kompozicii\/#breadcrumb","itemListElement":[{"@type":"ListItem","position":1,"name":"Domov","item":"https:\/\/fotografovanie.eu\/"},{"@type":"ListItem","position":2,"name":"Ako rozm\u00fd\u0161\u013ea fotograf pri kompoz\u00edcii \u2013 tajomstvo siln\u00fdch fotografi\u00ed"}]},{"@type":"WebSite","@id":"https:\/\/fotografovanie.eu\/#website","url":"https:\/\/fotografovanie.eu\/","name":"Modern\u00fd magaz\u00edn o fotografii","description":"","publisher":{"@id":"https:\/\/fotografovanie.eu\/#organization"},"potentialAction":[{"@type":"SearchAction","target":{"@type":"EntryPoint","urlTemplate":"https:\/\/fotografovanie.eu\/?s={search_term_string}"},"query-input":{"@type":"PropertyValueSpecification","valueRequired":true,"valueName":"search_term_string"}}],"inLanguage":"en-GB"},{"@type":"Organization","@id":"https:\/\/fotografovanie.eu\/#organization","name":"Fotografovanie.eu","alternateName":"Blog o fotografovan\u00ed","url":"https:\/\/fotografovanie.eu\/","logo":{"@type":"ImageObject","inLanguage":"en-GB","@id":"https:\/\/fotografovanie.eu\/#\/schema\/logo\/image\/","url":"https:\/\/fotografovanie.eu\/wp-content\/uploads\/2026\/01\/cropped-0aaf3e3322a519e411873510629b829197a60c1506f5632424da96c13ebeedf4-2.webp","contentUrl":"https:\/\/fotografovanie.eu\/wp-content\/uploads\/2026\/01\/cropped-0aaf3e3322a519e411873510629b829197a60c1506f5632424da96c13ebeedf4-2.webp","width":85,"height":62,"caption":"Fotografovanie.eu"},"image":{"@id":"https:\/\/fotografovanie.eu\/#\/schema\/logo\/image\/"}},{"@type":"Person","@id":"https:\/\/fotografovanie.eu\/#\/schema\/person\/b61f1c3bde5c2b19f8d96cf591b65d4b","name":"fotograf","image":{"@type":"ImageObject","inLanguage":"en-GB","@id":"https:\/\/secure.gravatar.com\/avatar\/9d9b62d4ef8f95cbb50bd1d4f4d90625767e3c665eec5470448cf0917c71e5a3?s=96&d=mm&r=g","url":"https:\/\/secure.gravatar.com\/avatar\/9d9b62d4ef8f95cbb50bd1d4f4d90625767e3c665eec5470448cf0917c71e5a3?s=96&d=mm&r=g","contentUrl":"https:\/\/secure.gravatar.com\/avatar\/9d9b62d4ef8f95cbb50bd1d4f4d90625767e3c665eec5470448cf0917c71e5a3?s=96&d=mm&r=g","caption":"fotograf"},"url":"https:\/\/fotografovanie.eu\/en\/author\/fotograf\/"}]}},"_links":{"self":[{"href":"https:\/\/fotografovanie.eu\/en\/wp-json\/wp\/v2\/posts\/14164","targetHints":{"allow":["GET"]}}],"collection":[{"href":"https:\/\/fotografovanie.eu\/en\/wp-json\/wp\/v2\/posts"}],"about":[{"href":"https:\/\/fotografovanie.eu\/en\/wp-json\/wp\/v2\/types\/post"}],"author":[{"embeddable":true,"href":"https:\/\/fotografovanie.eu\/en\/wp-json\/wp\/v2\/users\/4"}],"replies":[{"embeddable":true,"href":"https:\/\/fotografovanie.eu\/en\/wp-json\/wp\/v2\/comments?post=14164"}],"version-history":[{"count":0,"href":"https:\/\/fotografovanie.eu\/en\/wp-json\/wp\/v2\/posts\/14164\/revisions"}],"wp:featuredmedia":[{"embeddable":true,"href":"https:\/\/fotografovanie.eu\/en\/wp-json\/wp\/v2\/media\/13136"}],"wp:attachment":[{"href":"https:\/\/fotografovanie.eu\/en\/wp-json\/wp\/v2\/media?parent=14164"}],"wp:term":[{"taxonomy":"category","embeddable":true,"href":"https:\/\/fotografovanie.eu\/en\/wp-json\/wp\/v2\/categories?post=14164"},{"taxonomy":"post_tag","embeddable":true,"href":"https:\/\/fotografovanie.eu\/en\/wp-json\/wp\/v2\/tags?post=14164"}],"curies":[{"name":"wp","href":"https:\/\/api.w.org\/{rel}","templated":true}]}}