{"id":14166,"date":"2026-03-11T17:48:53","date_gmt":"2026-03-11T16:48:53","guid":{"rendered":"https:\/\/fotografovanie.eu\/?p=14166"},"modified":"2026-03-11T17:48:54","modified_gmt":"2026-03-11T16:48:54","slug":"ako-fotograf-vidi-svetlo","status":"publish","type":"post","link":"https:\/\/fotografovanie.eu\/en\/ako-fotograf-vidi-svetlo\/","title":{"rendered":"Ako fotograf vid\u00ed svetlo \u2013 \u010do si v\u0161\u00edma profesion\u00e1l sk\u00f4r ne\u017e stla\u010d\u00ed sp\u00fa\u0161\u0165"},"content":{"rendered":"<div class=\"fc-article\">\n<div class=\"fc-hero\">\n<h1>Ako fotograf vid\u00ed svetlo \u2013 \u010do si v\u0161\u00edma profesion\u00e1l sk\u00f4r ne\u017e stla\u010d\u00ed sp\u00fa\u0161\u0165<\/h1>\n<div class=\"fc-meta\">Svetlo vo fotografii \u2022 Fotografick\u00e1 prax \u2022 \u010cas \u010d\u00edtania: 12 min\u00fat<\/div>\n<\/div>\n<div class=\"fc-intro\">\nKe\u010f sa niekto za\u010d\u00edna zauj\u00edma\u0165 o fotografiu, \u010dasto si mysl\u00ed, \u017ee najd\u00f4le\u017eitej\u0161\u00ed je fotoapar\u00e1t. Lep\u0161\u00ed objekt\u00edv, vy\u0161\u0161ie rozl\u00ed\u0161enie alebo drah\u0161ia technika. Po rokoch fotografovania v\u0161ak v\u00e4\u010d\u0161ina fotografov zist\u00ed, \u017ee skuto\u010dn\u00fd rozdiel medzi oby\u010dajnou a v\u00fdnimo\u010dnou fotografiou rob\u00ed nie\u010do \u00faplne in\u00e9.<\/p>\n<p>Svetlo.<\/p>\n<p>Sk\u00fasen\u00fd fotograf toti\u017e nevid\u00ed sc\u00e9nu rovnak\u00fdm sp\u00f4sobom ako be\u017en\u00fd \u010dlovek. K\u00fdm v\u00e4\u010d\u0161ina \u013eud\u00ed si v\u0161imne objekt alebo moment, fotograf si najprv v\u0161imne svetlo. Odkia\u013e prich\u00e1dza, ak\u00e9 m\u00e1 farby, ak\u00e9 tiene vytv\u00e1ra a ako sa men\u00ed v priestore.\n<\/p><\/div>\n<div class=\"fc-image\">\n<img decoding=\"async\" src=\"https:\/\/fotografovanie.eu\/wp-content\/uploads\/2026\/02\/moderna-esteticka-mobilna-fotografia-zachytena-v-zlat.jpg\" alt=\"Portr\u00e9t zachyten\u00fd mobilom pri zlatej hodinke \u2013 tepl\u00e9 svetlo a prirodzen\u00e9 tiene\">\n<\/div>\n<p>\nPam\u00e4t\u00e1m si jeden moment po\u010das fotenia v hor\u00e1ch. Bol podve\u010der a slnko u\u017e pomaly klesalo za horizont. Turisti fotografovali scen\u00e9riu v\u0161ade okolo m\u0148a \u2013 kr\u00e1sne vrcholy, \u00fadolia a panor\u00e1mu krajiny. Fotografie v\u0161ak vyzerali pomerne oby\u010dajne.\n<\/p>\n<p>\nO p\u00e1r min\u00fat nesk\u00f4r sa slnko dostalo za jeden z horsk\u00fdch hrebe\u0148ov a jeho l\u00fa\u010de za\u010dali prech\u00e1dza\u0165 cez tenk\u00fa vrstvu hmly. Cel\u00e1 krajina sa zrazu zmenila. Svetlo vytvorilo jemn\u00e9 vrstvy a fotografia dostala atmosf\u00e9ru, ktor\u00fa predt\u00fdm nemala.\n<\/p>\n<p>\nVtedy som si op\u00e4\u0165 uvedomil, \u017ee fotografia nie je len o tom, \u010do fotografujeme. Je o tom, ako svetlo formuje sc\u00e9nu.\n<\/p>\n<h2>Smer svetla men\u00ed charakter fotografie<\/h2>\n<p>\nJedna z prv\u00fdch vec\u00ed, ktor\u00fa si fotograf v\u0161\u00edma, je smer svetla. Svetlo m\u00f4\u017ee prich\u00e1dza\u0165 spredu, zboku alebo zozadu a ka\u017ed\u00fd z t\u00fdchto smerov vytv\u00e1ra \u00faplne in\u00fa atmosf\u00e9ru.\n<\/p>\n<div class=\"fc-grid two\">\n<div class=\"fc-card\">predn\u00e9 svetlo \u2013 rovnomern\u00e9 osvetlenie<\/div>\n<div class=\"fc-card\">bo\u010dn\u00e9 svetlo \u2013 zv\u00fdraz\u0148uje text\u00faru<\/div>\n<div class=\"fc-card\">protisvetlo \u2013 dramatick\u00e1 atmosf\u00e9ra<\/div>\n<div class=\"fc-card\">dif\u00fazne svetlo \u2013 m\u00e4kk\u00e9 tiene<\/div>\n<\/div>\n<p>\nBo\u010dn\u00e9 svetlo je napr\u00edklad ide\u00e1lne pri fotografovan\u00ed krajiny alebo architekt\u00fary, preto\u017ee zv\u00fdraz\u0148uje detaily a text\u00faru povrchu. Protisvetlo zase dok\u00e1\u017ee vytvori\u0165 dramatick\u00e9 siluety alebo jemn\u00fa atmosf\u00e9ru okolo objektu.\n<\/p>\n<h2>Farba svetla<\/h2>\n<p>\nSvetlo nie je v\u017edy rovnak\u00e9. R\u00e1no a ve\u010der m\u00e1 tepl\u00e9 zlat\u00e9 farby, zatia\u013e \u010do po\u010das poludnia je svetlo chladnej\u0161ie a kontrastnej\u0161ie. Fotograf si tieto rozdiely uvedomuje a sna\u017e\u00ed sa ich vyu\u017ei\u0165 vo svoj prospech.\n<\/p>\n<p>\nAk chcete fotografova\u0165 v najkraj\u0161om svetle, oplat\u00ed sa pl\u00e1nova\u0165 fotenie pod\u013ea polohy slnka. Viac o tejto t\u00e9me n\u00e1jdete v \u010dl\u00e1nku<br \/>\n<a href=\"https:\/\/fotografovanie.eu\/en\/ako-planovat-fotenie-podla-polohy-slnka-mapa-svetla-aplikacie-a-prakticke-scenare-z-miest\/\">ako pl\u00e1nova\u0165 fotenie pod\u013ea slnka<\/a>.\n<\/p>\n<div class=\"fc-image\">\n<img decoding=\"async\" src=\"https:\/\/fotografovanie.eu\/wp-content\/uploads\/2026\/02\/31ab5e7b74e1d3330e0325200b0568f84130f430d4852e71b3641c46dbad4bf3.jpg\" alt=\"Dve deti sa hraj\u00fa na l\u00fake po\u010das zlatej hodiny, prirodzen\u00e9 svetlo zv\u00fdraz\u0148uje pohyb a atmosf\u00e9ru\">\n<\/div>\n<h2>Tvrd\u00e9 a m\u00e4kk\u00e9 svetlo<\/h2>\n<p>\nFotografi \u010dasto rozli\u0161uj\u00fa medzi tvrd\u00fdm a m\u00e4kk\u00fdm svetlom. Tvrd\u00e9 svetlo vytv\u00e1ra ostr\u00e9 tiene a siln\u00e9 kontrasty. M\u00e4kk\u00e9 svetlo je jemnej\u0161ie a vytv\u00e1ra plynulej\u0161ie prechody medzi svetlom a tie\u0148om.\n<\/p>\n<p>\nObla\u010dn\u00e9 dni s\u00fa napr\u00edklad ide\u00e1lne pre portr\u00e9tnu fotografiu, preto\u017ee oblaky funguj\u00fa ako obrovsk\u00fd dif\u00fazor, ktor\u00fd rozpty\u013euje svetlo.\n<\/p>\n<h2>Fotograf \u010dak\u00e1 na spr\u00e1vny moment<\/h2>\n<p>\nJedna z vec\u00ed, ktor\u00e9 si mnoh\u00ed \u013eudia neuvedomuj\u00fa, je \u010das. Fotografovanie nie je v\u017edy okam\u017eit\u00e9. Sk\u00fasen\u00ed fotografi \u010dasto \u010dakaj\u00fa na spr\u00e1vny moment, ke\u010f svetlo vytvor\u00ed ide\u00e1lnu atmosf\u00e9ru.\n<\/p>\n<p>\nNiekedy to trv\u00e1 p\u00e4\u0165 min\u00fat. Niekedy hodinu.\n<\/p>\n<p>\nAle ke\u010f sa svetlo stretne s kompoz\u00edciou a momentom, vznikne fotografia, ktor\u00e1 m\u00e1 silu.\n<\/p>\n<div class=\"fc-quote\">\nFotografia je vlastne kreslenie svetlom.\n<\/div>\n<h2>Ako sa nau\u010di\u0165 vidie\u0165 svetlo<\/h2>\n<p>\nNajlep\u0161\u00ed sp\u00f4sob je jednoduch\u00fd \u2013 pozorova\u0165. Sledujte, ako svetlo dopad\u00e1 na objekty po\u010das d\u0148a. Ako sa men\u00ed r\u00e1no, popoludn\u00ed alebo ve\u010der. Postupne za\u010dnete vidie\u0165 sc\u00e9ny \u00faplne in\u00fdm sp\u00f4sobom.\n<\/p>\n<div class=\"fc-highlight\">\nSk\u00fasen\u00fd fotograf nevid\u00ed len objekt. Vid\u00ed svetlo, ktor\u00e9 ho formuje.\n<\/div>\n<div class=\"fc-faq\">\n<h2>\u010cast\u00e9 ot\u00e1zky<\/h2>\n<details>\n<summary>Pre\u010do je svetlo vo fotografii d\u00f4le\u017eit\u00e9?<\/summary>\n<p>Svetlo ur\u010duje atmosf\u00e9ru, kontrast aj farby fotografie.<\/p>\n<\/details>\n<details>\n<summary>Kedy je najlep\u0161ie svetlo na fotografovanie?<\/summary>\n<p>Najlep\u0161ie svetlo b\u00fdva po\u010das zlatej hodiny \u2013 kr\u00e1tko po v\u00fdchode a pred z\u00e1padom slnka.<\/p>\n<\/details>\n<details>\n<summary>Ako sa nau\u010di\u0165 pracova\u0165 so svetlom?<\/summary>\n<p>Najlep\u0161\u00edm sp\u00f4sobom je pozorovanie a prax pri r\u00f4znych sveteln\u00fdch podmienkach.<\/p>\n<\/details>\n<\/div>\n<div class=\"fc-cta\">\n<h3>Chcete sa nau\u010di\u0165 fotografova\u0165 lep\u0161ie?<\/h3>\n<p>Presk\u00famajte \u010fal\u0161ie \u010dl\u00e1nky na fotografovanie.eu a postupne zlep\u0161\u00edte svoje fotografick\u00e9 myslenie aj techniku.<\/p>\n<p><a href=\"https:\/\/fotografovanie.eu\/en\/100-tipov-ako-fotit-lepsie\/\" class=\"fc-button\"><br \/>\nPozrie\u0165 fotografick\u00e9 tipy<br \/>\n<\/a><\/p>\n<\/div>\n<\/div>\n<p><script type=\"application\/ld+json\">\n{\n \"@context\":\"https:\/\/schema.org\",\n \"@type\":\"Article\",\n \"headline\":\"Ako fotograf vid\u00ed svetlo \u2013 \u010do si v\u0161\u00edma profesion\u00e1l sk\u00f4r ne\u017e stla\u010d\u00ed sp\u00fa\u0161\u0165\",\n \"mainEntityOfPage\":{\n \"@type\":\"WebPage\",\n \"@id\":\"https:\/\/fotografovanie.eu\/ako-fotograf-vidi-svetlo\/\"\n },\n \"author\":{\n \"@type\":\"Organization\",\n \"name\":\"Fotografovanie.eu\"\n },\n \"publisher\":{\n \"@type\":\"Organization\",\n \"name\":\"Fotografovanie.eu\",\n \"logo\":{\n \"@type\":\"ImageObject\",\n \"url\":\"https:\/\/fotografovanie.eu\/wp-content\/uploads\/2026\/01\/cropped-0aaf3e3322a519e411873510629b829197a60c1506f5632424da96c13ebeedf4-2.png\"\n }\n },\n \"datePublished\":\"2026-03-11\",\n \"dateModified\":\"2026-03-11\",\n \"inLanguage\":\"sk-SK\"\n}\n<\/script><\/p>","protected":false},"excerpt":{"rendered":"<p>Ako fotograf vid\u00ed svetlo \u2013 \u010do si v\u0161\u00edma profesion\u00e1l sk\u00f4r ne\u017e stla\u010d\u00ed sp\u00fa\u0161\u0165 Svetlo vo fotografii \u2022 Fotografick\u00e1 prax \u2022 \u010cas \u010d\u00edtania: 12 min\u00fat Ke\u010f sa niekto za\u010d\u00edna zauj\u00edma\u0165 o fotografiu, \u010dasto si mysl\u00ed, \u017ee najd\u00f4le\u017eitej\u0161\u00ed je fotoapar\u00e1t. Lep\u0161\u00ed objekt\u00edv, vy\u0161\u0161ie rozl\u00ed\u0161enie alebo drah\u0161ia technika. Po rokoch fotografovania v\u0161ak v\u00e4\u010d\u0161ina fotografov zist\u00ed, \u017ee skuto\u010dn\u00fd rozdiel [&#8230;]\n","protected":false},"author":4,"featured_media":13148,"comment_status":"closed","ping_status":"closed","sticky":false,"template":"","format":"standard","meta":{"footnotes":""},"categories":[128],"tags":[129],"class_list":["post-14166","post","type-post","status-publish","format-standard","has-post-thumbnail","hentry","category-pre-zaciiatocnikov","tag-pre-zaciiatocnikov"],"yoast_head":"<!-- This site is optimized with the Yoast SEO plugin v27.4 - https:\/\/yoast.com\/product\/yoast-seo-wordpress\/ -->\n<title>Ako fotograf vid\u00ed svetlo \u2013 \u010do si v\u0161\u00edma profesion\u00e1l sk\u00f4r ne\u017e stla\u010d\u00ed sp\u00fa\u0161\u0165 \u2013 Fotografovanie.eu<\/title>\n<meta name=\"description\" content=\"Ako fotograf vid\u00ed svetlo \u2013 \u010do si v\u0161\u00edma profesion\u00e1l sk\u00f4r ne\u017e stla\u010d\u00ed sp\u00fa\u0161\u0165 Svetlo vo fotografii \u2022 Fotografick\u00e1 prax \u2022 \u010cas \u010d\u00edtania: 12 min\u00fat Ke\u010f sa niekto Praktick\u00e9 tipy, n\u00e1vody a trendy zo sveta fotografie. Ako fotograf vid\u00ed svetlo? Nau\u010dte sa vn\u00edma\u0165 smer svetla, kontrast a atmosf\u00e9ru tak, ako to robia profesion\u00e1lni fotografi. Praktick\u00e9 sk\u00fasenosti z re\u00e1lneho fotografovania.\" \/>\n<meta name=\"robots\" content=\"index, follow, max-snippet:-1, max-image-preview:large, max-video-preview:-1\" \/>\n<link rel=\"canonical\" href=\"https:\/\/fotografovanie.eu\/en\/ako-fotograf-vidi-svetlo\/\" \/>\n<meta property=\"og:locale\" content=\"en_GB\" \/>\n<meta property=\"og:type\" content=\"article\" \/>\n<meta property=\"og:title\" content=\"Ako fotograf vid\u00ed svetlo \u2013 \u010do si v\u0161\u00edma profesion\u00e1l sk\u00f4r ne\u017e stla\u010d\u00ed sp\u00fa\u0161\u0165 \u2013 Fotografovanie.eu\" \/>\n<meta property=\"og:description\" content=\"Ako fotograf vid\u00ed svetlo \u2013 \u010do si v\u0161\u00edma profesion\u00e1l sk\u00f4r ne\u017e stla\u010d\u00ed sp\u00fa\u0161\u0165 Svetlo vo fotografii \u2022 Fotografick\u00e1 prax \u2022 \u010cas \u010d\u00edtania: 12 min\u00fat Ke\u010f sa niekto Praktick\u00e9 tipy, n\u00e1vody a trendy zo sveta fotografie. Ako fotograf vid\u00ed svetlo? Nau\u010dte sa vn\u00edma\u0165 smer svetla, kontrast a atmosf\u00e9ru tak, ako to robia profesion\u00e1lni fotografi. Praktick\u00e9 sk\u00fasenosti z re\u00e1lneho fotografovania.\" \/>\n<meta property=\"og:url\" content=\"https:\/\/fotografovanie.eu\/en\/ako-fotograf-vidi-svetlo\/\" \/>\n<meta property=\"og:site_name\" content=\"Modern\u00fd magaz\u00edn o fotografii\" \/>\n<meta property=\"article:published_time\" content=\"2026-03-11T16:48:53+00:00\" \/>\n<meta property=\"article:modified_time\" content=\"2026-03-11T16:48:54+00:00\" \/>\n<meta property=\"og:image\" content=\"https:\/\/fotografovanie.eu\/wp-content\/uploads\/2026\/02\/ade636d8d96f232c8f9abd0a4384cb3cad37f5a48c17c8ab50498b68cfdc9dbe.webp\" \/>\n\t<meta property=\"og:image:width\" content=\"1024\" \/>\n\t<meta property=\"og:image:height\" content=\"1536\" \/>\n\t<meta property=\"og:image:type\" content=\"image\/webp\" \/>\n<meta name=\"author\" content=\"fotograf\" \/>\n<meta name=\"twitter:card\" content=\"summary_large_image\" \/>\n<meta name=\"twitter:label1\" content=\"Written by\" \/>\n\t<meta name=\"twitter:data1\" content=\"fotograf\" \/>\n\t<meta name=\"twitter:label2\" content=\"Estimated reading time\" \/>\n\t<meta name=\"twitter:data2\" content=\"4 minutes\" \/>\n<script type=\"application\/ld+json\" class=\"yoast-schema-graph\">{\"@context\":\"https:\\\/\\\/schema.org\",\"@graph\":[{\"@type\":\"Article\",\"@id\":\"https:\\\/\\\/fotografovanie.eu\\\/ako-fotograf-vidi-svetlo\\\/#article\",\"isPartOf\":{\"@id\":\"https:\\\/\\\/fotografovanie.eu\\\/ako-fotograf-vidi-svetlo\\\/\"},\"author\":{\"name\":\"fotograf\",\"@id\":\"https:\\\/\\\/fotografovanie.eu\\\/#\\\/schema\\\/person\\\/b61f1c3bde5c2b19f8d96cf591b65d4b\"},\"headline\":\"Ako fotograf vid\u00ed svetlo \u2013 \u010do si v\u0161\u00edma profesion\u00e1l sk\u00f4r ne\u017e stla\u010d\u00ed sp\u00fa\u0161\u0165\",\"datePublished\":\"2026-03-11T16:48:53+00:00\",\"dateModified\":\"2026-03-11T16:48:54+00:00\",\"mainEntityOfPage\":{\"@id\":\"https:\\\/\\\/fotografovanie.eu\\\/ako-fotograf-vidi-svetlo\\\/\"},\"wordCount\":717,\"publisher\":{\"@id\":\"https:\\\/\\\/fotografovanie.eu\\\/#organization\"},\"image\":{\"@id\":\"https:\\\/\\\/fotografovanie.eu\\\/ako-fotograf-vidi-svetlo\\\/#primaryimage\"},\"thumbnailUrl\":\"https:\\\/\\\/fotografovanie.eu\\\/wp-content\\\/uploads\\\/2026\\\/02\\\/ade636d8d96f232c8f9abd0a4384cb3cad37f5a48c17c8ab50498b68cfdc9dbe.webp\",\"keywords\":[\"Pre za\u010diiato\u010dn\u00edkov\"],\"articleSection\":[\"Pre za\u010diiato\u010dn\u00edkov\"],\"inLanguage\":\"en-GB\"},{\"@type\":\"WebPage\",\"@id\":\"https:\\\/\\\/fotografovanie.eu\\\/ako-fotograf-vidi-svetlo\\\/\",\"url\":\"https:\\\/\\\/fotografovanie.eu\\\/ako-fotograf-vidi-svetlo\\\/\",\"name\":\"Ako fotograf vid\u00ed svetlo \u2013 \u010do si v\u0161\u00edma profesion\u00e1l sk\u00f4r ne\u017e stla\u010d\u00ed sp\u00fa\u0161\u0165 \u2013 Fotografovanie.eu\",\"isPartOf\":{\"@id\":\"https:\\\/\\\/fotografovanie.eu\\\/#website\"},\"primaryImageOfPage\":{\"@id\":\"https:\\\/\\\/fotografovanie.eu\\\/ako-fotograf-vidi-svetlo\\\/#primaryimage\"},\"image\":{\"@id\":\"https:\\\/\\\/fotografovanie.eu\\\/ako-fotograf-vidi-svetlo\\\/#primaryimage\"},\"thumbnailUrl\":\"https:\\\/\\\/fotografovanie.eu\\\/wp-content\\\/uploads\\\/2026\\\/02\\\/ade636d8d96f232c8f9abd0a4384cb3cad37f5a48c17c8ab50498b68cfdc9dbe.webp\",\"datePublished\":\"2026-03-11T16:48:53+00:00\",\"dateModified\":\"2026-03-11T16:48:54+00:00\",\"description\":\"Ako fotograf vid\u00ed svetlo \u2013 \u010do si v\u0161\u00edma profesion\u00e1l sk\u00f4r ne\u017e stla\u010d\u00ed sp\u00fa\u0161\u0165 Svetlo vo fotografii \u2022 Fotografick\u00e1 prax \u2022 \u010cas \u010d\u00edtania: 12 min\u00fat Ke\u010f sa niekto Praktick\u00e9 tipy, n\u00e1vody a trendy zo sveta fotografie. Ako fotograf vid\u00ed svetlo? Nau\u010dte sa vn\u00edma\u0165 smer svetla, kontrast a atmosf\u00e9ru tak, ako to robia profesion\u00e1lni fotografi. Praktick\u00e9 sk\u00fasenosti z re\u00e1lneho fotografovania.\",\"breadcrumb\":{\"@id\":\"https:\\\/\\\/fotografovanie.eu\\\/ako-fotograf-vidi-svetlo\\\/#breadcrumb\"},\"inLanguage\":\"en-GB\",\"potentialAction\":[{\"@type\":\"ReadAction\",\"target\":[\"https:\\\/\\\/fotografovanie.eu\\\/ako-fotograf-vidi-svetlo\\\/\"]}]},{\"@type\":\"ImageObject\",\"inLanguage\":\"en-GB\",\"@id\":\"https:\\\/\\\/fotografovanie.eu\\\/ako-fotograf-vidi-svetlo\\\/#primaryimage\",\"url\":\"https:\\\/\\\/fotografovanie.eu\\\/wp-content\\\/uploads\\\/2026\\\/02\\\/ade636d8d96f232c8f9abd0a4384cb3cad37f5a48c17c8ab50498b68cfdc9dbe.webp\",\"contentUrl\":\"https:\\\/\\\/fotografovanie.eu\\\/wp-content\\\/uploads\\\/2026\\\/02\\\/ade636d8d96f232c8f9abd0a4384cb3cad37f5a48c17c8ab50498b68cfdc9dbe.webp\",\"width\":1024,\"height\":1536,\"caption\":\"Nevesta a \u017een\u00edch p\u00f3zuj\u00fa po\u010das svadobn\u00e9ho fotenia, fotograf zachyt\u00e1va em\u00f3cie a detaily obradu\"},{\"@type\":\"BreadcrumbList\",\"@id\":\"https:\\\/\\\/fotografovanie.eu\\\/ako-fotograf-vidi-svetlo\\\/#breadcrumb\",\"itemListElement\":[{\"@type\":\"ListItem\",\"position\":1,\"name\":\"Domov\",\"item\":\"https:\\\/\\\/fotografovanie.eu\\\/\"},{\"@type\":\"ListItem\",\"position\":2,\"name\":\"Ako fotograf vid\u00ed svetlo \u2013 \u010do si v\u0161\u00edma profesion\u00e1l sk\u00f4r ne\u017e stla\u010d\u00ed sp\u00fa\u0161\u0165\"}]},{\"@type\":\"WebSite\",\"@id\":\"https:\\\/\\\/fotografovanie.eu\\\/#website\",\"url\":\"https:\\\/\\\/fotografovanie.eu\\\/\",\"name\":\"Modern\u00fd magaz\u00edn o fotografii\",\"description\":\"\",\"publisher\":{\"@id\":\"https:\\\/\\\/fotografovanie.eu\\\/#organization\"},\"potentialAction\":[{\"@type\":\"SearchAction\",\"target\":{\"@type\":\"EntryPoint\",\"urlTemplate\":\"https:\\\/\\\/fotografovanie.eu\\\/?s={search_term_string}\"},\"query-input\":{\"@type\":\"PropertyValueSpecification\",\"valueRequired\":true,\"valueName\":\"search_term_string\"}}],\"inLanguage\":\"en-GB\"},{\"@type\":\"Organization\",\"@id\":\"https:\\\/\\\/fotografovanie.eu\\\/#organization\",\"name\":\"Fotografovanie.eu\",\"alternateName\":\"Blog o fotografovan\u00ed\",\"url\":\"https:\\\/\\\/fotografovanie.eu\\\/\",\"logo\":{\"@type\":\"ImageObject\",\"inLanguage\":\"en-GB\",\"@id\":\"https:\\\/\\\/fotografovanie.eu\\\/#\\\/schema\\\/logo\\\/image\\\/\",\"url\":\"https:\\\/\\\/fotografovanie.eu\\\/wp-content\\\/uploads\\\/2026\\\/01\\\/cropped-0aaf3e3322a519e411873510629b829197a60c1506f5632424da96c13ebeedf4-2.webp\",\"contentUrl\":\"https:\\\/\\\/fotografovanie.eu\\\/wp-content\\\/uploads\\\/2026\\\/01\\\/cropped-0aaf3e3322a519e411873510629b829197a60c1506f5632424da96c13ebeedf4-2.webp\",\"width\":85,\"height\":62,\"caption\":\"Fotografovanie.eu\"},\"image\":{\"@id\":\"https:\\\/\\\/fotografovanie.eu\\\/#\\\/schema\\\/logo\\\/image\\\/\"}},{\"@type\":\"Person\",\"@id\":\"https:\\\/\\\/fotografovanie.eu\\\/#\\\/schema\\\/person\\\/b61f1c3bde5c2b19f8d96cf591b65d4b\",\"name\":\"fotograf\",\"image\":{\"@type\":\"ImageObject\",\"inLanguage\":\"en-GB\",\"@id\":\"https:\\\/\\\/secure.gravatar.com\\\/avatar\\\/9d9b62d4ef8f95cbb50bd1d4f4d90625767e3c665eec5470448cf0917c71e5a3?s=96&d=mm&r=g\",\"url\":\"https:\\\/\\\/secure.gravatar.com\\\/avatar\\\/9d9b62d4ef8f95cbb50bd1d4f4d90625767e3c665eec5470448cf0917c71e5a3?s=96&d=mm&r=g\",\"contentUrl\":\"https:\\\/\\\/secure.gravatar.com\\\/avatar\\\/9d9b62d4ef8f95cbb50bd1d4f4d90625767e3c665eec5470448cf0917c71e5a3?s=96&d=mm&r=g\",\"caption\":\"fotograf\"},\"url\":\"https:\\\/\\\/fotografovanie.eu\\\/en\\\/author\\\/fotograf\\\/\"}]}<\/script>\n<!-- \/ Yoast SEO plugin. -->","yoast_head_json":{"title":"Ako fotograf vid\u00ed svetlo \u2013 \u010do si v\u0161\u00edma profesion\u00e1l sk\u00f4r ne\u017e stla\u010d\u00ed sp\u00fa\u0161\u0165 \u2013 Fotografovanie.eu","description":"Ako fotograf vid\u00ed svetlo \u2013 \u010do si v\u0161\u00edma profesion\u00e1l sk\u00f4r ne\u017e stla\u010d\u00ed sp\u00fa\u0161\u0165 Svetlo vo fotografii \u2022 Fotografick\u00e1 prax \u2022 \u010cas \u010d\u00edtania: 12 min\u00fat Ke\u010f sa niekto Praktick\u00e9 tipy, n\u00e1vody a trendy zo sveta fotografie. Ako fotograf vid\u00ed svetlo? Nau\u010dte sa vn\u00edma\u0165 smer svetla, kontrast a atmosf\u00e9ru tak, ako to robia profesion\u00e1lni fotografi. Praktick\u00e9 sk\u00fasenosti z re\u00e1lneho fotografovania.","robots":{"index":"index","follow":"follow","max-snippet":"max-snippet:-1","max-image-preview":"max-image-preview:large","max-video-preview":"max-video-preview:-1"},"canonical":"https:\/\/fotografovanie.eu\/en\/ako-fotograf-vidi-svetlo\/","og_locale":"en_GB","og_type":"article","og_title":"Ako fotograf vid\u00ed svetlo \u2013 \u010do si v\u0161\u00edma profesion\u00e1l sk\u00f4r ne\u017e stla\u010d\u00ed sp\u00fa\u0161\u0165 \u2013 Fotografovanie.eu","og_description":"Ako fotograf vid\u00ed svetlo \u2013 \u010do si v\u0161\u00edma profesion\u00e1l sk\u00f4r ne\u017e stla\u010d\u00ed sp\u00fa\u0161\u0165 Svetlo vo fotografii \u2022 Fotografick\u00e1 prax \u2022 \u010cas \u010d\u00edtania: 12 min\u00fat Ke\u010f sa niekto Praktick\u00e9 tipy, n\u00e1vody a trendy zo sveta fotografie. Ako fotograf vid\u00ed svetlo? Nau\u010dte sa vn\u00edma\u0165 smer svetla, kontrast a atmosf\u00e9ru tak, ako to robia profesion\u00e1lni fotografi. Praktick\u00e9 sk\u00fasenosti z re\u00e1lneho fotografovania.","og_url":"https:\/\/fotografovanie.eu\/en\/ako-fotograf-vidi-svetlo\/","og_site_name":"Modern\u00fd magaz\u00edn o fotografii","article_published_time":"2026-03-11T16:48:53+00:00","article_modified_time":"2026-03-11T16:48:54+00:00","og_image":[{"width":1024,"height":1536,"url":"https:\/\/fotografovanie.eu\/wp-content\/uploads\/2026\/02\/ade636d8d96f232c8f9abd0a4384cb3cad37f5a48c17c8ab50498b68cfdc9dbe.webp","type":"image\/webp"}],"author":"fotograf","twitter_card":"summary_large_image","twitter_misc":{"Written by":"fotograf","Estimated reading time":"4 minutes"},"schema":{"@context":"https:\/\/schema.org","@graph":[{"@type":"Article","@id":"https:\/\/fotografovanie.eu\/ako-fotograf-vidi-svetlo\/#article","isPartOf":{"@id":"https:\/\/fotografovanie.eu\/ako-fotograf-vidi-svetlo\/"},"author":{"name":"fotograf","@id":"https:\/\/fotografovanie.eu\/#\/schema\/person\/b61f1c3bde5c2b19f8d96cf591b65d4b"},"headline":"Ako fotograf vid\u00ed svetlo \u2013 \u010do si v\u0161\u00edma profesion\u00e1l sk\u00f4r ne\u017e stla\u010d\u00ed sp\u00fa\u0161\u0165","datePublished":"2026-03-11T16:48:53+00:00","dateModified":"2026-03-11T16:48:54+00:00","mainEntityOfPage":{"@id":"https:\/\/fotografovanie.eu\/ako-fotograf-vidi-svetlo\/"},"wordCount":717,"publisher":{"@id":"https:\/\/fotografovanie.eu\/#organization"},"image":{"@id":"https:\/\/fotografovanie.eu\/ako-fotograf-vidi-svetlo\/#primaryimage"},"thumbnailUrl":"https:\/\/fotografovanie.eu\/wp-content\/uploads\/2026\/02\/ade636d8d96f232c8f9abd0a4384cb3cad37f5a48c17c8ab50498b68cfdc9dbe.webp","keywords":["Pre za\u010diiato\u010dn\u00edkov"],"articleSection":["Pre za\u010diiato\u010dn\u00edkov"],"inLanguage":"en-GB"},{"@type":"WebPage","@id":"https:\/\/fotografovanie.eu\/ako-fotograf-vidi-svetlo\/","url":"https:\/\/fotografovanie.eu\/ako-fotograf-vidi-svetlo\/","name":"Ako fotograf vid\u00ed svetlo \u2013 \u010do si v\u0161\u00edma profesion\u00e1l sk\u00f4r ne\u017e stla\u010d\u00ed sp\u00fa\u0161\u0165 \u2013 Fotografovanie.eu","isPartOf":{"@id":"https:\/\/fotografovanie.eu\/#website"},"primaryImageOfPage":{"@id":"https:\/\/fotografovanie.eu\/ako-fotograf-vidi-svetlo\/#primaryimage"},"image":{"@id":"https:\/\/fotografovanie.eu\/ako-fotograf-vidi-svetlo\/#primaryimage"},"thumbnailUrl":"https:\/\/fotografovanie.eu\/wp-content\/uploads\/2026\/02\/ade636d8d96f232c8f9abd0a4384cb3cad37f5a48c17c8ab50498b68cfdc9dbe.webp","datePublished":"2026-03-11T16:48:53+00:00","dateModified":"2026-03-11T16:48:54+00:00","description":"Ako fotograf vid\u00ed svetlo \u2013 \u010do si v\u0161\u00edma profesion\u00e1l sk\u00f4r ne\u017e stla\u010d\u00ed sp\u00fa\u0161\u0165 Svetlo vo fotografii \u2022 Fotografick\u00e1 prax \u2022 \u010cas \u010d\u00edtania: 12 min\u00fat Ke\u010f sa niekto Praktick\u00e9 tipy, n\u00e1vody a trendy zo sveta fotografie. Ako fotograf vid\u00ed svetlo? Nau\u010dte sa vn\u00edma\u0165 smer svetla, kontrast a atmosf\u00e9ru tak, ako to robia profesion\u00e1lni fotografi. Praktick\u00e9 sk\u00fasenosti z re\u00e1lneho fotografovania.","breadcrumb":{"@id":"https:\/\/fotografovanie.eu\/ako-fotograf-vidi-svetlo\/#breadcrumb"},"inLanguage":"en-GB","potentialAction":[{"@type":"ReadAction","target":["https:\/\/fotografovanie.eu\/ako-fotograf-vidi-svetlo\/"]}]},{"@type":"ImageObject","inLanguage":"en-GB","@id":"https:\/\/fotografovanie.eu\/ako-fotograf-vidi-svetlo\/#primaryimage","url":"https:\/\/fotografovanie.eu\/wp-content\/uploads\/2026\/02\/ade636d8d96f232c8f9abd0a4384cb3cad37f5a48c17c8ab50498b68cfdc9dbe.webp","contentUrl":"https:\/\/fotografovanie.eu\/wp-content\/uploads\/2026\/02\/ade636d8d96f232c8f9abd0a4384cb3cad37f5a48c17c8ab50498b68cfdc9dbe.webp","width":1024,"height":1536,"caption":"Nevesta a \u017een\u00edch p\u00f3zuj\u00fa po\u010das svadobn\u00e9ho fotenia, fotograf zachyt\u00e1va em\u00f3cie a detaily obradu"},{"@type":"BreadcrumbList","@id":"https:\/\/fotografovanie.eu\/ako-fotograf-vidi-svetlo\/#breadcrumb","itemListElement":[{"@type":"ListItem","position":1,"name":"Domov","item":"https:\/\/fotografovanie.eu\/"},{"@type":"ListItem","position":2,"name":"Ako fotograf vid\u00ed svetlo \u2013 \u010do si v\u0161\u00edma profesion\u00e1l sk\u00f4r ne\u017e stla\u010d\u00ed sp\u00fa\u0161\u0165"}]},{"@type":"WebSite","@id":"https:\/\/fotografovanie.eu\/#website","url":"https:\/\/fotografovanie.eu\/","name":"Modern\u00fd magaz\u00edn o fotografii","description":"","publisher":{"@id":"https:\/\/fotografovanie.eu\/#organization"},"potentialAction":[{"@type":"SearchAction","target":{"@type":"EntryPoint","urlTemplate":"https:\/\/fotografovanie.eu\/?s={search_term_string}"},"query-input":{"@type":"PropertyValueSpecification","valueRequired":true,"valueName":"search_term_string"}}],"inLanguage":"en-GB"},{"@type":"Organization","@id":"https:\/\/fotografovanie.eu\/#organization","name":"Fotografovanie.eu","alternateName":"Blog o fotografovan\u00ed","url":"https:\/\/fotografovanie.eu\/","logo":{"@type":"ImageObject","inLanguage":"en-GB","@id":"https:\/\/fotografovanie.eu\/#\/schema\/logo\/image\/","url":"https:\/\/fotografovanie.eu\/wp-content\/uploads\/2026\/01\/cropped-0aaf3e3322a519e411873510629b829197a60c1506f5632424da96c13ebeedf4-2.webp","contentUrl":"https:\/\/fotografovanie.eu\/wp-content\/uploads\/2026\/01\/cropped-0aaf3e3322a519e411873510629b829197a60c1506f5632424da96c13ebeedf4-2.webp","width":85,"height":62,"caption":"Fotografovanie.eu"},"image":{"@id":"https:\/\/fotografovanie.eu\/#\/schema\/logo\/image\/"}},{"@type":"Person","@id":"https:\/\/fotografovanie.eu\/#\/schema\/person\/b61f1c3bde5c2b19f8d96cf591b65d4b","name":"fotograf","image":{"@type":"ImageObject","inLanguage":"en-GB","@id":"https:\/\/secure.gravatar.com\/avatar\/9d9b62d4ef8f95cbb50bd1d4f4d90625767e3c665eec5470448cf0917c71e5a3?s=96&d=mm&r=g","url":"https:\/\/secure.gravatar.com\/avatar\/9d9b62d4ef8f95cbb50bd1d4f4d90625767e3c665eec5470448cf0917c71e5a3?s=96&d=mm&r=g","contentUrl":"https:\/\/secure.gravatar.com\/avatar\/9d9b62d4ef8f95cbb50bd1d4f4d90625767e3c665eec5470448cf0917c71e5a3?s=96&d=mm&r=g","caption":"fotograf"},"url":"https:\/\/fotografovanie.eu\/en\/author\/fotograf\/"}]}},"_links":{"self":[{"href":"https:\/\/fotografovanie.eu\/en\/wp-json\/wp\/v2\/posts\/14166","targetHints":{"allow":["GET"]}}],"collection":[{"href":"https:\/\/fotografovanie.eu\/en\/wp-json\/wp\/v2\/posts"}],"about":[{"href":"https:\/\/fotografovanie.eu\/en\/wp-json\/wp\/v2\/types\/post"}],"author":[{"embeddable":true,"href":"https:\/\/fotografovanie.eu\/en\/wp-json\/wp\/v2\/users\/4"}],"replies":[{"embeddable":true,"href":"https:\/\/fotografovanie.eu\/en\/wp-json\/wp\/v2\/comments?post=14166"}],"version-history":[{"count":0,"href":"https:\/\/fotografovanie.eu\/en\/wp-json\/wp\/v2\/posts\/14166\/revisions"}],"wp:featuredmedia":[{"embeddable":true,"href":"https:\/\/fotografovanie.eu\/en\/wp-json\/wp\/v2\/media\/13148"}],"wp:attachment":[{"href":"https:\/\/fotografovanie.eu\/en\/wp-json\/wp\/v2\/media?parent=14166"}],"wp:term":[{"taxonomy":"category","embeddable":true,"href":"https:\/\/fotografovanie.eu\/en\/wp-json\/wp\/v2\/categories?post=14166"},{"taxonomy":"post_tag","embeddable":true,"href":"https:\/\/fotografovanie.eu\/en\/wp-json\/wp\/v2\/tags?post=14166"}],"curies":[{"name":"wp","href":"https:\/\/api.w.org\/{rel}","templated":true}]}}