{"id":14168,"date":"2026-03-11T17:51:33","date_gmt":"2026-03-11T16:51:33","guid":{"rendered":"https:\/\/fotografovanie.eu\/?p=14168"},"modified":"2026-03-11T17:51:35","modified_gmt":"2026-03-11T16:51:35","slug":"ako-fotograf-cita-scenu","status":"publish","type":"post","link":"https:\/\/fotografovanie.eu\/en\/ako-fotograf-cita-scenu\/","title":{"rendered":"Ako fotograf \u010d\u00edta sc\u00e9nu \u2013 \u010do si profesion\u00e1l v\u0161imne sk\u00f4r ne\u017e vytiahne fotoapar\u00e1t"},"content":{"rendered":"<div class=\"fc-article\">\n<div class=\"fc-hero\">\n<h1>Ako fotograf \u010d\u00edta sc\u00e9nu \u2013 \u010do si profesion\u00e1l v\u0161imne sk\u00f4r ne\u017e vytiahne fotoapar\u00e1t<\/h1>\n<div class=\"fc-meta\">Fotografick\u00e9 myslenie \u2022 Kompoz\u00edcia \u2022 \u010cas \u010d\u00edtania: 14 min\u00fat<\/div>\n<\/div>\n<div class=\"fc-intro\">\nV\u00e4\u010d\u0161ina \u013eud\u00ed vid\u00ed fotografiu a\u017e vo chv\u00edli, ke\u010f sa pozrie na displej fotoapar\u00e1tu. Fotograf ju v\u0161ak \u010dasto vid\u00ed e\u0161te sk\u00f4r, ne\u017e v\u00f4bec zdvihne fotoapar\u00e1t k oku. Tento rozdiel je jednou z najv\u00e4\u010d\u0161\u00edch vec\u00ed, ktor\u00e9 odli\u0161uj\u00fa za\u010diato\u010dn\u00edka od sk\u00fasen\u00e9ho fotografa.<\/p>\n<p>Ke\u010f fotograf pr\u00edde na nov\u00e9 miesto, neza\u010dne okam\u017eite fotografova\u0165. Najprv sa pozer\u00e1. Sleduje svetlo, pozoruje pohyb \u013eud\u00ed, v\u0161\u00edma si l\u00ednie v priestore a prem\u00fd\u0161\u013ea nad t\u00fdm, kde by mohla vznikn\u00fa\u0165 siln\u00e1 fotografia. Tento proces sa \u010dasto deje ve\u013emi r\u00fdchlo \u2013 niekedy v priebehu p\u00e1r sek\u00fand. No pr\u00e1ve vtedy sa rozhoduje, \u010di fotografia bude oby\u010dajn\u00e1 alebo zauj\u00edmav\u00e1.<\/p>\n<p>Po rokoch fotografovania som si uvedomil, \u017ee schopnos\u0165 \u010d\u00edta\u0165 sc\u00e9nu je jedna z najd\u00f4le\u017eitej\u0161\u00edch zru\u010dnost\u00ed fotografa. A dobr\u00e1 spr\u00e1va je, \u017ee sa d\u00e1 nau\u010di\u0165.\n<\/p><\/div>\n<div class=\"fc-image\">\n<img decoding=\"async\" src=\"https:\/\/fotografovanie.eu\/wp-content\/uploads\/2026\/02\/0be4454a6e45493afed4143386a663fb988d9c686fa496f25ca18d607f5e808f.jpg\" alt=\"Rodi\u010dia sleduj\u00fa deti po\u010das rodinn\u00e9ho fotenia na l\u00fake, prirodzen\u00e9 svetlo zv\u00fdraz\u0148uje em\u00f3cie a rados\u0165\">\n<\/div>\n<p>\nPredstavte si situ\u00e1ciu. Pr\u00eddete na miesto s kr\u00e1snym v\u00fdh\u013eadom. V\u00e4\u010d\u0161ina \u013eud\u00ed okam\u017eite vytiahne mobil a sprav\u00ed fotografiu. Sk\u00fasen\u00fd fotograf v\u0161ak najprv chv\u00ed\u013eu stoj\u00ed a pozer\u00e1 sa. V\u0161\u00edma si, ako svetlo dopad\u00e1 na krajinu, kde vznikaj\u00fa tiene a \u010di sa v sc\u00e9ne nach\u00e1dza prvok, ktor\u00fd m\u00f4\u017ee fotografiu urobi\u0165 zauj\u00edmavej\u0161ou.\n<\/p>\n<p>\n\u010casto sa toti\u017e st\u00e1va, \u017ee samotn\u00e1 sc\u00e9na nie je a\u017e tak\u00e1 d\u00f4le\u017eit\u00e1 ako sp\u00f4sob, ak\u00fdm ju fotograf uvid\u00ed. Aj oby\u010dajn\u00e9 miesto m\u00f4\u017ee vyzera\u0165 fantasticky, ak sa spr\u00e1vne vyu\u017eije svetlo a kompoz\u00edcia.\n<\/p>\n<h2>Prv\u00e1 vec, ktor\u00fa fotograf h\u013ead\u00e1, je svetlo<\/h2>\n<p>\nSvetlo je z\u00e1klad fotografie. Sk\u00fasen\u00fd fotograf preto pri poh\u013eade na sc\u00e9nu najsk\u00f4r analyzuje sveteln\u00e9 podmienky. Sleduje smer svetla, jeho intenzitu a farbu. Tieto faktory toti\u017e ur\u010duj\u00fa atmosf\u00e9ru fotografie.\n<\/p>\n<p>\nAk v\u00e1s pr\u00e1ca so svetlom zauj\u00edma viac, odpor\u00fa\u010dam pre\u010d\u00edta\u0165 aj \u010dl\u00e1nok <a href=\"https:\/\/fotografovanie.eu\/en\/ako-fotograf-vidi-svetlo\/\">ako fotograf vid\u00ed svetlo<\/a>, kde t\u00fato t\u00e9mu rozober\u00e1me podrobnej\u0161ie.\n<\/p>\n<div class=\"fc-grid\">\n<div class=\"fc-card\">odkia\u013e prich\u00e1dza svetlo<\/div>\n<div class=\"fc-card\">ako svetlo dopad\u00e1 na objekty<\/div>\n<div class=\"fc-card\">ak\u00e9 tiene vytv\u00e1ra<\/div>\n<div class=\"fc-card\">\u010di sa svetlo bude meni\u0165<\/div>\n<\/div>\n<p>\nNapr\u00edklad pri z\u00e1pade slnka m\u00f4\u017ee by\u0165 sc\u00e9na ka\u017ed\u00fa min\u00fatu \u00faplne in\u00e1. Fotograf preto \u010dasto \u010dak\u00e1 na moment, ke\u010f sa svetlo dostane do spr\u00e1vnej poz\u00edcie.\n<\/p>\n<h2>Kompoz\u00edcia \u2013 kde bude hlavn\u00fd objekt<\/h2>\n<p>\nKe\u010f fotograf pochop\u00ed svetlo, za\u010dne prem\u00fd\u0161\u013ea\u0165 o kompoz\u00edcii. H\u013ead\u00e1 miesto, odkia\u013e bude fotografia fungova\u0165 najlep\u0161ie. M\u00f4\u017ee to by\u0165 zmena uhla, posunutie o p\u00e1r krokov alebo v\u00fdber \u00faplne inej perspekt\u00edvy.\n<\/p>\n<p>\nAk sa chcete nau\u010di\u0165 viac o kompoz\u00edcii, pozrite si aj \u010dl\u00e1nok <a href=\"https:\/\/fotografovanie.eu\/en\/kompozicia-vo-fotografii-ako-vytvorit-vizualne-silne-fotografie-krok-za-krokom\/\">kompoz\u00edcia vo fotografii<\/a>.\n<\/p>\n<div class=\"fc-image\">\n<img decoding=\"async\" src=\"https:\/\/fotografovanie.eu\/wp-content\/uploads\/2026\/02\/eab9d429b457e2a0e9a13ea8e5803df3e6adbb1c84838fce181fdb6294c9d9d5.jpg\" alt=\"Rodina s de\u0165mi sa hr\u00e1 a fot\u00ed na l\u00fake po\u010das prirodzen\u00e9ho svetla\">\n<\/div>\n<p>\nVe\u013emi \u010dasto sta\u010d\u00ed urobi\u0165 mal\u00fa zmenu \u2013 napr\u00edklad zakomponova\u0165 strom do popredia alebo vyu\u017ei\u0165 cestu ako l\u00edniu, ktor\u00e1 vedie poh\u013ead div\u00e1ka cez fotografiu.\n<\/p>\n<h2>Moment, ktor\u00fd rob\u00ed fotografiu zauj\u00edmavou<\/h2>\n<p>\nAj perfektne nasvieten\u00e1 a skomponovan\u00e1 fotografia m\u00f4\u017ee by\u0165 nudn\u00e1, ak jej ch\u00fdba moment. Fotograf preto \u010dasto sleduje pohyb \u013eud\u00ed alebo zvierat a \u010dak\u00e1 na spr\u00e1vny okamih.\n<\/p>\n<p>\nV pouli\u010dnej fotografii m\u00f4\u017ee by\u0165 t\u00fdm momentom napr\u00edklad \u010dlovek prech\u00e1dzaj\u00faci cez sveteln\u00fd l\u00fa\u010d. V krajin\u00e1rskej fotografii to m\u00f4\u017ee by\u0165 oblak, ktor\u00fd sa dostane do spr\u00e1vnej poz\u00edcie na oblohe.\n<\/p>\n<div class=\"fc-highlight\">\nNajsilnej\u0161ie fotografie \u010dasto vznikaj\u00fa vtedy, ke\u010f sa stretn\u00fa tri veci \u2013 svetlo, kompoz\u00edcia a moment.\n<\/div>\n<h2>Pre\u010do fotograf niekedy \u010dak\u00e1 aj hodinu<\/h2>\n<p>\nZa\u010diato\u010dn\u00edci \u010dasto robia ve\u013ea fotografi\u00ed v kr\u00e1tkom \u010dase. Sk\u00fasen\u00ed fotografi robia opak \u2013 fotografuj\u00fa menej, ale prem\u00fd\u0161\u013eaj\u00fa viac. Niekedy sta\u010d\u00ed p\u00e1r min\u00fat \u010dakania a fotografia m\u00f4\u017ee vyzera\u0165 \u00faplne inak.\n<\/p>\n<p>\nTrpezlivos\u0165 je preto jednou z najd\u00f4le\u017eitej\u0161\u00edch vlastnost\u00ed fotografa.\n<\/p>\n<div class=\"fc-quote\">\nFotografia nie je len o stla\u010den\u00ed sp\u00fa\u0161te. Je o tom, ako fotograf vid\u00ed svet okolo seba.\n<\/div>\n<h2>Ako sa nau\u010di\u0165 \u010d\u00edta\u0165 sc\u00e9nu<\/h2>\n<p>\nNajlep\u0161\u00edm sp\u00f4sobom je pozorovanie. Sk\u00faste sa niekedy zastavi\u0165 na mieste a p\u00e1r min\u00fat sledova\u0165 svetlo a priestor okolo seba. Postupne si za\u010dnete v\u0161\u00edma\u0165 detaily, ktor\u00e9 ste predt\u00fdm nevideli.\n<\/p>\n<p>\nPr\u00e1ve tento sp\u00f4sob myslenia odli\u0161uje fotografa od \u010dloveka, ktor\u00fd len rob\u00ed fotografie.\n<\/p>\n<div class=\"fc-faq\">\n<h2>\u010cast\u00e9 ot\u00e1zky<\/h2>\n<details>\n<summary>\u010co znamen\u00e1 \u010d\u00edta\u0165 sc\u00e9nu vo fotografii?<\/summary>\n<p>Ide o schopnos\u0165 analyzova\u0165 svetlo, kompoz\u00edciu a moment e\u0161te predt\u00fdm, ne\u017e fotograf urob\u00ed z\u00e1ber.<\/p>\n<\/details>\n<details>\n<summary>Pre\u010do dobr\u00ed fotografi \u010dakaj\u00fa na moment?<\/summary>\n<p>Preto\u017ee spr\u00e1vny moment m\u00f4\u017ee zmeni\u0165 oby\u010dajn\u00fa fotografiu na siln\u00fd vizu\u00e1lny pr\u00edbeh.<\/p>\n<\/details>\n<details>\n<summary>D\u00e1 sa t\u00e1to schopnos\u0165 nau\u010di\u0165?<\/summary>\n<p>\u00c1no. Najlep\u0161\u00edm sp\u00f4sobom je pozorovanie svetla a prax pri fotografovan\u00ed.<\/p>\n<\/details>\n<\/div>\n<div class=\"fc-cta\">\n<h3>Chcete zlep\u0161i\u0165 svoje fotografie?<\/h3>\n<p>Presk\u00famajte \u010fal\u0161ie fotografick\u00e9 n\u00e1vody a postupne zlep\u0161\u00edte svoje fotografick\u00e9 myslenie aj techniku.<\/p>\n<p><a href=\"https:\/\/fotografovanie.eu\/en\/100-tipov-ako-fotit-lepsie\/\" class=\"fc-button\"><br \/>\nPozrie\u0165 fotografick\u00e9 tipy<br \/>\n<\/a><\/p>\n<\/div>\n<\/div>\n<p><script type=\"application\/ld+json\">\n{\n\"@context\":\"https:\/\/schema.org\",\n\"@type\":\"Article\",\n\"headline\":\"Ako fotograf \u010d\u00edta sc\u00e9nu \u2013 \u010do si profesion\u00e1l v\u0161imne sk\u00f4r ne\u017e vytiahne fotoapar\u00e1t\",\n\"description\":\"Ako fotograf \u010d\u00edta sc\u00e9nu e\u0161te pred stla\u010den\u00edm sp\u00fa\u0161te? Nau\u010dte sa vn\u00edma\u0165 svetlo, kompoz\u00edciu a moment ako profesion\u00e1l.\",\n\"author\":{\n\"@type\":\"Organization\",\n\"name\":\"Fotografovanie.eu\"\n},\n\"publisher\":{\n\"@type\":\"Organization\",\n\"name\":\"Fotografovanie.eu\",\n\"logo\":{\n\"@type\":\"ImageObject\",\n\"url\":\"https:\/\/fotografovanie.eu\/wp-content\/uploads\/2026\/01\/cropped-0aaf3e3322a519e411873510629b829197a60c1506f5632424da96c13ebeedf4-2.png\"\n}\n},\n\"mainEntityOfPage\":{\n\"@type\":\"WebPage\",\n\"@id\":\"https:\/\/fotografovanie.eu\/ako-fotograf-cita-scenu\/\"\n},\n\"datePublished\":\"2026-03-11\",\n\"dateModified\":\"2026-03-11\",\n\"inLanguage\":\"sk-SK\"\n}\n<\/script><\/p>","protected":false},"excerpt":{"rendered":"<p>Ako fotograf \u010d\u00edta sc\u00e9nu \u2013 \u010do si profesion\u00e1l v\u0161imne sk\u00f4r ne\u017e vytiahne fotoapar\u00e1t Fotografick\u00e9 myslenie \u2022 Kompoz\u00edcia \u2022 \u010cas \u010d\u00edtania: 14 min\u00fat V\u00e4\u010d\u0161ina \u013eud\u00ed vid\u00ed fotografiu a\u017e vo chv\u00edli, ke\u010f sa pozrie na displej fotoapar\u00e1tu. Fotograf ju v\u0161ak \u010dasto vid\u00ed e\u0161te sk\u00f4r, ne\u017e v\u00f4bec zdvihne fotoapar\u00e1t k oku. Tento rozdiel je jednou z najv\u00e4\u010d\u0161\u00edch vec\u00ed, [&#8230;]\n","protected":false},"author":4,"featured_media":13142,"comment_status":"closed","ping_status":"closed","sticky":false,"template":"","format":"standard","meta":{"footnotes":""},"categories":[128],"tags":[129],"class_list":["post-14168","post","type-post","status-publish","format-standard","has-post-thumbnail","hentry","category-pre-zaciiatocnikov","tag-pre-zaciiatocnikov"],"yoast_head":"<!-- This site is optimized with the Yoast SEO plugin v27.4 - https:\/\/yoast.com\/product\/yoast-seo-wordpress\/ -->\n<title>Ako fotograf \u010d\u00edta sc\u00e9nu \u2013 \u010do si profesion\u00e1l v\u0161imne sk\u00f4r ne\u017e vytiahne fotoapar\u00e1t \u2013 Fotografovanie.eu<\/title>\n<meta name=\"description\" content=\"Ako fotograf \u010d\u00edta sc\u00e9nu \u2013 \u010do si profesion\u00e1l v\u0161imne sk\u00f4r ne\u017e vytiahne fotoapar\u00e1t Fotografick\u00e9 myslenie \u2022 Kompoz\u00edcia \u2022 \u010cas \u010d\u00edtania: 14 min\u00fat V\u00e4\u010d\u0161ina \u013eud\u00ed Praktick\u00e9 tipy, n\u00e1vody a trendy zo sveta fotografie. Ako fotograf \u010d\u00edta sc\u00e9nu e\u0161te pred stla\u010den\u00edm sp\u00fa\u0161te? Nau\u010dte sa vn\u00edma\u0165 svetlo, kompoz\u00edciu a moment tak, ako to robia profesion\u00e1lni fotografi s rokmi praxe.\" \/>\n<meta name=\"robots\" content=\"index, follow, max-snippet:-1, max-image-preview:large, max-video-preview:-1\" \/>\n<link rel=\"canonical\" href=\"https:\/\/fotografovanie.eu\/en\/ako-fotograf-cita-scenu\/\" \/>\n<meta property=\"og:locale\" content=\"en_GB\" \/>\n<meta property=\"og:type\" content=\"article\" \/>\n<meta property=\"og:title\" content=\"Ako fotograf \u010d\u00edta sc\u00e9nu \u2013 \u010do si profesion\u00e1l v\u0161imne sk\u00f4r ne\u017e vytiahne fotoapar\u00e1t \u2013 Fotografovanie.eu\" \/>\n<meta property=\"og:description\" content=\"Ako fotograf \u010d\u00edta sc\u00e9nu \u2013 \u010do si profesion\u00e1l v\u0161imne sk\u00f4r ne\u017e vytiahne fotoapar\u00e1t Fotografick\u00e9 myslenie \u2022 Kompoz\u00edcia \u2022 \u010cas \u010d\u00edtania: 14 min\u00fat V\u00e4\u010d\u0161ina \u013eud\u00ed Praktick\u00e9 tipy, n\u00e1vody a trendy zo sveta fotografie. Ako fotograf \u010d\u00edta sc\u00e9nu e\u0161te pred stla\u010den\u00edm sp\u00fa\u0161te? Nau\u010dte sa vn\u00edma\u0165 svetlo, kompoz\u00edciu a moment tak, ako to robia profesion\u00e1lni fotografi s rokmi praxe.\" \/>\n<meta property=\"og:url\" content=\"https:\/\/fotografovanie.eu\/en\/ako-fotograf-cita-scenu\/\" \/>\n<meta property=\"og:site_name\" content=\"Modern\u00fd magaz\u00edn o fotografii\" \/>\n<meta property=\"article:published_time\" content=\"2026-03-11T16:51:33+00:00\" \/>\n<meta property=\"article:modified_time\" content=\"2026-03-11T16:51:35+00:00\" \/>\n<meta property=\"og:image\" content=\"https:\/\/fotografovanie.eu\/wp-content\/uploads\/2026\/02\/7c05487584a85837ace15754be9bb658c2c76e8753cc2d1bddb6f20c396f2d9a.webp\" \/>\n\t<meta property=\"og:image:width\" content=\"1024\" \/>\n\t<meta property=\"og:image:height\" content=\"1536\" \/>\n\t<meta property=\"og:image:type\" content=\"image\/webp\" \/>\n<meta name=\"author\" content=\"fotograf\" \/>\n<meta name=\"twitter:card\" content=\"summary_large_image\" \/>\n<meta name=\"twitter:label1\" content=\"Written by\" \/>\n\t<meta name=\"twitter:data1\" content=\"fotograf\" \/>\n\t<meta name=\"twitter:label2\" content=\"Estimated reading time\" \/>\n\t<meta name=\"twitter:data2\" content=\"5 minutes\" \/>\n<script type=\"application\/ld+json\" class=\"yoast-schema-graph\">{\"@context\":\"https:\\\/\\\/schema.org\",\"@graph\":[{\"@type\":\"Article\",\"@id\":\"https:\\\/\\\/fotografovanie.eu\\\/ako-fotograf-cita-scenu\\\/#article\",\"isPartOf\":{\"@id\":\"https:\\\/\\\/fotografovanie.eu\\\/ako-fotograf-cita-scenu\\\/\"},\"author\":{\"name\":\"fotograf\",\"@id\":\"https:\\\/\\\/fotografovanie.eu\\\/#\\\/schema\\\/person\\\/b61f1c3bde5c2b19f8d96cf591b65d4b\"},\"headline\":\"Ako fotograf \u010d\u00edta sc\u00e9nu \u2013 \u010do si profesion\u00e1l v\u0161imne sk\u00f4r ne\u017e vytiahne fotoapar\u00e1t\",\"datePublished\":\"2026-03-11T16:51:33+00:00\",\"dateModified\":\"2026-03-11T16:51:35+00:00\",\"mainEntityOfPage\":{\"@id\":\"https:\\\/\\\/fotografovanie.eu\\\/ako-fotograf-cita-scenu\\\/\"},\"wordCount\":831,\"publisher\":{\"@id\":\"https:\\\/\\\/fotografovanie.eu\\\/#organization\"},\"image\":{\"@id\":\"https:\\\/\\\/fotografovanie.eu\\\/ako-fotograf-cita-scenu\\\/#primaryimage\"},\"thumbnailUrl\":\"https:\\\/\\\/fotografovanie.eu\\\/wp-content\\\/uploads\\\/2026\\\/02\\\/7c05487584a85837ace15754be9bb658c2c76e8753cc2d1bddb6f20c396f2d9a.webp\",\"keywords\":[\"Pre za\u010diiato\u010dn\u00edkov\"],\"articleSection\":[\"Pre za\u010diiato\u010dn\u00edkov\"],\"inLanguage\":\"en-GB\"},{\"@type\":\"WebPage\",\"@id\":\"https:\\\/\\\/fotografovanie.eu\\\/ako-fotograf-cita-scenu\\\/\",\"url\":\"https:\\\/\\\/fotografovanie.eu\\\/ako-fotograf-cita-scenu\\\/\",\"name\":\"Ako fotograf \u010d\u00edta sc\u00e9nu \u2013 \u010do si profesion\u00e1l v\u0161imne sk\u00f4r ne\u017e vytiahne fotoapar\u00e1t \u2013 Fotografovanie.eu\",\"isPartOf\":{\"@id\":\"https:\\\/\\\/fotografovanie.eu\\\/#website\"},\"primaryImageOfPage\":{\"@id\":\"https:\\\/\\\/fotografovanie.eu\\\/ako-fotograf-cita-scenu\\\/#primaryimage\"},\"image\":{\"@id\":\"https:\\\/\\\/fotografovanie.eu\\\/ako-fotograf-cita-scenu\\\/#primaryimage\"},\"thumbnailUrl\":\"https:\\\/\\\/fotografovanie.eu\\\/wp-content\\\/uploads\\\/2026\\\/02\\\/7c05487584a85837ace15754be9bb658c2c76e8753cc2d1bddb6f20c396f2d9a.webp\",\"datePublished\":\"2026-03-11T16:51:33+00:00\",\"dateModified\":\"2026-03-11T16:51:35+00:00\",\"description\":\"Ako fotograf \u010d\u00edta sc\u00e9nu \u2013 \u010do si profesion\u00e1l v\u0161imne sk\u00f4r ne\u017e vytiahne fotoapar\u00e1t Fotografick\u00e9 myslenie \u2022 Kompoz\u00edcia \u2022 \u010cas \u010d\u00edtania: 14 min\u00fat V\u00e4\u010d\u0161ina \u013eud\u00ed Praktick\u00e9 tipy, n\u00e1vody a trendy zo sveta fotografie. Ako fotograf \u010d\u00edta sc\u00e9nu e\u0161te pred stla\u010den\u00edm sp\u00fa\u0161te? Nau\u010dte sa vn\u00edma\u0165 svetlo, kompoz\u00edciu a moment tak, ako to robia profesion\u00e1lni fotografi s rokmi praxe.\",\"breadcrumb\":{\"@id\":\"https:\\\/\\\/fotografovanie.eu\\\/ako-fotograf-cita-scenu\\\/#breadcrumb\"},\"inLanguage\":\"en-GB\",\"potentialAction\":[{\"@type\":\"ReadAction\",\"target\":[\"https:\\\/\\\/fotografovanie.eu\\\/ako-fotograf-cita-scenu\\\/\"]}]},{\"@type\":\"ImageObject\",\"inLanguage\":\"en-GB\",\"@id\":\"https:\\\/\\\/fotografovanie.eu\\\/ako-fotograf-cita-scenu\\\/#primaryimage\",\"url\":\"https:\\\/\\\/fotografovanie.eu\\\/wp-content\\\/uploads\\\/2026\\\/02\\\/7c05487584a85837ace15754be9bb658c2c76e8753cc2d1bddb6f20c396f2d9a.webp\",\"contentUrl\":\"https:\\\/\\\/fotografovanie.eu\\\/wp-content\\\/uploads\\\/2026\\\/02\\\/7c05487584a85837ace15754be9bb658c2c76e8753cc2d1bddb6f20c396f2d9a.webp\",\"width\":1024,\"height\":1536,\"caption\":\"Dve deti sa hraj\u00fa na l\u00fake, rodi\u010dia sleduj\u00fa z dia\u013eky, prirodzen\u00e9 svetlo zv\u00fdraz\u0148uje smiech a pohyb\"},{\"@type\":\"BreadcrumbList\",\"@id\":\"https:\\\/\\\/fotografovanie.eu\\\/ako-fotograf-cita-scenu\\\/#breadcrumb\",\"itemListElement\":[{\"@type\":\"ListItem\",\"position\":1,\"name\":\"Domov\",\"item\":\"https:\\\/\\\/fotografovanie.eu\\\/\"},{\"@type\":\"ListItem\",\"position\":2,\"name\":\"Ako fotograf \u010d\u00edta sc\u00e9nu \u2013 \u010do si profesion\u00e1l v\u0161imne sk\u00f4r ne\u017e vytiahne fotoapar\u00e1t\"}]},{\"@type\":\"WebSite\",\"@id\":\"https:\\\/\\\/fotografovanie.eu\\\/#website\",\"url\":\"https:\\\/\\\/fotografovanie.eu\\\/\",\"name\":\"Modern\u00fd magaz\u00edn o fotografii\",\"description\":\"\",\"publisher\":{\"@id\":\"https:\\\/\\\/fotografovanie.eu\\\/#organization\"},\"potentialAction\":[{\"@type\":\"SearchAction\",\"target\":{\"@type\":\"EntryPoint\",\"urlTemplate\":\"https:\\\/\\\/fotografovanie.eu\\\/?s={search_term_string}\"},\"query-input\":{\"@type\":\"PropertyValueSpecification\",\"valueRequired\":true,\"valueName\":\"search_term_string\"}}],\"inLanguage\":\"en-GB\"},{\"@type\":\"Organization\",\"@id\":\"https:\\\/\\\/fotografovanie.eu\\\/#organization\",\"name\":\"Fotografovanie.eu\",\"alternateName\":\"Blog o fotografovan\u00ed\",\"url\":\"https:\\\/\\\/fotografovanie.eu\\\/\",\"logo\":{\"@type\":\"ImageObject\",\"inLanguage\":\"en-GB\",\"@id\":\"https:\\\/\\\/fotografovanie.eu\\\/#\\\/schema\\\/logo\\\/image\\\/\",\"url\":\"https:\\\/\\\/fotografovanie.eu\\\/wp-content\\\/uploads\\\/2026\\\/01\\\/cropped-0aaf3e3322a519e411873510629b829197a60c1506f5632424da96c13ebeedf4-2.webp\",\"contentUrl\":\"https:\\\/\\\/fotografovanie.eu\\\/wp-content\\\/uploads\\\/2026\\\/01\\\/cropped-0aaf3e3322a519e411873510629b829197a60c1506f5632424da96c13ebeedf4-2.webp\",\"width\":85,\"height\":62,\"caption\":\"Fotografovanie.eu\"},\"image\":{\"@id\":\"https:\\\/\\\/fotografovanie.eu\\\/#\\\/schema\\\/logo\\\/image\\\/\"}},{\"@type\":\"Person\",\"@id\":\"https:\\\/\\\/fotografovanie.eu\\\/#\\\/schema\\\/person\\\/b61f1c3bde5c2b19f8d96cf591b65d4b\",\"name\":\"fotograf\",\"image\":{\"@type\":\"ImageObject\",\"inLanguage\":\"en-GB\",\"@id\":\"https:\\\/\\\/secure.gravatar.com\\\/avatar\\\/9d9b62d4ef8f95cbb50bd1d4f4d90625767e3c665eec5470448cf0917c71e5a3?s=96&d=mm&r=g\",\"url\":\"https:\\\/\\\/secure.gravatar.com\\\/avatar\\\/9d9b62d4ef8f95cbb50bd1d4f4d90625767e3c665eec5470448cf0917c71e5a3?s=96&d=mm&r=g\",\"contentUrl\":\"https:\\\/\\\/secure.gravatar.com\\\/avatar\\\/9d9b62d4ef8f95cbb50bd1d4f4d90625767e3c665eec5470448cf0917c71e5a3?s=96&d=mm&r=g\",\"caption\":\"fotograf\"},\"url\":\"https:\\\/\\\/fotografovanie.eu\\\/en\\\/author\\\/fotograf\\\/\"}]}<\/script>\n<!-- \/ Yoast SEO plugin. -->","yoast_head_json":{"title":"Ako fotograf \u010d\u00edta sc\u00e9nu \u2013 \u010do si profesion\u00e1l v\u0161imne sk\u00f4r ne\u017e vytiahne fotoapar\u00e1t \u2013 Fotografovanie.eu","description":"Ako fotograf \u010d\u00edta sc\u00e9nu \u2013 \u010do si profesion\u00e1l v\u0161imne sk\u00f4r ne\u017e vytiahne fotoapar\u00e1t Fotografick\u00e9 myslenie \u2022 Kompoz\u00edcia \u2022 \u010cas \u010d\u00edtania: 14 min\u00fat V\u00e4\u010d\u0161ina \u013eud\u00ed Praktick\u00e9 tipy, n\u00e1vody a trendy zo sveta fotografie. Ako fotograf \u010d\u00edta sc\u00e9nu e\u0161te pred stla\u010den\u00edm sp\u00fa\u0161te? Nau\u010dte sa vn\u00edma\u0165 svetlo, kompoz\u00edciu a moment tak, ako to robia profesion\u00e1lni fotografi s rokmi praxe.","robots":{"index":"index","follow":"follow","max-snippet":"max-snippet:-1","max-image-preview":"max-image-preview:large","max-video-preview":"max-video-preview:-1"},"canonical":"https:\/\/fotografovanie.eu\/en\/ako-fotograf-cita-scenu\/","og_locale":"en_GB","og_type":"article","og_title":"Ako fotograf \u010d\u00edta sc\u00e9nu \u2013 \u010do si profesion\u00e1l v\u0161imne sk\u00f4r ne\u017e vytiahne fotoapar\u00e1t \u2013 Fotografovanie.eu","og_description":"Ako fotograf \u010d\u00edta sc\u00e9nu \u2013 \u010do si profesion\u00e1l v\u0161imne sk\u00f4r ne\u017e vytiahne fotoapar\u00e1t Fotografick\u00e9 myslenie \u2022 Kompoz\u00edcia \u2022 \u010cas \u010d\u00edtania: 14 min\u00fat V\u00e4\u010d\u0161ina \u013eud\u00ed Praktick\u00e9 tipy, n\u00e1vody a trendy zo sveta fotografie. Ako fotograf \u010d\u00edta sc\u00e9nu e\u0161te pred stla\u010den\u00edm sp\u00fa\u0161te? Nau\u010dte sa vn\u00edma\u0165 svetlo, kompoz\u00edciu a moment tak, ako to robia profesion\u00e1lni fotografi s rokmi praxe.","og_url":"https:\/\/fotografovanie.eu\/en\/ako-fotograf-cita-scenu\/","og_site_name":"Modern\u00fd magaz\u00edn o fotografii","article_published_time":"2026-03-11T16:51:33+00:00","article_modified_time":"2026-03-11T16:51:35+00:00","og_image":[{"width":1024,"height":1536,"url":"https:\/\/fotografovanie.eu\/wp-content\/uploads\/2026\/02\/7c05487584a85837ace15754be9bb658c2c76e8753cc2d1bddb6f20c396f2d9a.webp","type":"image\/webp"}],"author":"fotograf","twitter_card":"summary_large_image","twitter_misc":{"Written by":"fotograf","Estimated reading time":"5 minutes"},"schema":{"@context":"https:\/\/schema.org","@graph":[{"@type":"Article","@id":"https:\/\/fotografovanie.eu\/ako-fotograf-cita-scenu\/#article","isPartOf":{"@id":"https:\/\/fotografovanie.eu\/ako-fotograf-cita-scenu\/"},"author":{"name":"fotograf","@id":"https:\/\/fotografovanie.eu\/#\/schema\/person\/b61f1c3bde5c2b19f8d96cf591b65d4b"},"headline":"Ako fotograf \u010d\u00edta sc\u00e9nu \u2013 \u010do si profesion\u00e1l v\u0161imne sk\u00f4r ne\u017e vytiahne fotoapar\u00e1t","datePublished":"2026-03-11T16:51:33+00:00","dateModified":"2026-03-11T16:51:35+00:00","mainEntityOfPage":{"@id":"https:\/\/fotografovanie.eu\/ako-fotograf-cita-scenu\/"},"wordCount":831,"publisher":{"@id":"https:\/\/fotografovanie.eu\/#organization"},"image":{"@id":"https:\/\/fotografovanie.eu\/ako-fotograf-cita-scenu\/#primaryimage"},"thumbnailUrl":"https:\/\/fotografovanie.eu\/wp-content\/uploads\/2026\/02\/7c05487584a85837ace15754be9bb658c2c76e8753cc2d1bddb6f20c396f2d9a.webp","keywords":["Pre za\u010diiato\u010dn\u00edkov"],"articleSection":["Pre za\u010diiato\u010dn\u00edkov"],"inLanguage":"en-GB"},{"@type":"WebPage","@id":"https:\/\/fotografovanie.eu\/ako-fotograf-cita-scenu\/","url":"https:\/\/fotografovanie.eu\/ako-fotograf-cita-scenu\/","name":"Ako fotograf \u010d\u00edta sc\u00e9nu \u2013 \u010do si profesion\u00e1l v\u0161imne sk\u00f4r ne\u017e vytiahne fotoapar\u00e1t \u2013 Fotografovanie.eu","isPartOf":{"@id":"https:\/\/fotografovanie.eu\/#website"},"primaryImageOfPage":{"@id":"https:\/\/fotografovanie.eu\/ako-fotograf-cita-scenu\/#primaryimage"},"image":{"@id":"https:\/\/fotografovanie.eu\/ako-fotograf-cita-scenu\/#primaryimage"},"thumbnailUrl":"https:\/\/fotografovanie.eu\/wp-content\/uploads\/2026\/02\/7c05487584a85837ace15754be9bb658c2c76e8753cc2d1bddb6f20c396f2d9a.webp","datePublished":"2026-03-11T16:51:33+00:00","dateModified":"2026-03-11T16:51:35+00:00","description":"Ako fotograf \u010d\u00edta sc\u00e9nu \u2013 \u010do si profesion\u00e1l v\u0161imne sk\u00f4r ne\u017e vytiahne fotoapar\u00e1t Fotografick\u00e9 myslenie \u2022 Kompoz\u00edcia \u2022 \u010cas \u010d\u00edtania: 14 min\u00fat V\u00e4\u010d\u0161ina \u013eud\u00ed Praktick\u00e9 tipy, n\u00e1vody a trendy zo sveta fotografie. Ako fotograf \u010d\u00edta sc\u00e9nu e\u0161te pred stla\u010den\u00edm sp\u00fa\u0161te? Nau\u010dte sa vn\u00edma\u0165 svetlo, kompoz\u00edciu a moment tak, ako to robia profesion\u00e1lni fotografi s rokmi praxe.","breadcrumb":{"@id":"https:\/\/fotografovanie.eu\/ako-fotograf-cita-scenu\/#breadcrumb"},"inLanguage":"en-GB","potentialAction":[{"@type":"ReadAction","target":["https:\/\/fotografovanie.eu\/ako-fotograf-cita-scenu\/"]}]},{"@type":"ImageObject","inLanguage":"en-GB","@id":"https:\/\/fotografovanie.eu\/ako-fotograf-cita-scenu\/#primaryimage","url":"https:\/\/fotografovanie.eu\/wp-content\/uploads\/2026\/02\/7c05487584a85837ace15754be9bb658c2c76e8753cc2d1bddb6f20c396f2d9a.webp","contentUrl":"https:\/\/fotografovanie.eu\/wp-content\/uploads\/2026\/02\/7c05487584a85837ace15754be9bb658c2c76e8753cc2d1bddb6f20c396f2d9a.webp","width":1024,"height":1536,"caption":"Dve deti sa hraj\u00fa na l\u00fake, rodi\u010dia sleduj\u00fa z dia\u013eky, prirodzen\u00e9 svetlo zv\u00fdraz\u0148uje smiech a pohyb"},{"@type":"BreadcrumbList","@id":"https:\/\/fotografovanie.eu\/ako-fotograf-cita-scenu\/#breadcrumb","itemListElement":[{"@type":"ListItem","position":1,"name":"Domov","item":"https:\/\/fotografovanie.eu\/"},{"@type":"ListItem","position":2,"name":"Ako fotograf \u010d\u00edta sc\u00e9nu \u2013 \u010do si profesion\u00e1l v\u0161imne sk\u00f4r ne\u017e vytiahne fotoapar\u00e1t"}]},{"@type":"WebSite","@id":"https:\/\/fotografovanie.eu\/#website","url":"https:\/\/fotografovanie.eu\/","name":"Modern\u00fd magaz\u00edn o fotografii","description":"","publisher":{"@id":"https:\/\/fotografovanie.eu\/#organization"},"potentialAction":[{"@type":"SearchAction","target":{"@type":"EntryPoint","urlTemplate":"https:\/\/fotografovanie.eu\/?s={search_term_string}"},"query-input":{"@type":"PropertyValueSpecification","valueRequired":true,"valueName":"search_term_string"}}],"inLanguage":"en-GB"},{"@type":"Organization","@id":"https:\/\/fotografovanie.eu\/#organization","name":"Fotografovanie.eu","alternateName":"Blog o fotografovan\u00ed","url":"https:\/\/fotografovanie.eu\/","logo":{"@type":"ImageObject","inLanguage":"en-GB","@id":"https:\/\/fotografovanie.eu\/#\/schema\/logo\/image\/","url":"https:\/\/fotografovanie.eu\/wp-content\/uploads\/2026\/01\/cropped-0aaf3e3322a519e411873510629b829197a60c1506f5632424da96c13ebeedf4-2.webp","contentUrl":"https:\/\/fotografovanie.eu\/wp-content\/uploads\/2026\/01\/cropped-0aaf3e3322a519e411873510629b829197a60c1506f5632424da96c13ebeedf4-2.webp","width":85,"height":62,"caption":"Fotografovanie.eu"},"image":{"@id":"https:\/\/fotografovanie.eu\/#\/schema\/logo\/image\/"}},{"@type":"Person","@id":"https:\/\/fotografovanie.eu\/#\/schema\/person\/b61f1c3bde5c2b19f8d96cf591b65d4b","name":"fotograf","image":{"@type":"ImageObject","inLanguage":"en-GB","@id":"https:\/\/secure.gravatar.com\/avatar\/9d9b62d4ef8f95cbb50bd1d4f4d90625767e3c665eec5470448cf0917c71e5a3?s=96&d=mm&r=g","url":"https:\/\/secure.gravatar.com\/avatar\/9d9b62d4ef8f95cbb50bd1d4f4d90625767e3c665eec5470448cf0917c71e5a3?s=96&d=mm&r=g","contentUrl":"https:\/\/secure.gravatar.com\/avatar\/9d9b62d4ef8f95cbb50bd1d4f4d90625767e3c665eec5470448cf0917c71e5a3?s=96&d=mm&r=g","caption":"fotograf"},"url":"https:\/\/fotografovanie.eu\/en\/author\/fotograf\/"}]}},"_links":{"self":[{"href":"https:\/\/fotografovanie.eu\/en\/wp-json\/wp\/v2\/posts\/14168","targetHints":{"allow":["GET"]}}],"collection":[{"href":"https:\/\/fotografovanie.eu\/en\/wp-json\/wp\/v2\/posts"}],"about":[{"href":"https:\/\/fotografovanie.eu\/en\/wp-json\/wp\/v2\/types\/post"}],"author":[{"embeddable":true,"href":"https:\/\/fotografovanie.eu\/en\/wp-json\/wp\/v2\/users\/4"}],"replies":[{"embeddable":true,"href":"https:\/\/fotografovanie.eu\/en\/wp-json\/wp\/v2\/comments?post=14168"}],"version-history":[{"count":0,"href":"https:\/\/fotografovanie.eu\/en\/wp-json\/wp\/v2\/posts\/14168\/revisions"}],"wp:featuredmedia":[{"embeddable":true,"href":"https:\/\/fotografovanie.eu\/en\/wp-json\/wp\/v2\/media\/13142"}],"wp:attachment":[{"href":"https:\/\/fotografovanie.eu\/en\/wp-json\/wp\/v2\/media?parent=14168"}],"wp:term":[{"taxonomy":"category","embeddable":true,"href":"https:\/\/fotografovanie.eu\/en\/wp-json\/wp\/v2\/categories?post=14168"},{"taxonomy":"post_tag","embeddable":true,"href":"https:\/\/fotografovanie.eu\/en\/wp-json\/wp\/v2\/tags?post=14168"}],"curies":[{"name":"wp","href":"https:\/\/api.w.org\/{rel}","templated":true}]}}